{"id":381149,"date":"2025-09-10T21:03:10","date_gmt":"2025-09-10T21:03:10","guid":{"rendered":"https:\/\/www.europesays.com\/fr\/381149\/"},"modified":"2025-09-10T21:03:10","modified_gmt":"2025-09-10T21:03:10","slug":"bloquons-tout-ce-quil-faut-retenir-de-la-mobilisation-en-gironde","status":"publish","type":"post","link":"https:\/\/www.europesays.com\/fr\/381149\/","title":{"rendered":"\u00ab\u00a0Bloquons tout\u00a0\u00bb : ce qu&rsquo;il faut retenir de la mobilisation en Gironde"},"content":{"rendered":"<p>La journ\u00e9e s&rsquo;est d\u00e9roul\u00e9e dans le calme ce mercredi en Gironde. Les manifestants se sont install\u00e9s sur quelques ronds-points strat\u00e9giques. La manifestation bordelaise a rassembl\u00e9 8.000 personnes.<\/p>\n<p>Les autorit\u00e9s s&rsquo;attendaient ce mercredi 10 septembre \u00e0 des actions diverses sur tout le territoire et notamment en Gironde, \u00e0 l&rsquo;occasion du mouvement \u00ab\u00a0Bloquons tout\u00a0\u00bb, n\u00e9 cet \u00e9t\u00e9 sur les r\u00e9seaux sociaux, que plusieurs syndicats avaient appel\u00e9 \u00e0 rejoindre. En Gironde, les blocages et les manifestations ont rassembl\u00e9 6.500 personnes selon la pr\u00e9fecture, dont 6.000 sur la seule manifestation bordelaise (12.000 selon les organisateurs et environ 8.000 selon nos estimations) et 500 \u00ab\u00a0r\u00e9partis sur la dizaine d\u2019autres points de mobilisation sur l\u2019espace public\u00a0\u00bb. ICI Gironde fait le point cette journ\u00e9e de mobilisation dans le d\u00e9partement.<\/p>\n<p>L&rsquo;essentiel<\/p>\n<ul>\n<li>A Bordeaux, environ 8.000 personnes ont d\u00e9fil\u00e9 au d\u00e9part de la place des Quinconces.<\/li>\n<li>12 personnes ont \u00e9t\u00e9 interpell\u00e9es \u00e0 Bordeaux avant et apr\u00e8s la manifestation. Quelques d\u00e9gradations ont eu lieu dans le centre-ville.<\/li>\n<li>Un manifestant a \u00e9t\u00e9 l\u00e9g\u00e8rement bless\u00e9 \u00ab\u00a0suite \u00e0 une rixe entre manifestants\u00a0\u00bb selon la pr\u00e9fecture.<\/li>\n<li>Des ronds-points ont \u00e9t\u00e9 occup\u00e9s une partie de la journ\u00e9e \u00e0 Fargues-Saint-Hilaire, La R\u00e9ole, Langon, Libourne ou Biganos.<\/li>\n<li>Dans la nuit, un blocage a \u00e9t\u00e9 emp\u00each\u00e9 au d\u00e9p\u00f4t des tramways bordelais.<\/li>\n<li>Dans les transports, le trafic a \u00e9t\u00e9 perturb\u00e9 sur les TER, la ligne Intercit\u00e9s Bordeaux-Marseille et certaines lignes de bus de l&rsquo;agglom\u00e9ration bordelaise<\/li>\n<\/ul>\n<p><img loading=\"lazy\" decoding=\"async\" class=\"VisualPreview svelte-1rldrkz\" src=\"data:image\/jpeg;base64,\/9j\/2wBDACgcHiMeGSgjISMtKygwPGRBPDc3PHtYXUlkkYCZlo+AjIqgtObDoKrarYqMyP\/L2u71\/\/\/\/m8H\/\/\/\/6\/+b9\/\/j\/2wBDASstLTw1PHZBQXb4pYyl+Pj4+Pj4+Pj4+Pj4+Pj4+Pj4+Pj4+Pj4+Pj4+Pj4+Pj4+Pj4+Pj4+Pj4+Pj4+Pj4+Pj\/wAARCAAfACoDASIAAhEBAxEB\/8QAGAABAQEBAQAAAAAAAAAAAAAAAgEDAAT\/xAAYEAEBAQEBAAAAAAAAAAAAAAAAAQIREv\/EABYBAAMAAAAAAAAAAAAAAAAAAAABAv\/EABYRAQEBAAAAAAAAAAAAAAAAAAABEf\/aAAwDAQACEQMRAD8A8kPKcWQoda5ps8muVGJQKiVoxPKzJ8WRK0kJeOpgKB0eAP\/Z\" alt=\"A Bordeaux, environ 3000 personnes se sont rassembl\u00e9es place des Quinconces avant de manifester dans le centre-ville\" width=\"600\" height=\"450\"\/>  A Bordeaux, environ 3000 personnes se sont rassembl\u00e9es place des Quinconces avant de manifester dans le centre-ville \u00a9 Radio France &#8211; Alice MarotDes actions en Gironde<\/p>\n<p>La circulation a \u00e9t\u00e9 filtr\u00e9e sur plusieurs ronds-points. <strong>\u00c0 Langon, le rond-point d\u2019Aquitaine a \u00e9t\u00e9 occup\u00e9 par une centaine de personnes<\/strong> (avec d\u00e9ploiement de banderoles). \u00c0 Fargues-Saint-Hilaire, une cinquantaine de manifestants ont pris position sur le rond-point d&rsquo;entr\u00e9e vers la m\u00e9tropole bordelaise. La circulation n&rsquo;a pas \u00e9t\u00e9 coup\u00e9e, mais le filtrage a provoqu\u00e9 de gros ralentissements. \u00c0 Coutras, un rassemblement a \u00e9t\u00e9 organis\u00e9 au niveau du rond-point du McDonald&rsquo;s. Un autre pr\u00e8s du centre commercial Auchan \u00e0 Biganos. Des manifestants se sont \u00e9galement mobilis\u00e9s \u00e0 Libourne. \u00c0 Bordeaux, un rassemblement du collectif f\u00e9ministe a eu lieu au niveau du rond-point devant la biblioth\u00e8que M\u00e9riadeck dans le centre-ville.<\/p>\n<p>\u00ab\u00a0Il n&rsquo;y a pas de redistribution de l&rsquo;argent du travail, d\u00e9clare Cathy, l&rsquo;une des personnes mobilis\u00e9es sur le rond-point de Fargues-St-Hilaire. Et quand il n&rsquo;y a pas de partage, forc\u00e9ment il y a crise. Et ce qui est en train de se passer l\u00e0, c&rsquo;est grave parce qu&rsquo;on nous manipule en disant qu&rsquo;il y a des assist\u00e9s et des \u00e9trangers qui abusent du syst\u00e8me. Mais les vrais assist\u00e9s, ce sont les riches puisqu&rsquo;ils ne participent \u00e0 aucun effort. 211 milliards d&rsquo;aides publiques chaque ann\u00e9e pour les entreprises et on ne demande aucune contrepartie alors qu&rsquo;on demande des contreparties \u00e0 l&rsquo;ouvrier, mais au monde de l&rsquo;entreprise, on ne lui demande rien. Le CAC40 se porte tr\u00e8s bien, les syst\u00e8mes boursiers se portent tr\u00e8s bien, donc on voit bien que l&rsquo;argent, il est l\u00e0, il faut le reprendre.\u00a0\u00bb<\/p>\n<p>Vers 4h30,\u00a0<strong>le d\u00e9p\u00f4t tram K\u00e9olis, dans le quartier de la Bastide \u00e0 Bordeaux, a \u00e9t\u00e9 bloqu\u00e9 par une cinquantaine de personnes<\/strong>. Les forces de s\u00e9curit\u00e9 sont intervenues et l\u2019attroupement a \u00e9t\u00e9 dispers\u00e9 dans le calme. Le trafic a pu reprendre normalement \u00e0 5h.<\/p>\n<p>Rassemblement \u00e0 Bordeaux<\/p>\n<p>\u00c0 midi, environ 8.000 personnes rassembl\u00e9es place des Quinconces \u00e0 Bordeaux selon notre reporter sur place (12.000 selon les organisateurs, 6.000 selon la pr\u00e9fecture). Une manifestation qui s&rsquo;est d\u00e9roul\u00e9e dans le calme. Les forces de l\u2019ordre ont n\u00e9anmoins proc\u00e9d\u00e9 \u00e0 12 interpellations. Deux interpellations ont eu lieu avant le cort\u00e8ge suite \u00e0 un refus de contr\u00f4le (place Pey-Berland) et au port d&rsquo;une arme blanche (place des Quinconces). En fin de cort\u00e8ge, d&rsquo;autres personnes ont \u00e9t\u00e9 arr\u00eat\u00e9es, dont une interpellation rue porte Dijeaux d\u2019un individu porteur d\u2019un marteau et d\u2019un tournevis, et une autre rue Sainte-Catherine pour d\u00e9gradation d\u2019une fa\u00e7ade de commerce.<\/p>\n<p><img loading=\"lazy\" decoding=\"async\" class=\"VisualPreview svelte-1rldrkz\" src=\"data:image\/jpeg;base64,\/9j\/2wBDACgcHiMeGSgjISMtKygwPGRBPDc3PHtYXUlkkYCZlo+AjIqgtObDoKrarYqMyP\/L2u71\/\/\/\/m8H\/\/\/\/6\/+b9\/\/j\/2wBDASstLTw1PHZBQXb4pYyl+Pj4+Pj4+Pj4+Pj4+Pj4+Pj4+Pj4+Pj4+Pj4+Pj4+Pj4+Pj4+Pj4+Pj4+Pj4+Pj4+Pj\/wAARCAAfACoDASIAAhEBAxEB\/8QAFgABAQEAAAAAAAAAAAAAAAAAAgEA\/8QAFhABAQEAAAAAAAAAAAAAAAAAAAER\/8QAFgEBAQEAAAAAAAAAAAAAAAAAAAEC\/8QAFREBAQAAAAAAAAAAAAAAAAAAABH\/2gAMAwEAAhEDEQA\/AIowozGlRWqoFEqgLCFtRS1h1QZMJsKR\/9k=\" alt=\"Des manifestants sur la place des Quinconces \u00e0 Bordeaux\" width=\"600\" height=\"450\"\/>  Des manifestants sur la place des Quinconces \u00e0 Bordeaux \u00a9 Radio France &#8211; Alice Marot<\/p>\n<p>Selon la pr\u00e9fecture, \u00ab\u00a0en marge du cort\u00e8ge \u00e0 Bordeaux, quelques d\u00e9gradations ont \u00e9t\u00e9 commises sur des fa\u00e7ades ou du mobilier urbain et deux poubelles ont \u00e9t\u00e9 incendi\u00e9es\u00a0\u00bb.\u00a0Un manifestant \u00ab\u00a0a \u00e9t\u00e9 l\u00e9g\u00e8rement bless\u00e9 suite \u00e0 une rixe entre manifestants\u00a0\u00bb. Aucun autre bless\u00e9 n&rsquo;est \u00e0 d\u00e9plorer ni parmi les manifestants ni parmi les forces de l\u2019ordre.<\/p>\n<p>Quelques d\u00e9gradations \u00e0 l&rsquo;issue de la manifestation<\/p>\n<p>Plusieurs centaines de personnes se sont regroup\u00e9es dans l&rsquo;apr\u00e8s-midi place de la Victoire \u00e0 Bordeaux pour une assembl\u00e9e g\u00e9n\u00e9rale des \u00e9tudiants. Quelques dizaines de personnes ont constitu\u00e9 des barricades et jet\u00e9 des projectiles en direction des forces de l\u2019ordre. Deux individus ont \u00e9t\u00e9 interpell\u00e9s pour des faits de violence avec armes et jets de projectiles contre les fonctionnaires de police. Le regroupement a ensuite \u00e9t\u00e9 dispers\u00e9 par les forces de l&rsquo;ordre. \u00ab\u00a0Les forces de l\u2019ordre ont d\u00fb recourir \u00e0 l\u2019usage de gaz lacrymog\u00e8nes et de lanceurs de balle de d\u00e9fense (deux tirs) pour contenir quelques dizaines d\u2019individus virulents\u00a0\u00bb, indique la pr\u00e9fecture.<\/p>\n<p><img loading=\"lazy\" decoding=\"async\" class=\"VisualPreview svelte-1rldrkz\" src=\"data:image\/jpeg;base64,\/9j\/2wBDACgcHiMeGSgjISMtKygwPGRBPDc3PHtYXUlkkYCZlo+AjIqgtObDoKrarYqMyP\/L2u71\/\/\/\/m8H\/\/\/\/6\/+b9\/\/j\/2wBDASstLTw1PHZBQXb4pYyl+Pj4+Pj4+Pj4+Pj4+Pj4+Pj4+Pj4+Pj4+Pj4+Pj4+Pj4+Pj4+Pj4+Pj4+Pj4+Pj4+Pj\/wAARCAAfACoDASIAAhEBAxEB\/8QAGAAAAwEBAAAAAAAAAAAAAAAAAAIDAQT\/xAAXEAEBAQEAAAAAAAAAAAAAAAAAAREC\/8QAFQEBAQAAAAAAAAAAAAAAAAAAAAH\/xAAUEQEAAAAAAAAAAAAAAAAAAAAA\/9oADAMBAAIRAxEAPwDl5ivJJDxBXmqSow8oKaNJo0VzQ8hYpIqNkaMbgMGisB\/\/2Q==\" alt=\"Une mini-barricade sur le cours Victor Hugo \u00e0 Bordeaux.\" width=\"600\" height=\"450\"\/>  Une mini-barricade sur le cours Victor Hugo \u00e0 Bordeaux. \u00a9 Radio France &#8211; Alice MarotLes transports perturb\u00e9s<\/p>\n<p><strong>Le trafic ferroviaire a \u00e9t\u00e9 perturb\u00e9<\/strong> sur une partie des lignes nationales selon la SNCF\u00a0:<\/p>\n<ul>\n<li>Des d\u00e9gradations de c\u00e2bles entre Marmande et Agen dans le Lot et Garonne ont entra\u00een\u00e9 des perturbations entre Bordeaux et Toulouse. Les trains \u00e0 grande vitesse TGV Inoui, Ouigo et internationaux ont circul\u00e9 normalement.<\/li>\n<li>Quatre trains Intercit\u00e9s au d\u00e9part de Bordeaux et \u00e0 destination de Marseille ont \u00e9t\u00e9 supprim\u00e9s.<\/li>\n<\/ul>\n<p><strong>Dans la m\u00e9tropole bordelaise<\/strong>, les trams ont circul\u00e9 quasi normalement, sauf sur le parcours de la manifestation. La fr\u00e9quence de certaines lignes de bus a \u00e9t\u00e9 adapt\u00e9e,\u00a0<a class=\"IciLink ici-link IciArticleLink g-ici-body-regular-1 underline brand svelte-lu7k6w\" href=\"https:\/\/www.francebleu.fr\/infos\/economie-social\/bloquons-tout-des-perturbations-dans-les-transports-a-prevoir-le-mercredi-10-septembre-a-bordeaux-et-en-gironde-8233940\" rel=\"nofollow noopener\" target=\"_blank\">comme avait pr\u00e9venu TBM mardi.<\/a><\/p>\n","protected":false},"excerpt":{"rendered":"La journ\u00e9e s&rsquo;est d\u00e9roul\u00e9e dans le calme ce mercredi en Gironde. Les manifestants se sont install\u00e9s sur quelques&hellip;\n","protected":false},"author":2,"featured_media":381150,"comment_status":"","ping_status":"","sticky":false,"template":"","format":"standard","meta":{"footnotes":""},"categories":[2817],"tags":[1111,11,1997,1777,674,1011,27,12,2219,25],"class_list":{"0":"post-381149","1":"post","2":"type-post","3":"status-publish","4":"format-standard","5":"has-post-thumbnail","7":"category-bordeaux","8":"tag-actu","9":"tag-actualites","10":"tag-bordeaux","11":"tag-eu","12":"tag-europe","13":"tag-fr","14":"tag-france","15":"tag-news","16":"tag-nouvelle-aquitaine","17":"tag-republique-francaise"},"share_on_mastodon":{"url":"https:\/\/pubeurope.com\/@fr\/115182030230335737","error":""},"_links":{"self":[{"href":"https:\/\/www.europesays.com\/fr\/wp-json\/wp\/v2\/posts\/381149","targetHints":{"allow":["GET"]}}],"collection":[{"href":"https:\/\/www.europesays.com\/fr\/wp-json\/wp\/v2\/posts"}],"about":[{"href":"https:\/\/www.europesays.com\/fr\/wp-json\/wp\/v2\/types\/post"}],"author":[{"embeddable":true,"href":"https:\/\/www.europesays.com\/fr\/wp-json\/wp\/v2\/users\/2"}],"replies":[{"embeddable":true,"href":"https:\/\/www.europesays.com\/fr\/wp-json\/wp\/v2\/comments?post=381149"}],"version-history":[{"count":0,"href":"https:\/\/www.europesays.com\/fr\/wp-json\/wp\/v2\/posts\/381149\/revisions"}],"wp:featuredmedia":[{"embeddable":true,"href":"https:\/\/www.europesays.com\/fr\/wp-json\/wp\/v2\/media\/381150"}],"wp:attachment":[{"href":"https:\/\/www.europesays.com\/fr\/wp-json\/wp\/v2\/media?parent=381149"}],"wp:term":[{"taxonomy":"category","embeddable":true,"href":"https:\/\/www.europesays.com\/fr\/wp-json\/wp\/v2\/categories?post=381149"},{"taxonomy":"post_tag","embeddable":true,"href":"https:\/\/www.europesays.com\/fr\/wp-json\/wp\/v2\/tags?post=381149"}],"curies":[{"name":"wp","href":"https:\/\/api.w.org\/{rel}","templated":true}]}}