{"id":381151,"date":"2025-09-10T21:04:14","date_gmt":"2025-09-10T21:04:14","guid":{"rendered":"https:\/\/www.europesays.com\/fr\/381151\/"},"modified":"2025-09-10T21:04:14","modified_gmt":"2025-09-10T21:04:14","slug":"a-toulouse-les-greffiers-des-tribunaux-de-commerce-confrontent-lia-aux-exigences-dethique","status":"publish","type":"post","link":"https:\/\/www.europesays.com\/fr\/381151\/","title":{"rendered":"\u00c0 Toulouse, les greffiers des tribunaux de commerce confrontent l\u2019IA aux exigences d\u2019\u00e9thique"},"content":{"rendered":"<p>\n                                                                    l&rsquo;essentiel<br \/>\n                                                                Ce 11\u00a0septembre, les greffiers des tribunaux de commerce se r\u00e9unissent \u00e0 Toulouse pour leur congr\u00e8s annuel. Au c\u0153ur des d\u00e9bats, notamment, l\u2019intelligence artificielle, ses promesses, ses limites et les enjeux \u00e9thiques qui en d\u00e9coulent.\n                            <\/p>\n<p>Ils ont un r\u00f4le cl\u00e9 au sein des tribunaux de commerce, assurent des\u00a0t\u00e2ches administratives, assistent le juge mais aident aussi les soci\u00e9t\u00e9s en prise aux difficult\u00e9s.<\/p>\n<p>Ce jeudi, ils ont rendez-vous au Centre des Congr\u00e8s Pierre-Baudis de Toulouse\u00a0pour le\u00a0137\u1d49 congr\u00e8s national des greffiers des tribunaux de commerce. Cette nouvelle \u00e9dition plac\u00e9e sous le th\u00e8me \u00ab\u00a0Innover avec responsabilit\u00e9, agir avec \u00e9thique\u00a0\u00bb explorera les implications croissantes de l\u2019intelligence artificielle dans le monde judiciaire.<\/p>\n<p>\u00ab\u00a0L\u2019IA bouleverse les rep\u00e8res, interroge les pratiques et ouvre des perspectives aussi complexes que stimulantes\u00a0\u00bb, affirme Ma\u00eetre Victor Geneste, pr\u00e9sident du Conseil national des greffiers des tribunaux de commerce. L\u2019intelligence artificielle, per\u00e7ue comme un levier de modernisation mais aussi comme un d\u00e9fi dans l\u2019exercice quotidien des juridictions commerciales, sera abord\u00e9e \u00e0 travers des tables rondes et interventions d\u2019experts aux profils vari\u00e9s.<\/p>\n<p>La matin\u00e9e d\u00e9butera avec une r\u00e9flexion sur l\u2019intelligence humaine, introduite par le professeur Yves Agid, neurologue et membre de l\u2019Acad\u00e9mie des sciences. Suivra une conf\u00e9rence du normalien Philippe Dewost sur les promesses et les limites de l\u2019IA. Le congr\u00e8s pr\u00e9voit \u00e9galement la remise du Prix des Masters 2025, puis un d\u00e9jeuner et des moments d\u2019\u00e9change avec les partenaires pr\u00e9sents.<\/p>\n<p>L\u2019apr\u00e8s-midi s\u2019articulera autour de deux temps forts\u00a0: une premi\u00e8re table ronde sur l\u2019usage de l\u2019IA dans les professions juridiques r\u00e9unira avocats, notaires, greffiers, juges et administrateurs judiciaires. Une seconde, plus transversale, s\u2019int\u00e9ressera \u00e0 la r\u00e9gulation, \u00e0 l\u2019\u00e9thique et \u00e0 l\u2019efficacit\u00e9 de ces technologies dans l\u2019exercice du droit.<\/p>\n<p>Enfin, les allocutions de personnalit\u00e9s politiques et universitaires viendront conclure cette journ\u00e9e plac\u00e9e sous le signe du dialogue entre intelligences naturelle et artificielle.<\/p>\n","protected":false},"excerpt":{"rendered":"l&rsquo;essentiel Ce 11\u00a0septembre, les greffiers des tribunaux de commerce se r\u00e9unissent \u00e0 Toulouse pour leur congr\u00e8s annuel. Au&hellip;\n","protected":false},"author":2,"featured_media":381152,"comment_status":"","ping_status":"","sticky":false,"template":"","format":"standard","meta":{"footnotes":""},"categories":[2816],"tags":[1111,11,1777,674,1011,27,12,2680,25,2312],"class_list":{"0":"post-381151","1":"post","2":"type-post","3":"status-publish","4":"format-standard","5":"has-post-thumbnail","7":"category-toulouse","8":"tag-actu","9":"tag-actualites","10":"tag-eu","11":"tag-europe","12":"tag-fr","13":"tag-france","14":"tag-news","15":"tag-occitanie","16":"tag-republique-francaise","17":"tag-toulouse"},"share_on_mastodon":{"url":"https:\/\/pubeurope.com\/@fr\/115182034357054955","error":""},"_links":{"self":[{"href":"https:\/\/www.europesays.com\/fr\/wp-json\/wp\/v2\/posts\/381151","targetHints":{"allow":["GET"]}}],"collection":[{"href":"https:\/\/www.europesays.com\/fr\/wp-json\/wp\/v2\/posts"}],"about":[{"href":"https:\/\/www.europesays.com\/fr\/wp-json\/wp\/v2\/types\/post"}],"author":[{"embeddable":true,"href":"https:\/\/www.europesays.com\/fr\/wp-json\/wp\/v2\/users\/2"}],"replies":[{"embeddable":true,"href":"https:\/\/www.europesays.com\/fr\/wp-json\/wp\/v2\/comments?post=381151"}],"version-history":[{"count":0,"href":"https:\/\/www.europesays.com\/fr\/wp-json\/wp\/v2\/posts\/381151\/revisions"}],"wp:featuredmedia":[{"embeddable":true,"href":"https:\/\/www.europesays.com\/fr\/wp-json\/wp\/v2\/media\/381152"}],"wp:attachment":[{"href":"https:\/\/www.europesays.com\/fr\/wp-json\/wp\/v2\/media?parent=381151"}],"wp:term":[{"taxonomy":"category","embeddable":true,"href":"https:\/\/www.europesays.com\/fr\/wp-json\/wp\/v2\/categories?post=381151"},{"taxonomy":"post_tag","embeddable":true,"href":"https:\/\/www.europesays.com\/fr\/wp-json\/wp\/v2\/tags?post=381151"}],"curies":[{"name":"wp","href":"https:\/\/api.w.org\/{rel}","templated":true}]}}