{"id":381153,"date":"2025-09-10T21:05:15","date_gmt":"2025-09-10T21:05:15","guid":{"rendered":"https:\/\/www.europesays.com\/fr\/381153\/"},"modified":"2025-09-10T21:05:15","modified_gmt":"2025-09-10T21:05:15","slug":"fin-de-manifestation-bilan-du-mouvement-bloquons-tout-a-toulouse","status":"publish","type":"post","link":"https:\/\/www.europesays.com\/fr\/381153\/","title":{"rendered":"Fin de manifestation, bilan du mouvement \u00ab\u00a0Bloquons Tout\u00a0\u00bb \u00e0 Toulouse"},"content":{"rendered":"<p class=\"article__intro\">Alors que des heurts sont encore en cours dans certains quartiers de Toulouse (Haute-Garonne), retour sur cette journ\u00e9e particuli\u00e8re du 10 septembre 2025 o\u00f9 des dizaines de milliers de manifestants ont r\u00e9pondu \u00e0 l&rsquo;appel du mouvement \u00ab\u00a0Bloquons Tout\u00a0\u00bb.<\/p>\n<p>\n      La Quotidienne Soci\u00e9t\u00e9\n    <\/p>\n<p>\n      De la vie quotidienne aux grands enjeux, recevez tous les jours les sujets qui font la soci\u00e9t\u00e9 locale, comme la justice, l\u2019\u00e9ducation, la sant\u00e9 et la famille.\n    <\/p>\n<p>    France T\u00e9l\u00e9visions utilise votre adresse e-mail afin de vous envoyer la newsletter \u00ab\u00a0La Quotidienne Soci\u00e9t\u00e9\u00a0\u00bb. Vous pouvez vous d\u00e9sinscrire \u00e0 tout moment via le lien en bas de cette newsletter. <a target=\"_blank\" href=\"https:\/\/www.francetelevisions.fr\/groupe\/confidentialite\/politique-de-confidentialite\/politique-de-confidentialite-de-france-televisions-6503\" rel=\"nofollow noopener\">Notre politique de confidentialit\u00e9<\/a><\/p>\n<p>Les rassemblements ont \u00e9t\u00e9 nombreux sur toute la r\u00e9gion, la plupart se sont pass\u00e9s dans le calme. Des interpellations ont eu lieu. \u00c0 Toulouse, la manifestation a r\u00e9uni entre 13 000 personnes selon la police et 30 000 selon les organisateurs.<\/p>\n<\/p>\n<p>En fin de cort\u00e8ge, vers 17h, alors que le rassemblement se dispersait place Saint-Cyprien, nos journalistes sur le terrain, ont pu entendre \u00e0 la radio d&rsquo;un policier \u00ab\u00a0il ne reste que les cas \u00e0 probl\u00e8me\u00a0\u00bb.<\/p>\n<p><a data-article-figure=\"\" href=\"https:\/\/france3-regions.franceinfo.fr\/image\/AzcchpTJDLLzD68hxNfLiskQ78k\/1920x1080\/regions\/2025\/09\/10\/aviwest-degats-fin-manif-00-05-26-14-68c1be460513c757370935.jpg\" data-pswp-width=\"1920\" data-pswp-height=\"1080\" target=\"_blank\" rel=\"nofollow noopener\"><\/p>\n<p>          <img width=\"600\" height=\"400\" class=\"article-image lazy\" data-src=\"https:\/\/www.europesays.com\/fr\/wp-content\/uploads\/2025\/09\/aviwest-degats-fin-manif-00-05-26-14-68c1be460513c757370935.jpg\" alt=\"Fin de manifestation et d\u00e9but des heurts avec la police \u00e0 Toulouse\" fetchpriority=\"high\" as=\"image\"\/><\/p>\n<p>\n            Fin de manifestation et d\u00e9but des heurts avec la police \u00e0 Toulouse<br \/>\n                           \u2022<br \/>\n                                      \u00a9 F. Desse \/ Ftv\n                      <\/p>\n<p><\/a><\/p>\n<p>Quelques minutes plus tard, des heurts ont \u00e9clat\u00e9, des \u00e9changes de projectiles (pierres et bouteilles) des derniers manifestants contre les lacrymog\u00e8nes des policiers.<\/p>\n<p><a data-article-figure=\"\" href=\"https:\/\/france3-regions.franceinfo.fr\/image\/KqdwZIBNJSSIXwzNz_H8wtuiNP0\/1920x1080\/regions\/2025\/09\/10\/degats-fin-manif-00-02-35-01-68c1bda187003439807644.jpg\" data-pswp-width=\"1920\" data-pswp-height=\"1080\" target=\"_blank\" rel=\"nofollow noopener\"><\/p>\n<p>          <img width=\"600\" height=\"400\" class=\"article-image lazy\" data-src=\"https:\/\/www.europesays.com\/fr\/wp-content\/uploads\/2025\/09\/degats-fin-manif-00-02-35-01-68c1bda187003439807644.jpg\" alt=\"Fin de manifestation du 10 septembre 2025 et d\u00e9but des heurts quartier Saint-Cyprien \u00e0 Toulouse (Haute-Garonne)\" fetchpriority=\"high\" as=\"image\"\/><\/p>\n<p>\n            Fin de manifestation du 10 septembre 2025 et d\u00e9but des heurts quartier Saint-Cyprien \u00e0 Toulouse (Haute-Garonne)<br \/>\n                           \u2022<br \/>\n                                      \u00a9 F. Desse \/ Ftv\n                      <\/p>\n<p><\/a><\/p>\n<p>Le mouvement s&rsquo;est d\u00e9plac\u00e9 dans les petites rues aux alentours et des poubelles ont \u00e9t\u00e9 br\u00fbl\u00e9es, ce qui a incendi\u00e9 trois voitures en stationnement.<\/p>\n<p><a data-article-figure=\"\" href=\"https:\/\/france3-regions.franceinfo.fr\/image\/XJ0J-F0GRP-XkJCALT8NNdvKXCg\/1920x1080\/regions\/2025\/09\/10\/feu-fin-manif-00-09-29-07-68c1bede8cc74519335689.jpg\" data-pswp-width=\"1920\" data-pswp-height=\"1080\" target=\"_blank\" rel=\"nofollow noopener\"><\/p>\n<p>          <img width=\"600\" height=\"400\" class=\"article-image lazy\" data-src=\"https:\/\/www.europesays.com\/fr\/wp-content\/uploads\/2025\/09\/feu-fin-manif-00-09-29-07-68c1bede8cc74519335689.jpg\" alt=\"Des poubelles incendi\u00e9es rue des Fontaines, dans le quartier Saint-Cyprien \u00e0 Toulouse\" fetchpriority=\"high\" as=\"image\"\/><\/p>\n<p>\n            Des poubelles incendi\u00e9es rue des Fontaines, dans le quartier Saint-Cyprien \u00e0 Toulouse<br \/>\n                           \u2022<br \/>\n                                      \u00a9 F. Desse \/ Ftv\n                      <\/p>\n<p><\/a><\/p>\n<p>Les d\u00e9g\u00e2ts sont encore visibles dans la rue des Fontaines \u00e0 Toulouse, dans la soir\u00e9e.<\/p>\n<p><a data-article-figure=\"\" href=\"https:\/\/france3-regions.franceinfo.fr\/image\/F1KHI2JJMvfNV-Dssev1oyLhXc0\/1200x1600\/regions\/2025\/09\/10\/restes-des-poubelles-incendiees-ce-10-septembre-2025-a-toulouse-68c1da20d0fe5164459644.jpg\" data-pswp-width=\"1200\" data-pswp-height=\"1600\" target=\"_blank\" rel=\"nofollow noopener\"><\/p>\n<p>          <img width=\"600\" height=\"400\" class=\"article-image lazy\" data-src=\"https:\/\/www.europesays.com\/fr\/wp-content\/uploads\/2025\/09\/restes-des-poubelles-incendiees-ce-10-septembre-2025-a-toulouse-68c1da20d0fe5164459644.jpg\" alt=\"restes des poubelles incendi\u00e9es ce 10 septembre 2025 dans le quartier Saint-Cyprien \u00e0 Toulouse\" fetchpriority=\"high\" as=\"image\"\/><\/p>\n<p>\n            restes des poubelles incendi\u00e9es ce 10 septembre 2025 dans le quartier Saint-Cyprien \u00e0 Toulouse<br \/>\n                           \u2022<br \/>\n                                      \u00a9 V. Beaulieu \/ Ftv\n                      <\/p>\n<p><\/a><\/p>\n<p>Les trois v\u00e9hicules endommag\u00e9s par les feux de poubelles sont encore sur place.<\/p>\n<p><a data-article-figure=\"\" href=\"https:\/\/france3-regions.franceinfo.fr\/image\/3qQvdzUxMPrz1Uhc4_zNnKHycy0\/1200x1600\/regions\/2025\/09\/10\/voiture-incendiee-68c1d9d7096b0032881264.jpg\" data-pswp-width=\"1200\" data-pswp-height=\"1600\" target=\"_blank\" rel=\"nofollow noopener\"><\/p>\n<p>          <img width=\"600\" height=\"400\" class=\"article-image lazy\" data-src=\"https:\/\/www.europesays.com\/fr\/wp-content\/uploads\/2025\/09\/voiture-incendiee-68c1d9d7096b0032881264.jpg\" alt=\"v\u00e9hicule incendi\u00e9 suite aux feux de poubelles \u00e0 Toulouse ce 10 septembre 2025\" fetchpriority=\"high\" as=\"image\"\/><\/p>\n<p>\n            v\u00e9hicule incendi\u00e9 suite aux feux de poubelles \u00e0 Toulouse ce 10 septembre 2025<br \/>\n                           \u2022<br \/>\n                                      \u00a9 V. Beaulieu \/ Ftv\n                      <\/p>\n<p><\/a><\/p>\n<p>Certains t\u00e9moignages rapportent des arrestations abusives \u00e0 la terrasse de caf\u00e9s sur la place du Ravelin, dans le quartier Saint-Cyprien \u00e0 Toulouse.<\/p>\n<p>Invit\u00e9 de notre journal de 19h, le pr\u00e9fet de la Haute-Garonne, Pierre-Andr\u00e9 Durand annonce 61 interpellations sur le d\u00e9partement.<\/p>\n<blockquote class=\"ftvi_content_quote\">\n<p class=\"ftvi_citation_quote\">Il faut distinguer le fait de manifester et les actions violentes. L&rsquo;incendie d&rsquo;une ligne \u00e9lectrique \u00e0 Saint-Martin du Touch est une action de sabotage. Les actions criminelles seront \u00e9videmment r\u00e9prim\u00e9es.<\/p>\n<p>Pierre-Andr\u00e9 Durand &#8211; pr\u00e9fet de la Haute-Garonne<\/p>\n<\/blockquote>\n<p>Des policiers de la BAC (brigade anticriminalit\u00e9) ont \u00e9t\u00e9 d\u00e9ploy\u00e9s dans le quartier pour ce d\u00e9but de soir\u00e9e.<\/p>\n","protected":false},"excerpt":{"rendered":"Alors que des heurts sont encore en cours dans certains quartiers de Toulouse (Haute-Garonne), retour sur cette journ\u00e9e&hellip;\n","protected":false},"author":2,"featured_media":381154,"comment_status":"","ping_status":"","sticky":false,"template":"","format":"standard","meta":{"footnotes":""},"categories":[2816],"tags":[1111,11,1777,674,1011,27,12,2680,25,2312],"class_list":{"0":"post-381153","1":"post","2":"type-post","3":"status-publish","4":"format-standard","5":"has-post-thumbnail","7":"category-toulouse","8":"tag-actu","9":"tag-actualites","10":"tag-eu","11":"tag-europe","12":"tag-fr","13":"tag-france","14":"tag-news","15":"tag-occitanie","16":"tag-republique-francaise","17":"tag-toulouse"},"share_on_mastodon":{"url":"https:\/\/pubeurope.com\/@fr\/115182038256615233","error":""},"_links":{"self":[{"href":"https:\/\/www.europesays.com\/fr\/wp-json\/wp\/v2\/posts\/381153","targetHints":{"allow":["GET"]}}],"collection":[{"href":"https:\/\/www.europesays.com\/fr\/wp-json\/wp\/v2\/posts"}],"about":[{"href":"https:\/\/www.europesays.com\/fr\/wp-json\/wp\/v2\/types\/post"}],"author":[{"embeddable":true,"href":"https:\/\/www.europesays.com\/fr\/wp-json\/wp\/v2\/users\/2"}],"replies":[{"embeddable":true,"href":"https:\/\/www.europesays.com\/fr\/wp-json\/wp\/v2\/comments?post=381153"}],"version-history":[{"count":0,"href":"https:\/\/www.europesays.com\/fr\/wp-json\/wp\/v2\/posts\/381153\/revisions"}],"wp:featuredmedia":[{"embeddable":true,"href":"https:\/\/www.europesays.com\/fr\/wp-json\/wp\/v2\/media\/381154"}],"wp:attachment":[{"href":"https:\/\/www.europesays.com\/fr\/wp-json\/wp\/v2\/media?parent=381153"}],"wp:term":[{"taxonomy":"category","embeddable":true,"href":"https:\/\/www.europesays.com\/fr\/wp-json\/wp\/v2\/categories?post=381153"},{"taxonomy":"post_tag","embeddable":true,"href":"https:\/\/www.europesays.com\/fr\/wp-json\/wp\/v2\/tags?post=381153"}],"curies":[{"name":"wp","href":"https:\/\/api.w.org\/{rel}","templated":true}]}}