{"id":381155,"date":"2025-09-10T21:06:27","date_gmt":"2025-09-10T21:06:27","guid":{"rendered":"https:\/\/www.europesays.com\/fr\/381155\/"},"modified":"2025-09-10T21:06:27","modified_gmt":"2025-09-10T21:06:27","slug":"que-voir-a-lopera-de-lille-en-2025-et-2026-10-09-2025","status":"publish","type":"post","link":"https:\/\/www.europesays.com\/fr\/381155\/","title":{"rendered":"Que voir \u00e0 l&rsquo;Op\u00e9ra de Lille en 2025 et 2026 ? &#8211; 10\/09\/2025"},"content":{"rendered":"<p>Entre grands titres du r\u00e9pertoire et cr\u00e9ations plus inattendues, la saison promet des d\u00e9couvertes et des nouveaut\u00e9s \u00e0 l&rsquo;Op\u00e9ra de Lille. Barbara Eckle, la nouvelle directrice du lieu, recommande les rendez-vous \u00e0 ne pas manquer cette ann\u00e9e.<\/p>\n<p>La rentr\u00e9e culturelle lilloise ne se r\u00e9sume pas aux nouvelles expos et concerts \u00e0 venir. L\u2019Op\u00e9ra de Lille, lui aussi, a repris du service. Et il n&rsquo;est pas le seul \u00e0 avoir fait sa rentr\u00e9e car il a accueilli une nouvelle directrice, Barbara Eckle, qui compte bien mettre sa touche \u00e0 l&rsquo;Op\u00e9ra.\u00a0<\/p>\n<p>C&rsquo;est chose faite avec la nouvelle programmation. \u00ab\u00a0Nous avons construit le programme comme des constellations cette saison. Chaque constellation regroupe diff\u00e9rents rendez-vous en \u00e9cho aux th\u00e9matiques d&rsquo;un op\u00e9ra. La constellation d\u2019automne se d\u00e9ploie autour de &lsquo;L&rsquo;\u00c9cume des jours&rsquo; d&rsquo;\u00c9dison Denisov\u00a0\u00bb, pr\u00e9sente la directrice.<\/p>\n<p>Pour chaque saison, 4 \u00e0 5 grands rendez-vous sont propos\u00e9s, dont les op\u00e9ras qui donneront plusieurs repr\u00e9sentations. Alors on a demand\u00e9 \u00e0 Barbara Eckle ceux qu&rsquo;il ne fallait pas manquer.\u00a0<\/p>\n<p>Les op\u00e9ras coups de c\u0153ur\u00a0<\/p>\n<p>Si vous avez \u00e9t\u00e9 assidu\u00b7es en cours de fran\u00e7ais, vous devez conna\u00eetre L\u2019\u00c9cume des jours.\u00a0C\u2019est l\u2019histoire culte de Boris Vian : Colin tombe fou amoureux de Chlo\u00e9, mais leur idylle d\u00e9raille quand un n\u00e9nuphar commence \u00e0 pousser dans ses poumons. Autour d\u2019eux, un monde d\u00e9jant\u00e9 o\u00f9 les pi\u00e8ces rapetissent, les objets s\u2019animent et la joie se fissure peu \u00e0 peu. C\u2019est dr\u00f4le, absurde, mais aussi ultra touchant.<\/p>\n<p>En 1981, le compositeur russe Edison Denisov a transform\u00e9 ce roman en op\u00e9ra : une musique explosive \u00ab\u00a0beaucoup de jazz, de chants d&rsquo;\u00e9glise russe orthodoxe\u00a0\u00bb, commente Barbara, mais surtout moderne, qui m\u00e9lange douceur et chaos pour recr\u00e9er l&rsquo;esprit surr\u00e9aliste de Vian. \u00ab\u00a0C&rsquo;est un op\u00e9ra que j&rsquo;adore qui m\u00e9rite d&rsquo;\u00eatre red\u00e9couvert en France\u00a0\u00bb, poursuit la directrice.<\/p>\n<p>\ud83d\udcc5 du 5 au 15 novembre<br \/>\ud83c\udfab <a target=\"_blank\" href=\"https:\/\/billetterie.opera-lille.fr\/selection\/event\/date?productId=10229372614292&amp;gtmStepTracking=true\" rel=\"nofollow noopener\">billetterie<\/a> (d\u00e8s 5\u20ac)<\/p>\n<ul>\n<li><b>Le Ch\u00e2teau de Barbe-Bleue<\/b><\/li>\n<\/ul>\n<p>Et si le ch\u00e2teau de Barbe-Bleue, avec ses portes myst\u00e9rieuses, parlait de nous ? Dans l\u2019op\u00e9ra de Bart\u00f3k, Judith cherche \u00e0 percer les secrets de son amant, et d\u00e9couvre, derri\u00e8re chaque porte, un fragment d\u2019ombre et de v\u00e9rit\u00e9. Pour le jeune metteur en sc\u00e8ne Jeffrey D\u00f6ring, cette l\u00e9gende devient le miroir d\u2019une autre solitude, bien r\u00e9elle : celle qui touche nos a\u00een\u00e9\u00b7es aujourd\u2019hui. Il a recueilli les t\u00e9moignages de seniors et de soignant\u00b7es, int\u00e9gr\u00e9s au c\u0153ur de la musique et de la sc\u00e8ne. R\u00e9sultat : une exp\u00e9rience immersive o\u00f9 l\u2019on se d\u00e9place parmi les chanteur\u00b7euses et les musicien\u00b7nes, au plus pr\u00e8s des voix qui s\u2019\u00e9l\u00e8vent. \u00ab\u00a0Ce Barbe-Bleue r\u00e9sonne comme une plong\u00e9e dans nos propres ch\u00e2teaux int\u00e9rieurs\u00a0\u00bb.<\/p>\n<p>\ud83d\udcc5 18 et 19 d\u00e9cembre \u00e0 l&rsquo;Op\u00e9ra de Lille \/ en janvier et f\u00e9vrier dans la m\u00e9tropole lilloise<br \/>\ud83c\udfab ouverture de la billetterie le 4 novembre<\/p>\n<p>Ralentir ou stopper le vieillissement pour d\u00e9jouer la mort, l&rsquo;humanit\u00e9 en r\u00eave depuis toujours. Ce r\u00eave, c&rsquo;est la r\u00e9alit\u00e9 d&rsquo;Elina Makroupolos qui a 337 ans gr\u00e2ce \u00e0 une potion d&rsquo;immortalit\u00e9. Une chanteuse star, sublime, mais\u2026 qui ne vieillit jamais. Dans L\u2019Affaire Makropoulos, une simple affaire d\u2019h\u00e9ritage se transforme en thriller existentiel. G\u00e9nie ou pi\u00e8ge de ne pas vieillir ? Jan\u00e1\u010dek balance une claque musicale et th\u00e9\u00e2trale qui questionne notre obsession du temps et du toujours plus. C\u2019est \u00e9trange, beau, parfois grin\u00e7ant, et \u00ab\u00a0totalement captivant, assure la directrice, cet op\u00e9ra n\u2019a rien de poussi\u00e9reux et pourrait bien vous surprendre.\u00a0\u00bb<\/p>\n<p>\ud83d\udcc5 du 5 au 16 f\u00e9vrier<br \/>\ud83c\udfab <a target=\"_blank\" href=\"https:\/\/billetterie.opera-lille.fr\/selection\/event\/date?productId=10229382119080&amp;gtmStepTracking=true\" rel=\"nofollow noopener\">billetterie<\/a> (d\u00e8s 5\u20ac)<\/p>\n<p>Avec ce nom, on ne peut pas s&#8217;emp\u00eacher de penser au spot de Marquette-lez-Lille mais non, dans cet op\u00e9ra il ne sera ni question d&rsquo;ap\u00e9ro ni de soir\u00e9es \u00e0 th\u00e8me. Les Enfants terribles de Philip Glass c&rsquo;est l&rsquo;histoire de deux ados, un fr\u00e8re et une s\u0153ur, enferm\u00e9\u00b7es dans leur bulle, une relation fusionnelle qui bascule en obsession. Entre amour, jalousie et jeux cruels, leur univers devient une cage o\u00f9 r\u00e9alit\u00e9 et fantasme se m\u00e9langent jusqu\u2019\u00e0 la trag\u00e9die. Pas de costumes poussi\u00e9reux ici : c\u2019est une plong\u00e9e dans l\u2019intensit\u00e9 de la jeunesse et ses exc\u00e8s.\u00a0\u00ab\u00a0\u00c0 la crois\u00e9e de l\u2019op\u00e9ra, de la danse et du th\u00e9\u00e2tre, Les Enfants terribles questionne la jeunesse, ses exc\u00e8s et ses vertiges, avec une force rare et contemporaine\u00a0\u00bb, souligne Barbara.<\/p>\n<p>\ud83d\udcc5 du 20 au 26 mars<br \/>\ud83c\udfab <a target=\"_blank\" href=\"https:\/\/billetterie.opera-lille.fr\/selection\/event\/date?productId=10229382119081&amp;gtmStepTracking=true\" rel=\"nofollow noopener\">billetterie<\/a> (d\u00e8s 5\u20ac)<\/p>\n<p>Il s&rsquo;agit de l&rsquo;ultime op\u00e9ra cr\u00e9\u00e9 par Mozart.\u00a0La Fl\u00fbte enchant\u00e9e, c\u2019est un peu le blockbuster de 1791. Imaginez un m\u00e9lange entre Le Seigneur des Anneaux, Harry Potter et une com\u00e9die romantique, mais en musique. On y croise un prince un peu paum\u00e9 (Tamino), une princesse \u00e0 sauver (Pamina), une reine qui balance des \u00e9clairs dignes d\u2019un film Marvel (la Reine de la Nuit), un compagnon rigolo qui ne pense qu\u2019\u00e0 manger, boire et trouver l\u2019amour (Papageno), et des \u00e9preuves initiatiques qui ressemblent \u00e0 un escape game grandeur nature.<\/p>\n<p>Ce qu\u2019il faut savoir, c\u2019est que Mozart avait pens\u00e9 cette \u0153uvre pour plaire \u00e0 tout le monde, pas seulement \u00e0 une \u00e9lite. \u00c0 l\u2019\u00e9poque, c\u2019\u00e9tait un spectacle populaire, plein de magie, d\u2019humour et d\u2019\u00e9motions. En bref, La Fl\u00fbte enchant\u00e9e, c\u2019est l\u2019op\u00e9ra qui peut r\u00e9concilier tout le monde avec l\u2019op\u00e9ra.<\/p>\n<p>\ud83d\udcc5 du 9 au 26 mai<br \/>\ud83c\udfab ouverture de la billetterie en janvier 2026<\/p>\n<p>  Des nouveaux rendez-vous<\/p>\n<p>La nouvelle directrice d\u00e9barque aussi avec des nouveaut\u00e9s au programme.\u00a0<\/p>\n<p>L&rsquo;id\u00e9e est simple : un mardi par mois, vous venez passer votre pause d\u00e9j&rsquo; \u00e0 l&rsquo;Op\u00e9ra de Lille. Des matelas seront pos\u00e9s sur le sol pour que vous puissiez vous reposer pendant 45 minutes (la dur\u00e9e du concert). Vous pourrez aussi manger avant le d\u00e9but de la repr\u00e9sentation. Ensuite vous serez pr\u00eat\u00b7es \u00e0 reprendre le boulot. \u00c9vitez juste de rentrer dans votre bureau en vous prenant pour la Castafiore, vos coll\u00e8gues vous disent d\u00e9j\u00e0 merci.\u00a0<\/p>\n<p>\ud83d\udcc5 mardi \u00e0 13h : 7 octobre, 25 novembre, 16 d\u00e9cembre, 3 f\u00e9vrier, 3 mars, 14 avril, 5 mai, 16 juin<br \/>\ud83c\udfab 10\u20ac<\/p>\n<ul>\n<li><b>Les concerts \u00ab\u00a0Insomniaque\u00a0\u00bb<\/b><\/li>\n<\/ul>\n<p>Et cette saison, il existera aussi une version pour les hiboux et chouettes parmi nous. Un samedi par saison, de 21h \u00e0 1h30, les participant\u00b7es s&rsquo;installeront sur un matelas pour une s\u00e9rie de trois concerts. \u00ab\u00a0Ils auront le droit de s&rsquo;endormir\u00a0\u00bb, glisse la directrice.<\/p>\n<p>\ud83d\udcc5 samedi 11 octobre, 24 janvier, 7 mars et 6 juin<br \/>\ud83c\udfab 25\u20ac pour la soir\u00e9e compl\u00e8te (10\u20ac par concert)<\/p>\n<p>  L&rsquo;op\u00e9ra \u00e0 tous les prix<\/p>\n<p>On ne le r\u00e9p\u00e9tera jamais assez mais aller \u00e0 l\u2019Op\u00e9ra de Lille n\u2019est pas r\u00e9serv\u00e9 \u00e0 une \u00e9lite. Avec des places accessibles d\u00e8s 5\u20ac et des offres sp\u00e9cialement pens\u00e9es pour les moins de 30 ans et m\u00eame les 29-35 ans, chacun peut d\u00e9couvrir la magie d\u2019un spectacle lyrique ou d\u2019un ballet sans exploser son budget. Comme le dit si bien la directrice de l\u2019Op\u00e9ra, Barbara Eckle : \u00ab\u00a0on peut aller voir de l\u2019op\u00e9ra pour le prix d\u2019une bi\u00e8re et d\u2019un kebab.\u00a0\u00bb<\/p>\n","protected":false},"excerpt":{"rendered":"Entre grands titres du r\u00e9pertoire et cr\u00e9ations plus inattendues, la saison promet des d\u00e9couvertes et des nouveaut\u00e9s \u00e0&hellip;\n","protected":false},"author":2,"featured_media":381156,"comment_status":"","ping_status":"","sticky":false,"template":"","format":"standard","meta":{"footnotes":""},"categories":[2815],"tags":[1111,11,1777,674,1011,27,811,1307,12,25],"class_list":{"0":"post-381155","1":"post","2":"type-post","3":"status-publish","4":"format-standard","5":"has-post-thumbnail","7":"category-lille","8":"tag-actu","9":"tag-actualites","10":"tag-eu","11":"tag-europe","12":"tag-fr","13":"tag-france","14":"tag-hauts-de-france","15":"tag-lille","16":"tag-news","17":"tag-republique-francaise"},"share_on_mastodon":{"url":"https:\/\/pubeurope.com\/@fr\/115182042063183635","error":""},"_links":{"self":[{"href":"https:\/\/www.europesays.com\/fr\/wp-json\/wp\/v2\/posts\/381155","targetHints":{"allow":["GET"]}}],"collection":[{"href":"https:\/\/www.europesays.com\/fr\/wp-json\/wp\/v2\/posts"}],"about":[{"href":"https:\/\/www.europesays.com\/fr\/wp-json\/wp\/v2\/types\/post"}],"author":[{"embeddable":true,"href":"https:\/\/www.europesays.com\/fr\/wp-json\/wp\/v2\/users\/2"}],"replies":[{"embeddable":true,"href":"https:\/\/www.europesays.com\/fr\/wp-json\/wp\/v2\/comments?post=381155"}],"version-history":[{"count":0,"href":"https:\/\/www.europesays.com\/fr\/wp-json\/wp\/v2\/posts\/381155\/revisions"}],"wp:featuredmedia":[{"embeddable":true,"href":"https:\/\/www.europesays.com\/fr\/wp-json\/wp\/v2\/media\/381156"}],"wp:attachment":[{"href":"https:\/\/www.europesays.com\/fr\/wp-json\/wp\/v2\/media?parent=381155"}],"wp:term":[{"taxonomy":"category","embeddable":true,"href":"https:\/\/www.europesays.com\/fr\/wp-json\/wp\/v2\/categories?post=381155"},{"taxonomy":"post_tag","embeddable":true,"href":"https:\/\/www.europesays.com\/fr\/wp-json\/wp\/v2\/tags?post=381155"}],"curies":[{"name":"wp","href":"https:\/\/api.w.org\/{rel}","templated":true}]}}