{"id":381157,"date":"2025-09-10T21:07:23","date_gmt":"2025-09-10T21:07:23","guid":{"rendered":"https:\/\/www.europesays.com\/fr\/381157\/"},"modified":"2025-09-10T21:07:23","modified_gmt":"2025-09-10T21:07:23","slug":"une-jeune-femme-alcoolisee-se-tue-en-sautant-dun-immeuble-apres-la-braderie-2","status":"publish","type":"post","link":"https:\/\/www.europesays.com\/fr\/381157\/","title":{"rendered":"Une jeune femme alcoolis\u00e9e se tue en sautant d\u2019un immeuble apr\u00e8s la Braderie"},"content":{"rendered":"<p>Le drame s\u2019est produit tr\u00e8s t\u00f4t dans la matin\u00e9e du 7\u00a0septembre. Apr\u00e8s une soir\u00e9e trop alcoolis\u00e9e lors de <a href=\"https:\/\/www.braderie-de-lille.fr\/\" target=\"_blank\" class=\"c-link c-link--is-underlined\" rel=\"nofollow noopener\">la Braderie de Lille<\/a>, une jeune femme s\u2019est jet\u00e9e par la fen\u00eatre, situ\u00e9e au troisi\u00e8me \u00e9tage d\u2019un immeuble de Villeneuve-d\u2019Ascq, selon <a href=\"https:\/\/actu.fr\/hauts-de-france\/lille_59350\/de-retour-de-la-braderie-de-lille-une-jeune-femme-alcoolisee-saute-du-3eme-etage-dun-immeuble-et-se-tue_63128753.html\" target=\"_blank\" class=\"c-link c-link--is-underlined\" rel=\"nofollow noopener\">Actu.fr<\/a>.<\/p>\n<p>C\u2019est aux alentours de 8 heures du matin que les <a href=\"https:\/\/www.20minutes.fr\/dossier\/pompiers\" class=\"c-link c-link--is-underlined\" rel=\"nofollow noopener\" target=\"_blank\">sapeurs-pompiers<\/a>, alert\u00e9s par les proches de la victime, sont intervenus rue des Boulots. Mais les tentatives de r\u00e9animation n\u2019ont malheureusement pas fonctionn\u00e9. La victime a donc \u00e9t\u00e9 d\u00e9clar\u00e9e d\u00e9c\u00e9d\u00e9e sur place.<\/p>\n<p>Une soir\u00e9e beaucoup trop arros\u00e9e<\/p>\n<p>Pour la police, les circonstances du d\u00e9c\u00e8s sont directement en lien avec la consommation d\u2019alcool. D\u2019apr\u00e8s les premiers \u00e9l\u00e9ments de l\u2019enqu\u00eate, la jeune femme a pass\u00e9 la soir\u00e9e \u00e0 la Braderie de Lille, o\u00f9 elle s\u2019est fortement alcoolis\u00e9e.<\/p>\n<p>Quelques heures plus tard, dans un \u00e9tat d\u2019\u00e9bri\u00e9t\u00e9 tr\u00e8s avanc\u00e9, elle a insist\u00e9 pour rentrer au volant de sa voiture sur Villeneuve-d\u2019Ascq. Ce que ses proches ont bien \u00e9videmment refus\u00e9. Face au \u00ab\u00a0non\u00a0\u00bb cat\u00e9gorique de ses amis, la victime, qui n\u2019avait plus toutes ses facult\u00e9s, s\u2019est alors jet\u00e9e par la fen\u00eatre, se tuant sur le coup.<\/p>\n","protected":false},"excerpt":{"rendered":"Le drame s\u2019est produit tr\u00e8s t\u00f4t dans la matin\u00e9e du 7\u00a0septembre. Apr\u00e8s une soir\u00e9e trop alcoolis\u00e9e lors de&hellip;\n","protected":false},"author":2,"featured_media":381158,"comment_status":"","ping_status":"","sticky":false,"template":"","format":"standard","meta":{"footnotes":""},"categories":[2815],"tags":[1111,11,5702,17804,1777,674,1011,27,811,1307,12,1308,1309,1311,25,5748,22238],"class_list":{"0":"post-381157","1":"post","2":"type-post","3":"status-publish","4":"format-standard","5":"has-post-thumbnail","7":"category-lille","8":"tag-actu","9":"tag-actualites","10":"tag-alcool","11":"tag-braderie","12":"tag-eu","13":"tag-europe","14":"tag-fr","15":"tag-france","16":"tag-hauts-de-france","17":"tag-lille","18":"tag-news","19":"tag-nord","20":"tag-nord-pas-de-calais","21":"tag-pompiers","22":"tag-republique-francaise","23":"tag-suicide","24":"tag-villeneuve-dascq"},"share_on_mastodon":{"url":"https:\/\/pubeurope.com\/@fr\/115182046006932207","error":""},"_links":{"self":[{"href":"https:\/\/www.europesays.com\/fr\/wp-json\/wp\/v2\/posts\/381157","targetHints":{"allow":["GET"]}}],"collection":[{"href":"https:\/\/www.europesays.com\/fr\/wp-json\/wp\/v2\/posts"}],"about":[{"href":"https:\/\/www.europesays.com\/fr\/wp-json\/wp\/v2\/types\/post"}],"author":[{"embeddable":true,"href":"https:\/\/www.europesays.com\/fr\/wp-json\/wp\/v2\/users\/2"}],"replies":[{"embeddable":true,"href":"https:\/\/www.europesays.com\/fr\/wp-json\/wp\/v2\/comments?post=381157"}],"version-history":[{"count":0,"href":"https:\/\/www.europesays.com\/fr\/wp-json\/wp\/v2\/posts\/381157\/revisions"}],"wp:featuredmedia":[{"embeddable":true,"href":"https:\/\/www.europesays.com\/fr\/wp-json\/wp\/v2\/media\/381158"}],"wp:attachment":[{"href":"https:\/\/www.europesays.com\/fr\/wp-json\/wp\/v2\/media?parent=381157"}],"wp:term":[{"taxonomy":"category","embeddable":true,"href":"https:\/\/www.europesays.com\/fr\/wp-json\/wp\/v2\/categories?post=381157"},{"taxonomy":"post_tag","embeddable":true,"href":"https:\/\/www.europesays.com\/fr\/wp-json\/wp\/v2\/tags?post=381157"}],"curies":[{"name":"wp","href":"https:\/\/api.w.org\/{rel}","templated":true}]}}