{"id":381159,"date":"2025-09-10T21:08:11","date_gmt":"2025-09-10T21:08:11","guid":{"rendered":"https:\/\/www.europesays.com\/fr\/381159\/"},"modified":"2025-09-10T21:08:11","modified_gmt":"2025-09-10T21:08:11","slug":"a-marseille-la-colere-dune-jeunesse-declassee","status":"publish","type":"post","link":"https:\/\/www.europesays.com\/fr\/381159\/","title":{"rendered":"\u00e0 Marseille, la col\u00e8re d&rsquo;une jeunesse \u00ab\u00a0d\u00e9class\u00e9e\u00a0\u00bb"},"content":{"rendered":"<p>Il y a d\u2019abord un \u00ab\u00a0ras-le-bol g\u00e9n\u00e9ral\u00a0\u00bb face \u00e0 ce que beaucoup d\u00e9crivent comme un \u00ab\u00a0d\u00e9ni de d\u00e9mocratie\u00a0\u00bb. Dans le cort\u00e8ge qui <a href=\"https:\/\/www.laprovence.com\/article\/societe\/94317460323543\/direct-laprovence-direct-bloquons-tout-le-10-septembre-points-de-rendez-vous-perturbations-dans-les-transports\" target=\"_blank\" rel=\"noopener\">s\u2019\u00e9lance des R\u00e9form\u00e9s (1er), ce 10\u00a0septembre<\/a>, derri\u00e8re les camions des organisations syndicales, une foule de jeunes gens est venue diriger sa col\u00e8re vers une seule personne\u00a0: Emmanuel Macron. Les affiches <a href=\"https:\/\/www.laprovence.com\/article\/societe\/32306865636553\/macron-degage-leitmotiv-des-banderoles-de-manifestants-rassembles-ce-10-septembre-a-manosque\" target=\"_blank\" rel=\"noopener\">\u00ab\u00a0Macron d\u00e9gage\u00a0\u00bb<\/a> fleurissent sur les murs de la Canebi\u00e8re et les slogans ciblant le pr\u00e9sident de la R\u00e9publique r\u00e9sonnent sans la moindre pause.<\/p>\n<p>\u00ab\u00a0On a d\u00e9fil\u00e9 contre la r\u00e9forme des retraites, vot\u00e9 contre lui aux europ\u00e9ennes puis pour la gauche aux l\u00e9gislatives. Et on a l\u2019impression de ne jamais \u00eatre entendus, dit Margot, 20\u00a0ans, \u00e9tudiante marseillaise en droit. <a href=\"https:\/\/www.laprovence.com\/article\/politique\/34227896375489\/sebastien-lecornu-nomme-premier-ministre-les-raisons-du-choix-demmanuel-macron-pour-matignon\" target=\"_blank\" rel=\"noopener\">Le choix de Lecornu comme Premier ministre<\/a>, \u00e0 la veille d\u2019une journ\u00e9e de mobilisation, est un nouveau bras d\u2019honneur de la part de Macron. On a l\u2019impression d\u2019\u00eatre pris pour des cons. Mais on ne l\u00e2chera pas. C\u2019est une question de d\u00e9mocratie avant tout. Ce n\u2019est pas nous qui bloquons le pays, c\u2019est Macron.\u00a0\u00bb<\/p>\n<p>\u00ab\u00a0\u00c0 mon \u00e2ge, mon p\u00e8re avait un enfant, \u00e9tait propri\u00e9taire\u2026\u00a0\u00bb<\/p>\n<p>Mais autant que cette \u00ab\u00a0nouvelle provocation\u00a0\u00bb du Pr\u00e9sident, c\u2019est le sentiment d\u2019\u00eatre une g\u00e9n\u00e9ration \u00ab\u00a0d\u00e9class\u00e9e\u00a0\u00bb qui est unanimement partag\u00e9 par le&#8230;<\/p>\n","protected":false},"excerpt":{"rendered":"Il y a d\u2019abord un \u00ab\u00a0ras-le-bol g\u00e9n\u00e9ral\u00a0\u00bb face \u00e0 ce que beaucoup d\u00e9crivent comme un \u00ab\u00a0d\u00e9ni de d\u00e9mocratie\u00a0\u00bb.&hellip;\n","protected":false},"author":2,"featured_media":381160,"comment_status":"","ping_status":"","sticky":false,"template":"","format":"standard","meta":{"footnotes":""},"categories":[2814],"tags":[17,1111,11,3254,48330,4440,1777,674,1011,27,4075,884,12,882,16,25,395],"class_list":{"0":"post-381159","1":"post","2":"type-post","3":"status-publish","4":"format-standard","5":"has-post-thumbnail","7":"category-marseille","8":"tag-17","9":"tag-actu","10":"tag-actualites","11":"tag-colere","12":"tag-declassee","13":"tag-dune","14":"tag-eu","15":"tag-europe","16":"tag-fr","17":"tag-france","18":"tag-jeunesse","19":"tag-marseille","20":"tag-news","21":"tag-provence-alpes-cote-dazur","22":"tag-region","23":"tag-republique-francaise","24":"tag-septembre"},"share_on_mastodon":{"url":"https:\/\/pubeurope.com\/@fr\/115182049983041437","error":""},"_links":{"self":[{"href":"https:\/\/www.europesays.com\/fr\/wp-json\/wp\/v2\/posts\/381159","targetHints":{"allow":["GET"]}}],"collection":[{"href":"https:\/\/www.europesays.com\/fr\/wp-json\/wp\/v2\/posts"}],"about":[{"href":"https:\/\/www.europesays.com\/fr\/wp-json\/wp\/v2\/types\/post"}],"author":[{"embeddable":true,"href":"https:\/\/www.europesays.com\/fr\/wp-json\/wp\/v2\/users\/2"}],"replies":[{"embeddable":true,"href":"https:\/\/www.europesays.com\/fr\/wp-json\/wp\/v2\/comments?post=381159"}],"version-history":[{"count":0,"href":"https:\/\/www.europesays.com\/fr\/wp-json\/wp\/v2\/posts\/381159\/revisions"}],"wp:featuredmedia":[{"embeddable":true,"href":"https:\/\/www.europesays.com\/fr\/wp-json\/wp\/v2\/media\/381160"}],"wp:attachment":[{"href":"https:\/\/www.europesays.com\/fr\/wp-json\/wp\/v2\/media?parent=381159"}],"wp:term":[{"taxonomy":"category","embeddable":true,"href":"https:\/\/www.europesays.com\/fr\/wp-json\/wp\/v2\/categories?post=381159"},{"taxonomy":"post_tag","embeddable":true,"href":"https:\/\/www.europesays.com\/fr\/wp-json\/wp\/v2\/tags?post=381159"}],"curies":[{"name":"wp","href":"https:\/\/api.w.org\/{rel}","templated":true}]}}