{"id":381161,"date":"2025-09-10T21:09:14","date_gmt":"2025-09-10T21:09:14","guid":{"rendered":"https:\/\/www.europesays.com\/fr\/381161\/"},"modified":"2025-09-10T21:09:14","modified_gmt":"2025-09-10T21:09:14","slug":"marseille-un-individu-sous-oqtf-interpelle-apres-avoir-poignarde-une-adolescente-et-vole-une-retraitee","status":"publish","type":"post","link":"https:\/\/www.europesays.com\/fr\/381161\/","title":{"rendered":"Marseille : un individu sous OQTF interpell\u00e9 apr\u00e8s avoir poignard\u00e9 une adolescente et vol\u00e9 une retrait\u00e9e"},"content":{"rendered":"<p>                                            Faits divers\n                                                                            <\/p>\n<p>\n                                            Lundi 8 septembre, deux vols \u00e0 l\u2019arrach\u00e9 ont eu lieu \u00e0 Marseille. Une adolescente de 17 ans a \u00e9t\u00e9 poignard\u00e9e de deux coups de couteau. Un individu faisant l\u2019objet d\u2019une OQTF a \u00e9t\u00e9 arr\u00eat\u00e9.                                        <\/p>\n<p>                                                Publi\u00e9 le 10 septembre 2025 \u00e0 22h21                                                                                            <\/p>\n<p>                                            <img loading=\"lazy\" width=\"1024\" height=\"683\" src=\"https:\/\/www.europesays.com\/fr\/wp-content\/uploads\/2025\/09\/SIPA_01189215_000009-2.jpg\" class=\"attachment-post-thumbnail size-post-thumbnail wp-post-image lazy\" alt=\"Une adolescente poignard\u00e9e \u00e0 Marseille par un homme sous OQTF \u00a9 SYSPEO\/SIPA\" decoding=\"async\"  data-\/><\/p>\n<p>                                            Une adolescente poignard\u00e9e \u00e0 Marseille par un homme sous OQTF \u00a9 SYSPEO\/SIPA<\/p>\n<p data-start=\"0\" data-end=\"278\">Ce lundi 8 septembre, <a href=\"https:\/\/www.laprovence.com\/article\/faits-divers-justice\/1275788550197214\/deux-femmes-agressees-a-marseille-pour-les-voler-dont-une-jeune-fille-de-17-ans-a-coups-de-couteau\" target=\"_blank\" rel=\"noopener\">La Provence <\/a>rapporte que deux vols \u00e0 l\u2019arrach\u00e9 ont \u00e9t\u00e9 commis \u00e0 <a href=\"https:\/\/www.valeursactuelles.com\/faits-divers\/attaque-au-couteau-a-marseille-lex-femme-de-lauteur-tunisien-craignait-quil-legorge\" target=\"_blank\" rel=\"noopener\">Marseille<\/a> \u00e0 quelques heures d\u2019intervalle. Vers midi, dans le 2\u1d49 arrondissement, des malfaiteurs ont d\u2019abord cibl\u00e9 une septuag\u00e9naire, lui arrachant le collier qu\u2019elle portait autour du cou.<\/p>\n<p><a href=\"https:\/\/www.valeursactuelles.com\/regions\/provence-alpes-cote-dazur\/bouches-du-rhone\/marseille\/faits-divers\/marseille-la-police-francaise-avait-le-devoir-de-le-proteger-apres-la-mort-de-lassaillant-sa-famille-porte-plainte\" class=\"h-flex h-align-items-center h-border-tb h-ptb-15\" target=\"_blank\" rel=\"noopener\">A\u00a0LIRE\u00a0Marseille : \u00ab la police fran\u00e7aise avait le devoir de le prot\u00e9ger \u00bb, apr\u00e8s la mort de l\u2019assaillant sa famille porte plainte<\/a><\/p>\n<p data-start=\"280\" data-end=\"542\">Toujours le m\u00eame jour, les deux individus ont vis\u00e9 une adolescente de 17 ans dans le 15\u1d49 arrondissement de la cit\u00e9 phoc\u00e9enne. Alors qu\u2019elle s\u2019accrochait \u00e0 son sac que les voleurs tentaient de lui arracher, la jeune fille a \u00e9t\u00e9 \u00ab\u202fpoignard\u00e9e \u00e0 deux reprises\u202f\u00bb.<\/p>\n<p>Un suspect de 21 ans interpell\u00e9<\/p>\n<p data-start=\"579\" data-end=\"810\">Le voleur a finalement r\u00e9ussi \u00e0 lui d\u00e9rober son t\u00e9l\u00e9phone avant de prendre la fuite. Au moment de sa prise en charge, le pronostic vital de la victime \u00e9tait engag\u00e9, mais son \u00e9tat s\u2019est depuis stabilis\u00e9. Une enqu\u00eate a \u00e9t\u00e9 ouverte.<\/p>\n<p><a href=\"https:\/\/www.valeursactuelles.com\/faits-divers\/marseille-trois-comoriens-egorgent-un-mouton-en-public-dans-un-parc\" class=\"h-flex h-align-items-center h-border-tb h-ptb-15\" target=\"_blank\" rel=\"noopener\">A\u00a0LIRE\u00a0Marseille : trois Comoriens \u00e9gorgent un mouton en public dans un parc\u00a0<\/a><\/p>\n<p data-start=\"812\" data-end=\"1096\" data-is-last-node=\"\" data-is-only-node=\"\">Si les individus ont pris la fuite, un suspect de 21 ans a \u00e9t\u00e9 arr\u00eat\u00e9 par les policiers de la brigade anticriminalit\u00e9. Ce clandestin fait l\u2019objet d\u2019une obligation de quitter le territoire fran\u00e7ais (<a href=\"https:\/\/www.valeursactuelles.com\/regions\/nouvelle-aquitaine\/landes\/dax\/faits-divers\/dax-un-senegalais-sous-oqtf-condamne-a-dix-mois-de-prison-apres-des-vols-commis-durant-la-feria\" target=\"_blank\" rel=\"noopener\">OQTF<\/a>) et doit \u00eatre d\u00e9f\u00e9r\u00e9 ce mercredi 10 septembre en vue d\u2019une comparution imm\u00e9diate.<\/p>\n","protected":false},"excerpt":{"rendered":"Faits divers Lundi 8 septembre, deux vols \u00e0 l\u2019arrach\u00e9 ont eu lieu \u00e0 Marseille. Une adolescente de 17&hellip;\n","protected":false},"author":2,"featured_media":376739,"comment_status":"","ping_status":"","sticky":false,"template":"","format":"standard","meta":{"footnotes":""},"categories":[2814],"tags":[1111,11,7623,1777,674,1011,27,11272,884,12,4347,882,25,15336],"class_list":{"0":"post-381161","1":"post","2":"type-post","3":"status-publish","4":"format-standard","5":"has-post-thumbnail","7":"category-marseille","8":"tag-actu","9":"tag-actualites","10":"tag-coup-de-couteau","11":"tag-eu","12":"tag-europe","13":"tag-fr","14":"tag-france","15":"tag-interpellation","16":"tag-marseille","17":"tag-news","18":"tag-oqtf","19":"tag-provence-alpes-cote-dazur","20":"tag-republique-francaise","21":"tag-vol-a-larrache"},"share_on_mastodon":{"url":"https:\/\/pubeurope.com\/@fr\/115182054446967630","error":""},"_links":{"self":[{"href":"https:\/\/www.europesays.com\/fr\/wp-json\/wp\/v2\/posts\/381161","targetHints":{"allow":["GET"]}}],"collection":[{"href":"https:\/\/www.europesays.com\/fr\/wp-json\/wp\/v2\/posts"}],"about":[{"href":"https:\/\/www.europesays.com\/fr\/wp-json\/wp\/v2\/types\/post"}],"author":[{"embeddable":true,"href":"https:\/\/www.europesays.com\/fr\/wp-json\/wp\/v2\/users\/2"}],"replies":[{"embeddable":true,"href":"https:\/\/www.europesays.com\/fr\/wp-json\/wp\/v2\/comments?post=381161"}],"version-history":[{"count":0,"href":"https:\/\/www.europesays.com\/fr\/wp-json\/wp\/v2\/posts\/381161\/revisions"}],"wp:featuredmedia":[{"embeddable":true,"href":"https:\/\/www.europesays.com\/fr\/wp-json\/wp\/v2\/media\/376739"}],"wp:attachment":[{"href":"https:\/\/www.europesays.com\/fr\/wp-json\/wp\/v2\/media?parent=381161"}],"wp:term":[{"taxonomy":"category","embeddable":true,"href":"https:\/\/www.europesays.com\/fr\/wp-json\/wp\/v2\/categories?post=381161"},{"taxonomy":"post_tag","embeddable":true,"href":"https:\/\/www.europesays.com\/fr\/wp-json\/wp\/v2\/tags?post=381161"}],"curies":[{"name":"wp","href":"https:\/\/api.w.org\/{rel}","templated":true}]}}