{"id":381162,"date":"2025-09-10T21:10:17","date_gmt":"2025-09-10T21:10:17","guid":{"rendered":"https:\/\/www.europesays.com\/fr\/381162\/"},"modified":"2025-09-10T21:10:17","modified_gmt":"2025-09-10T21:10:17","slug":"lyon-un-jeune-homme-grievement-blesse-par-cinq-balles-un-riverain-a-vu-quatre-hommes-armes","status":"publish","type":"post","link":"https:\/\/www.europesays.com\/fr\/381162\/","title":{"rendered":"Lyon. Un jeune homme gri\u00e8vement bless\u00e9 par cinq balles, un riverain a vu quatre hommes arm\u00e9s"},"content":{"rendered":"<p>Ce mercredi en fin d\u2019apr\u00e8s-midi, un homme a \u00e9t\u00e9 bless\u00e9 par balles \u00e0 proximit\u00e9 de la Bourse du Travail et de la place Guichard \u00e0 Lyon (3e), o\u00f9 se d\u00e9roulait une manifestation dans le cadre de la journ\u00e9e \u2018\u2018Bloquons tout\u2019\u2019.<\/p>\n<p>Cette tentative de meurtre, sans rapport avec la manifestation selon les premiers \u00e9l\u00e9ments, a \u00e9t\u00e9 commise rue Duguesclin, alors que de nombreux effectifs de police se trouvaient dans le quartier.<\/p>\n<p>Cinq balles<\/p>\n<p>Selon les informations du Progr\u00e8s, la victime est un jeune homme d\u2019une vingtaine d\u2019ann\u00e9es, touch\u00e9 par cinq balles, qui a \u00e9t\u00e9 pris en charge en urgence absolue par les pompiers et le SAMU. Apr\u00e8s des soins sur place, il a \u00e9t\u00e9 transport\u00e9 \u00e0 l\u2019h\u00f4pital vers 18\u00a0h\u00a030, avec un pronostic vital engag\u00e9.<\/p>\n<p>Si les circonstances des tirs qui l\u2019ont touch\u00e9 ne sont pas encore connues, il semble avoir \u00e9t\u00e9 la cible de plusieurs tireurs. Un riverain a vu quatre individus, tous porteurs d\u2019une arme de poing, partir en courant en direction de la place Guichard puis de la rue Servient.<\/p>\n<p>Ce contenu est bloqu\u00e9 car vous n&rsquo;avez pas accept\u00e9 les cookies et autres traceurs.<\/p>\n<p>En cliquant sur \u00ab J\u2019accepte \u00bb, les cookies et autres traceurs seront d\u00e9pos\u00e9s et vous pourrez visualiser les contenus  (<a href=\"\" class=\"consentModule_policy\" target=\"_blank\" title=\"Consulter la politique de protection des donn\u00e9es du fournisseur\">plus d&rsquo;informations<\/a>).<\/p>\n<p>En cliquant sur \u00ab J\u2019accepte tous les cookies \u00bb, vous autorisez des d\u00e9p\u00f4ts de cookies et autres traceurs pour le stockage de vos donn\u00e9es sur nos sites et applications \u00e0 des fins de personnalisation et de ciblage publicitaire.<\/p>\n<p class=\"consentModule_secondaryText\">Vous gardez la possibilit\u00e9 de retirer votre consentement \u00e0 tout moment en consultant notre <a href=\"https:\/\/www.leprogres.fr\/protection-des-donnees\" target=\"_blank\" title=\"Consulter notre politique de protection des donn\u00e9es\" rel=\"noopener\">politique de protection des donn\u00e9es<\/a>. <br \/>&#13;<br \/>\n            <a href=\"https:\/\/www.leprogres.fr\/faits-divers-justice\/2025\/09\/10\/javascript:Didomi.notice.show()\" class=\"consentModule_cmp\" target=\"_blank\" rel=\"noopener\">G\u00e9rer mes choix<\/a>&#13;\n        <\/p>\n<p>&#13;<br \/>\n                        J&rsquo;accepte&#13;<br \/>\n            J&rsquo;accepte tous les cookies&#13;\n        <\/p>\n<p>Apr\u00e8s l\u2019\u00e9vacuation du bless\u00e9 vers l\u2019h\u00f4pital, le p\u00e9rim\u00e8tre de s\u00e9curit\u00e9 a \u00e9t\u00e9 maintenu afin de permettre \u00e0 la police de proc\u00e9der aux constatations.<\/p>\n<p>La nuit derni\u00e8re d\u00e9j\u00e0, <a href=\"https:\/\/www.leprogres.fr\/faits-divers-justice\/2025\/09\/10\/un-blesse-par-arme-a-feu-depose-aux-urgences\" target=\"_blank\" rel=\"noopener\">un homme a \u00e9t\u00e9 bless\u00e9 par des tirs<\/a> d\u2019armes \u00e0 feu dans le 8e\u00a0 arrondissement de Lyon.<\/p>\n","protected":false},"excerpt":{"rendered":"Ce mercredi en fin d\u2019apr\u00e8s-midi, un homme a \u00e9t\u00e9 bless\u00e9 par balles \u00e0 proximit\u00e9 de la Bourse du&hellip;\n","protected":false},"author":2,"featured_media":381163,"comment_status":"","ping_status":"","sticky":false,"template":"","format":"standard","meta":{"footnotes":""},"categories":[1889],"tags":[1111,11,2430,271,272,2757,1777,674,274,107,1011,27,2428,4751,4750,12,25,2429],"class_list":{"0":"post-381162","1":"post","2":"type-post","3":"status-publish","4":"format-standard","5":"has-post-thumbnail","7":"category-lyon","8":"tag-actu","9":"tag-actualites","10":"tag-auvergne-rhone-alpes","11":"tag-crime","12":"tag-delit-et-contravention","13":"tag-edition-lyon-villeurbanne","14":"tag-eu","15":"tag-europe","16":"tag-faits-divers-justice","17":"tag-fil-info","18":"tag-fr","19":"tag-france","20":"tag-lyon","21":"tag-lyon-3e","22":"tag-lyon-3e-arrondissement","23":"tag-news","24":"tag-republique-francaise","25":"tag-rhone"},"share_on_mastodon":{"url":"https:\/\/pubeurope.com\/@fr\/115182057795296852","error":""},"_links":{"self":[{"href":"https:\/\/www.europesays.com\/fr\/wp-json\/wp\/v2\/posts\/381162","targetHints":{"allow":["GET"]}}],"collection":[{"href":"https:\/\/www.europesays.com\/fr\/wp-json\/wp\/v2\/posts"}],"about":[{"href":"https:\/\/www.europesays.com\/fr\/wp-json\/wp\/v2\/types\/post"}],"author":[{"embeddable":true,"href":"https:\/\/www.europesays.com\/fr\/wp-json\/wp\/v2\/users\/2"}],"replies":[{"embeddable":true,"href":"https:\/\/www.europesays.com\/fr\/wp-json\/wp\/v2\/comments?post=381162"}],"version-history":[{"count":0,"href":"https:\/\/www.europesays.com\/fr\/wp-json\/wp\/v2\/posts\/381162\/revisions"}],"wp:featuredmedia":[{"embeddable":true,"href":"https:\/\/www.europesays.com\/fr\/wp-json\/wp\/v2\/media\/381163"}],"wp:attachment":[{"href":"https:\/\/www.europesays.com\/fr\/wp-json\/wp\/v2\/media?parent=381162"}],"wp:term":[{"taxonomy":"category","embeddable":true,"href":"https:\/\/www.europesays.com\/fr\/wp-json\/wp\/v2\/categories?post=381162"},{"taxonomy":"post_tag","embeddable":true,"href":"https:\/\/www.europesays.com\/fr\/wp-json\/wp\/v2\/tags?post=381162"}],"curies":[{"name":"wp","href":"https:\/\/api.w.org\/{rel}","templated":true}]}}