{"id":381166,"date":"2025-09-10T21:12:29","date_gmt":"2025-09-10T21:12:29","guid":{"rendered":"https:\/\/www.europesays.com\/fr\/381166\/"},"modified":"2025-09-10T21:12:29","modified_gmt":"2025-09-10T21:12:29","slug":"les-fanfares-franciliennes-sur-le-devant-de-la-scene-2","status":"publish","type":"post","link":"https:\/\/www.europesays.com\/fr\/381166\/","title":{"rendered":"Les fanfares franciliennes sur le devant de la sc\u00e8ne"},"content":{"rendered":"<p>Le soutien aux fanfares et initiatives culturelles amateurs : un engagement fort pour la culture locale<\/p>\n<p>\u00a0<\/p>\n<p>Les fanfares, bien plus que de simples ensembles musicaux, rassemblent des musiciens amateurs de tous \u00e2ges et de tous milieux sociaux, offrant ainsi un espace d\u2019inclusion et de partage dans tous les territoires. En valorisant cette culture populaire et locale, le Plan Fanfare contribue \u00e0 l\u2019animation des communes et au renforcement du lien social.<\/p>\n<p>Parall\u00e8lement au Plan Fanfare, la DRAC soutient \u00e9galement le <strong>Fonds d\u2019encouragement aux initiatives artistiques et culturelles des amateurs<\/strong> (FEIACA), destin\u00e9 aux projets culturels collectifs d\u2019artistes amateurs. Ce fonds permet aux participants d\u2019approfondir leur pratique artistique, d\u2019explorer de nouveaux domaines et de collaborer avec des artistes professionnels pour affirmer leur cr\u00e9ativit\u00e9 dans leur communaut\u00e9.<\/p>\n<p>Le Plan Fanfare : structurer et soutenir les fanfares locales<\/p>\n<p>Le Plan Fanfare s\u2019appuie sur plusieurs objectifs cl\u00e9s\u202f: renforcer la pr\u00e9sence culturelle dans les zones rurales, valoriser les esth\u00e9tiques musicales locales, encourager les partenariats avec les collectivit\u00e9s et susciter l\u2019engagement des jeunes dans des projets d\u2019apprentissage collectif.<\/p>\n<p>En 2024, la DRAC \u00cele-de-France a re\u00e7u <strong>21 demandes de subventions<\/strong>. La Seine-et-Marne et les Yvelines se d\u00e9marquent par leur participation, tandis que le Val-d\u2019Oise n\u2019a pas soumis de demande cette ann\u00e9e.<\/p>\n<p>Apr\u00e8s une \u00e9valuation approfondie, <strong>11 projets<\/strong> ont \u00e9t\u00e9 retenus, pour un total de <strong>59 000 euros<\/strong>, correspondant au budget disponible. Les projets choisis couvrent une grande partie des d\u00e9partements franciliens (Paris, Seine-Saint-Denis, Val-de-Marne, Yvelines, Essonne), avec \u00e9galement un projet interd\u00e9partemental soutenu en partenariat avec une f\u00e9d\u00e9ration. Les initiatives retenues ont en commun de proposer des projets novateurs, ancr\u00e9s dans leur territoire, avec un potentiel d\u2019impact significatif.<\/p>\n<p>                <img decoding=\"async\" src=\"https:\/\/www.europesays.com\/fr\/wp-content\/uploads\/2025\/07\/10eccdd29a3c-plan-fanfara-de-nanterre-3.jpg\" alt=\"\" class=\"fr-responsive-img  alias_Grande \" data-height=\"463 \" data-width=\"825 \"\/> <\/p>\n<p>\n                    \u00a9 Fanfare municipale de Nanterre\n                <\/p>\n<p>\u00a0Le FEIACA : encourager les projets culturels collectifs amateurs<\/p>\n<p>Le Fonds d\u2019encouragement aux initiatives artistiques et culturelles des amateurs (FEIACA) soutient les projets artistiques collectifs qui s\u2019inscrivent dans une dynamique locale. Ces initiatives permettent aux amateurs d\u2019explorer de nouvelles formes d\u2019expression, de d\u00e9velopper leur pratique et de collaborer avec des professionnels, tout en stimulant la vie culturelle de leur r\u00e9gion.<\/p>\n<p>En 2024, la DRAC \u00cele-de-France a re\u00e7u 24 demandes de soutien.. Apr\u00e8s examen des projets, la DRAC a s\u00e9lectionn\u00e9 12 initiatives, r\u00e9parties sur l\u2019ensemble de la r\u00e9gion avec un financement total de plus de <strong>50 000 euros<\/strong>. Les projets s\u00e9lectionn\u00e9s couvrent Paris, la Seine-Saint-Denis, le Val-de-Marne, la Seine-et-Marne, les Yvelines et le Val-d\u2019Oise. Chacune de ces initiatives a \u00e9t\u00e9 retenue pour sa capacit\u00e9 \u00e0 offrir aux amateurs de nouvelles perspectives artistiques et \u00e0 encourager les \u00e9changes cr\u00e9atifs avec des professionnels.<\/p>\n<p>\u00c0 lire aussi<\/p>\n<p><a href=\"https:\/\/www.culture.gouv.fr\/fr\/actualites\/en-fanfare-la-pratique-musicale-amateur-s-invite-au-cinema\" target=\"_blank\" rel=\"nofollow noopener\">\u00ab\u00a0En Fanfare\u00a0\u00bb: la pratique musicale amateur s\u2019invite au cin\u00e9ma<\/a><\/p>\n","protected":false},"excerpt":{"rendered":"Le soutien aux fanfares et initiatives culturelles amateurs : un engagement fort pour la culture locale \u00a0 Les&hellip;\n","protected":false},"author":2,"featured_media":262805,"comment_status":"","ping_status":"","sticky":false,"template":"","format":"standard","meta":{"footnotes":""},"categories":[1592],"tags":[1111,11,1777,674,1011,27,662,12,626,25],"class_list":{"0":"post-381166","1":"post","2":"type-post","3":"status-publish","4":"format-standard","5":"has-post-thumbnail","7":"category-ile-de-france","8":"tag-actu","9":"tag-actualites","10":"tag-eu","11":"tag-europe","12":"tag-fr","13":"tag-france","14":"tag-ile-de-france","15":"tag-news","16":"tag-paris","17":"tag-republique-francaise"},"share_on_mastodon":{"url":"https:\/\/pubeurope.com\/@fr\/115182066144661218","error":""},"_links":{"self":[{"href":"https:\/\/www.europesays.com\/fr\/wp-json\/wp\/v2\/posts\/381166","targetHints":{"allow":["GET"]}}],"collection":[{"href":"https:\/\/www.europesays.com\/fr\/wp-json\/wp\/v2\/posts"}],"about":[{"href":"https:\/\/www.europesays.com\/fr\/wp-json\/wp\/v2\/types\/post"}],"author":[{"embeddable":true,"href":"https:\/\/www.europesays.com\/fr\/wp-json\/wp\/v2\/users\/2"}],"replies":[{"embeddable":true,"href":"https:\/\/www.europesays.com\/fr\/wp-json\/wp\/v2\/comments?post=381166"}],"version-history":[{"count":0,"href":"https:\/\/www.europesays.com\/fr\/wp-json\/wp\/v2\/posts\/381166\/revisions"}],"wp:featuredmedia":[{"embeddable":true,"href":"https:\/\/www.europesays.com\/fr\/wp-json\/wp\/v2\/media\/262805"}],"wp:attachment":[{"href":"https:\/\/www.europesays.com\/fr\/wp-json\/wp\/v2\/media?parent=381166"}],"wp:term":[{"taxonomy":"category","embeddable":true,"href":"https:\/\/www.europesays.com\/fr\/wp-json\/wp\/v2\/categories?post=381166"},{"taxonomy":"post_tag","embeddable":true,"href":"https:\/\/www.europesays.com\/fr\/wp-json\/wp\/v2\/tags?post=381166"}],"curies":[{"name":"wp","href":"https:\/\/api.w.org\/{rel}","templated":true}]}}