{"id":381169,"date":"2025-09-10T21:14:15","date_gmt":"2025-09-10T21:14:15","guid":{"rendered":"https:\/\/www.europesays.com\/fr\/381169\/"},"modified":"2025-09-10T21:14:15","modified_gmt":"2025-09-10T21:14:15","slug":"199-interpellations-dont-99-gardes-a-vue-a-paris-annonce-la-procureure-laure-beccuau-sur-rtl","status":"publish","type":"post","link":"https:\/\/www.europesays.com\/fr\/381169\/","title":{"rendered":"199 interpellations \u00ab\u00a0dont 99 gardes \u00e0 vue\u00a0\u00bb \u00e0 Paris, annonce la procureure Laure Beccuau sur RTL"},"content":{"rendered":"<p class=\"article-p mdl\">Invit\u00e9 de RTL ce mercredi 10 septembre, Laure Beccuau, procureure de la R\u00e9publique de Paris, a annonc\u00e9 au moins\u00a0<strong>199 interpellations \u00e0 Paris<\/strong> en marge de la mobilisation \u00ab\u00a0Bloquons tout\u00a0\u00bb. Parmi elles, \u00ab\u00a099 personnes ont \u00e9t\u00e9 plac\u00e9es en garde \u00e0 vue\u00a0\u00bb.<\/p>\n<p class=\"article-p mdl\">Les motifs de ces gardes \u00e0 vue sont vari\u00e9s, mais concernent majoritairement \u00ab\u00a0la participation \u00e0 un groupement <strong>en vue de commettre des violences ou des d\u00e9gradations<\/strong>\u00ab\u00a0. \u00ab\u00a0Il y a une majorit\u00e9 d&rsquo;hommes, avec plus de 70 femmes, dont 40 sont en garde \u00e0 vue\u00a0\u00bb, a-t-elle pr\u00e9cis\u00e9.<\/p>\n<p class=\"article-p mdl\">Certaines gardes \u00e0 vue ont suivi les tensions autour de la gare du Nord, o\u00f9 les autorit\u00e9s ont d\u00fb\u00a0<a class=\"link\" href=\"https:\/\/www.rtl.fr\/actu\/justice-faits-divers\/en-direct-greve-du-10-septembre-suivez-les-perturbations-et-les-blocages-7900539514\" title=\"EN DIRECT - Blocages du 10 septembre : la fa\u00e7ade d&#039;un immeuble en feu \u00e0 Paris, des tensions dans plusieurs villes\" target=\"_blank\" rel=\"noopener\">disperser des centaines de manifestants avec des gaz lacrymog\u00e8nes<\/a>\u00a0pour emp\u00eacher des intrusions. D\u2019autres ont \u00e9t\u00e9 r\u00e9alis\u00e9es apr\u00e8s<strong> \u00ab\u00a0des d\u00e9gradations sur la statue de la R\u00e9publique\u00a0\u00bb<\/strong> ou des violences envers les forces de l\u2019ordre.<\/p>\n<p class=\"article-p mdl\">\u00ab\u00a0La police continue d&rsquo;intervenir \u00e0 Paris\u00a0\u00bb, a assur\u00e9 la procureure sur RTL, notamment dans le secteur des Halles, aupr\u00e8s de groupes dont certains, par leur tenue et le mat\u00e9riel qu\u2019ils transportent, <strong>\u00ab\u00a0pourraient s\u2019apparenter \u00e0 des black blocs\u00a0\u00bb<\/strong>.<\/p>\n<p>    La r\u00e9daction vous recommande<\/p>\n<p class=\"s-newsletter__title\">\n                L\u2019actualit\u00e9 par la r\u00e9daction de RTL dans votre bo\u00eete mail.\n            <\/p>\n<p class=\"s-newsletter__subtitle\">\n                Gr\u00e2ce \u00e0 votre compte RTL abonnez-vous \u00e0 la newsletter RTL info pour suivre toute l&rsquo;actualit\u00e9 au quotidien\n            <\/p>\n<p>\n                                    Lire la suite\n                                <\/p>\n","protected":false},"excerpt":{"rendered":"Invit\u00e9 de RTL ce mercredi 10 septembre, Laure Beccuau, procureure de la R\u00e9publique de Paris, a annonc\u00e9 au&hellip;\n","protected":false},"author":2,"featured_media":381170,"comment_status":"","ping_status":"","sticky":false,"template":"","format":"standard","meta":{"footnotes":""},"categories":[1888],"tags":[1111,1928,11,1927,1777,674,107,1011,27,51302,11272,303,1272,12,1926,626,1925,1072,25],"class_list":{"0":"post-381169","1":"post","2":"type-post","3":"status-publish","4":"format-standard","5":"has-post-thumbnail","7":"category-paris","8":"tag-actu","9":"tag-actu-paris","10":"tag-actualites","11":"tag-actualites-paris","12":"tag-eu","13":"tag-europe","14":"tag-fil-info","15":"tag-fr","16":"tag-france","17":"tag-greve-du-10-septembre-2025","18":"tag-interpellation","19":"tag-justice","20":"tag-manifestations","21":"tag-news","22":"tag-news-paris","23":"tag-paris","24":"tag-paris-news","25":"tag-police","26":"tag-republique-francaise"},"share_on_mastodon":{"url":"https:\/\/pubeurope.com\/@fr\/115182073670459319","error":""},"_links":{"self":[{"href":"https:\/\/www.europesays.com\/fr\/wp-json\/wp\/v2\/posts\/381169","targetHints":{"allow":["GET"]}}],"collection":[{"href":"https:\/\/www.europesays.com\/fr\/wp-json\/wp\/v2\/posts"}],"about":[{"href":"https:\/\/www.europesays.com\/fr\/wp-json\/wp\/v2\/types\/post"}],"author":[{"embeddable":true,"href":"https:\/\/www.europesays.com\/fr\/wp-json\/wp\/v2\/users\/2"}],"replies":[{"embeddable":true,"href":"https:\/\/www.europesays.com\/fr\/wp-json\/wp\/v2\/comments?post=381169"}],"version-history":[{"count":0,"href":"https:\/\/www.europesays.com\/fr\/wp-json\/wp\/v2\/posts\/381169\/revisions"}],"wp:featuredmedia":[{"embeddable":true,"href":"https:\/\/www.europesays.com\/fr\/wp-json\/wp\/v2\/media\/381170"}],"wp:attachment":[{"href":"https:\/\/www.europesays.com\/fr\/wp-json\/wp\/v2\/media?parent=381169"}],"wp:term":[{"taxonomy":"category","embeddable":true,"href":"https:\/\/www.europesays.com\/fr\/wp-json\/wp\/v2\/categories?post=381169"},{"taxonomy":"post_tag","embeddable":true,"href":"https:\/\/www.europesays.com\/fr\/wp-json\/wp\/v2\/tags?post=381169"}],"curies":[{"name":"wp","href":"https:\/\/api.w.org\/{rel}","templated":true}]}}