{"id":38117,"date":"2025-04-20T05:38:07","date_gmt":"2025-04-20T05:38:07","guid":{"rendered":"https:\/\/www.europesays.com\/fr\/38117\/"},"modified":"2025-04-20T05:38:07","modified_gmt":"2025-04-20T05:38:07","slug":"meurtre-de-vaulx-en-velin-trois-personnes-dont-le-principal-suspect-mises-en-examen-et-ecrouees","status":"publish","type":"post","link":"https:\/\/www.europesays.com\/fr\/38117\/","title":{"rendered":"Meurtre de Vaulx-en-Velin\u00a0: trois personnes, dont le principal suspect, mises en examen et \u00e9crou\u00e9es"},"content":{"rendered":"<p class=\"paragraph text_align_left\">L\u2019enqu\u00eate men\u00e9e par les policiers sp\u00e9cialis\u00e9s dans la criminalit\u00e9 organis\u00e9e porte ses fruits. Trois personnes, dont le principal suspect, ont \u00e9t\u00e9 mises en examen et \u00e9crou\u00e9es samedi dans le cadre de l\u2019enqu\u00eate sur l\u2019assassinat d\u2019un jeune homme de 19 ans <a href=\"https:\/\/www.leparisien.fr\/faits-divers\/rhone-un-mineur-tue-par-balle-en-pleine-rue-a-vaulx-en-velin-07-04-2025-NCFY74PPDNCTDP6QHBSKIRDOTM.php\" target=\"_blank\" rel=\"nofollow noopener\">abattu d\u00e9but avril<\/a> pr\u00e8s d\u2019une \u00e9cole \u00e0 Vaulx-en-Velin (Rh\u00f4ne).<\/p>\n<p class=\"paragraph text_align_left\">Deux hommes de 19 et 20 ans et une jeune femme de 18 ans ont \u00e9t\u00e9 mis en examen dans le cadre de l\u2019instruction ouverte pour \u00ab meurtre en bande organis\u00e9e \u00bb, \u00ab complicit\u00e9 \u00bb et \u00ab association de malfaiteurs \u00bb notamment, puis pr\u00e9sent\u00e9s devant un juge des libert\u00e9s et de la d\u00e9tention.<\/p>\n<p class=\"paragraph text_align_left\">L\u2019auteur pr\u00e9sum\u00e9 des coups de feu mortels, 19 ans, <a href=\"https:\/\/www.leparisien.fr\/faits-divers\/meurtre-de-vaulx-en-velin-lassassin-presume-dun-garcon-de-19-ans-arrete-a-taverny-16-04-2025-QDSH5XOUVJH6VEZ2C36GTMQZDQ.php\" target=\"_blank\" rel=\"nofollow noopener\">avait \u00e9t\u00e9 interpell\u00e9 mercredi \u00e0 son domicile du Val-d\u2019Oise<\/a>. Selon nos informations, il aurait \u00e9t\u00e9 recrut\u00e9 \u00ab via les r\u00e9seaux sociaux \u00bb. Il a fait valoir son droit au silence.<\/p>\n<p>\u00ab Il ne faut pas encore tirer de conclusions h\u00e2tives \u00bb<\/p>\n<p class=\"paragraph text_align_left\">\u00ab Il faut \u00eatre tr\u00e8s prudent, l\u2019information (judiciaire) va \u00eatre longue et complexe. Il ne faut pas encore tirer de conclusions h\u00e2tives \u00bb, a d\u00e9clar\u00e9 son avocat Me Naguin Zekkouti, appelant \u00e0 la prudence sur le mode de recrutement des protagonistes. Les deux autres personnes avaient \u00e9t\u00e9 arr\u00eat\u00e9es mercredi \u00e9galement, en r\u00e9gion lyonnaise.<\/p>\n<p class=\"paragraph text_align_left\">\u00ab Il faut faire attention que la pression politique qui parle de narcotrafic ne conduise pas \u00e0 une proc\u00e9dure exp\u00e9ditive. On n\u2019a pas de certitudes sur tout \u00e0 ce stade \u00bb, a pour sa part r\u00e9agi Me \u00c9lise Rey-Jacquot, qui d\u00e9fend la jeune femme mise en cause, accus\u00e9e d\u2019avoir rendu des services \u00e0 l\u2019\u00e9quipe.<\/p>\n<p class=\"paragraph text_align_left\">Le troisi\u00e8me suspect, venu d\u2019Avignon et pr\u00e9sent sur les lieux lors des faits, dont le r\u00f4le n\u2019a pas \u00e9t\u00e9 explicit\u00e9 \u00e0 ce stade, nie avoir eu connaissance de l\u2019entreprise criminelle au moment de sa venue dans la r\u00e9gion lyonnaise, rapporte son avocat Me Philippe Duplan.<\/p>\n<p class=\"lp-card-podcast-highlighting__title lp-f-subtitle-05\">Le double meurtre de Montigny-l\u00e8s-Metz (2\/2)<\/p>\n<p class=\"lp-card-podcast-highlighting__description lp-f-ui-05\">Crime story raconte chaque semaine les grandes affaires criminelles.<\/p>\n<p><a class=\"lp-card-podcast-highlighting__call-to-action\" data-page-type=\"HP\" data-block-name=\"podcast-highlight\">\u00c9couter<\/a><\/p>\n<p class=\"paragraph text_align_left\">Le 7 avril, un jeune de 19 ans <a href=\"https:\/\/www.leparisien.fr\/faits-divers\/rhone-un-mineur-tue-par-balle-en-pleine-rue-a-vaulx-en-velin-07-04-2025-NCFY74PPDNCTDP6QHBSKIRDOTM.php\" target=\"_blank\" rel=\"nofollow noopener\">a \u00e9t\u00e9 tu\u00e9 dans la rue de plusieurs balles dans la t\u00eate<\/a> \u00e0 proximit\u00e9 d\u2019une \u00e9cole primaire de Vaulx-en-Velin, dans la banlieue est de Lyon. Des trafiquants de drogue se livrent \u00e0 une \u00ab guerre des gangs \u00bb dans ce quartier et le jeune homme se trouvait pr\u00e8s d\u2019un <a href=\"https:\/\/www.leparisien.fr\/paris-75\/trafic-de-drogue-a-paris-le-ras-le-bol-des-habitants-dune-rue-plongee-dans-le-noir-par-les-dealers-04-04-2024-UXYGA7P7SNF3ZDKYPIQEO2VJXI.php\" target=\"_blank\" rel=\"nofollow noopener\">point de deal<\/a>, selon les autorit\u00e9s. L\u2019enqu\u00eate pour \u00ab assassinat \u00bb, ouverte par le parquet de Lyon, a \u00e9t\u00e9 confi\u00e9e aux policiers sp\u00e9cialis\u00e9s dans la criminalit\u00e9 organis\u00e9e.<\/p>\n","protected":false},"excerpt":{"rendered":"L\u2019enqu\u00eate men\u00e9e par les policiers sp\u00e9cialis\u00e9s dans la criminalit\u00e9 organis\u00e9e porte ses fruits. Trois personnes, dont le principal&hellip;\n","protected":false},"author":2,"featured_media":38118,"comment_status":"","ping_status":"","sticky":false,"template":"","format":"standard","meta":{"footnotes":""},"categories":[4],"tags":[11,459,118,1011,27,12,25],"class_list":{"0":"post-38117","1":"post","2":"type-post","3":"status-publish","4":"format-standard","5":"has-post-thumbnail","7":"category-france","8":"tag-actualites","9":"tag-departements-horsidfo","10":"tag-faits-divers","11":"tag-fr","12":"tag-france","13":"tag-news","14":"tag-republique-francaise"},"share_on_mastodon":{"url":"https:\/\/pubeurope.com\/@fr\/114368682809425475","error":""},"_links":{"self":[{"href":"https:\/\/www.europesays.com\/fr\/wp-json\/wp\/v2\/posts\/38117","targetHints":{"allow":["GET"]}}],"collection":[{"href":"https:\/\/www.europesays.com\/fr\/wp-json\/wp\/v2\/posts"}],"about":[{"href":"https:\/\/www.europesays.com\/fr\/wp-json\/wp\/v2\/types\/post"}],"author":[{"embeddable":true,"href":"https:\/\/www.europesays.com\/fr\/wp-json\/wp\/v2\/users\/2"}],"replies":[{"embeddable":true,"href":"https:\/\/www.europesays.com\/fr\/wp-json\/wp\/v2\/comments?post=38117"}],"version-history":[{"count":0,"href":"https:\/\/www.europesays.com\/fr\/wp-json\/wp\/v2\/posts\/38117\/revisions"}],"wp:featuredmedia":[{"embeddable":true,"href":"https:\/\/www.europesays.com\/fr\/wp-json\/wp\/v2\/media\/38118"}],"wp:attachment":[{"href":"https:\/\/www.europesays.com\/fr\/wp-json\/wp\/v2\/media?parent=38117"}],"wp:term":[{"taxonomy":"category","embeddable":true,"href":"https:\/\/www.europesays.com\/fr\/wp-json\/wp\/v2\/categories?post=38117"},{"taxonomy":"post_tag","embeddable":true,"href":"https:\/\/www.europesays.com\/fr\/wp-json\/wp\/v2\/tags?post=38117"}],"curies":[{"name":"wp","href":"https:\/\/api.w.org\/{rel}","templated":true}]}}