{"id":381171,"date":"2025-09-10T21:15:24","date_gmt":"2025-09-10T21:15:24","guid":{"rendered":"https:\/\/www.europesays.com\/fr\/381171\/"},"modified":"2025-09-10T21:15:24","modified_gmt":"2025-09-10T21:15:24","slug":"apres-avoir-depose-les-tetes-de-cochons-les-responsables-ont-quitte-le-territoire","status":"publish","type":"post","link":"https:\/\/www.europesays.com\/fr\/381171\/","title":{"rendered":"Apr\u00e8s avoir d\u00e9pos\u00e9 les t\u00eates de cochons, les responsables ont quitt\u00e9 le territoire"},"content":{"rendered":"<p class=\"mb-4 text-lg md:leading-8 break-words\">Les <a data-i13n=\"cpos:1;pos:1\" href=\"https:\/\/www.20minutes.fr\/faits_divers\/4171994-20250909-paris-tetes-cochon-decouvertes-devant-plusieurs-mosquees?at_medium=RSS%20feed&amp;at_campaign=ynews&amp;utm_source=yahoo&amp;utm_medium=rss&amp;utm_campaign=news_feed&amp;utm_content=in_article_link\" rel=\"nofollow noopener\" target=\"_blank\" data-ylk=\"slk:t\u00eates de cochon d\u00e9pos\u00e9es;cpos:1;pos:1;elm:context_link;itc:0;sec:content-canvas\" class=\"link \">t\u00eates de cochon d\u00e9pos\u00e9es<\/a> devant des mosqu\u00e9es en r\u00e9gion parisienne l\u2019ont \u00e9t\u00e9 par des \u00ab personnes de nationalit\u00e9 \u00e9trang\u00e8re qui ont aussit\u00f4t quitt\u00e9 le territoire \u00bb, a indiqu\u00e9 mercredi le parquet de <a data-i13n=\"cpos:2;pos:1\" href=\"https:\/\/www.20minutes.fr\/paris\/?at_medium=RSS%20feed&amp;at_campaign=ynews&amp;utm_source=yahoo&amp;utm_medium=rss&amp;utm_campaign=news_feed&amp;utm_content=in_article_link\" rel=\"nofollow noopener\" target=\"_blank\" data-ylk=\"slk:Paris;cpos:2;pos:1;elm:context_link;itc:0;sec:content-canvas\" class=\"link \">Paris<\/a>, d\u00e9non\u00e7ant \u00ab une volont\u00e9 manifeste de provoquer le trouble au sein de la nation \u00bb.<\/p>\n<p class=\"mb-4 text-lg md:leading-8 break-words\">Selon le parquet, sollicit\u00e9 par l\u2019AFP apr\u00e8s une information de BFMTV, \u00ab un agriculteur normand s\u2019est manifest\u00e9 aupr\u00e8s des enqu\u00eateurs pour signaler que deux personnes \u00e9taient venues lui acheter une dizaine de t\u00eates de cochon \u00bb, avec un v\u00e9hicule \u00ab dont la plaque d\u2019immatriculation serait <a data-i13n=\"cpos:3;pos:1\" href=\"https:\/\/www.20minutes.fr\/dossier\/serbie?at_medium=RSS%20feed&amp;at_campaign=ynews&amp;utm_source=yahoo&amp;utm_medium=rss&amp;utm_campaign=news_feed&amp;utm_content=in_article_link\" rel=\"nofollow noopener\" target=\"_blank\" data-ylk=\"slk:serbe;cpos:3;pos:1;elm:context_link;itc:0;sec:content-canvas\" class=\"link \">serbe<\/a> \u00bb.<\/p>\n<p>Deux hommes arriv\u00e9s en voiture<\/p>\n<p class=\"mb-4 text-lg md:leading-8 break-words\">\u00ab Les recherches en mati\u00e8re de vid\u00e9o-protection ont \u00e9tabli que c\u2019est avec ce m\u00eame v\u00e9hicule que ces personnes sont arriv\u00e9es \u00e0 Paris, pr\u00e8s [du quartier] Oberkampf, dans la nuit de lundi 8 \u00e0 mardi 9 septembre \u00bb, a expliqu\u00e9 le minist\u00e8re public. Il a pr\u00e9cis\u00e9 que les images avaient \u00ab \u00e9galement montr\u00e9 deux hommes d\u00e9poser les t\u00eates devant un certain nombre de mosqu\u00e9es \u00bb.<\/p>\n<p class=\"mb-4 text-lg md:leading-8 break-words\">Ces individus \u00ab sont susceptibles d\u2019avoir utilis\u00e9 une ligne de t\u00e9l\u00e9phone croate, dont le suivi atteste d\u2019un franchissement de la fronti\u00e8re franco-belge d\u00e8s le mardi matin, apr\u00e8s la commission des faits \u00bb, a encore indiqu\u00e9 le parquet.<\/p>\n<p class=\"mb-4 text-lg md:leading-8 break-words\"><a data-i13n=\"cpos:4;pos:1\" href=\"https:\/\/www.20minutes.fr\/societe\/4172371-20250910-mosquees-apres-avoir-depose-tetes-cochons-responsables-quitte-territoire?at_medium=RSS%20feed&amp;at_campaign=ynews&amp;utm_source=yahoo&amp;utm_medium=rss&amp;utm_campaign=news_feed&amp;utm_content=read_more_link%22\" rel=\"nofollow noopener\" target=\"_blank\" data-ylk=\"slk:Lire la suite sur 20minutes;cpos:4;pos:1;elm:context_link;itc:0;sec:content-canvas\" class=\"link \">Lire la suite sur 20minutes<\/a><\/p>\n<p>\u00c0 lire aussi :<br \/><a data-i13n=\"cpos:5;pos:1\" href=\"https:\/\/www.20minutes.fr\/societe\/4172253-20250910-moyens-abjects-musulmans-paris-choc-apres-decouverte-tetes-cochon-devant-mosquees?at_medium=RSS%20feed&amp;at_campaign=ynews&amp;utm_source=yahoo&amp;utm_medium=rss&amp;utm_campaign=news_feed&amp;utm_content=related_content_link\" rel=\"nofollow noopener\" target=\"_blank\" data-ylk=\"slk:\u00ab Des moyens abjects \u00bb : Pour les musulmans de Paris, le choc apr\u00e8s la d\u00e9couverte de t\u00eates de cochon devant des mosqu\u00e9es;cpos:5;pos:1;elm:context_link;itc:0;sec:content-canvas\" class=\"link \">\u00ab Des moyens abjects \u00bb : Pour les musulmans de Paris, le choc apr\u00e8s la d\u00e9couverte de t\u00eates de cochon devant des mosqu\u00e9es<\/a><br \/><a data-i13n=\"cpos:6;pos:1\" href=\"https:\/\/www.20minutes.fr\/faits_divers\/4171994-20250909-paris-tetes-cochon-decouvertes-devant-plusieurs-mosquees?at_medium=RSS%20feed&amp;at_campaign=ynews&amp;utm_source=yahoo&amp;utm_medium=rss&amp;utm_campaign=news_feed&amp;utm_content=related_content_link\" rel=\"nofollow noopener\" target=\"_blank\" data-ylk=\"slk:Paris : Indignation et \u00ab soup\u00e7ons d\u2019ing\u00e9rence \u00bb apr\u00e8s la d\u00e9couverte de t\u00eates de cochon devant neuf mosqu\u00e9es;cpos:6;pos:1;elm:context_link;itc:0;sec:content-canvas\" class=\"link \">Paris : Indignation et \u00ab soup\u00e7ons d\u2019ing\u00e9rence \u00bb apr\u00e8s la d\u00e9couverte de t\u00eates de cochon devant neuf mosqu\u00e9es<\/a><\/p>\n","protected":false},"excerpt":{"rendered":"Les t\u00eates de cochon d\u00e9pos\u00e9es devant des mosqu\u00e9es en r\u00e9gion parisienne l\u2019ont \u00e9t\u00e9 par des \u00ab personnes de&hellip;\n","protected":false},"author":2,"featured_media":381172,"comment_status":"","ping_status":"","sticky":false,"template":"","format":"standard","meta":{"footnotes":""},"categories":[1888],"tags":[1111,1928,11,1927,1777,674,1011,27,20084,12,1926,626,1925,25,51125],"class_list":{"0":"post-381171","1":"post","2":"type-post","3":"status-publish","4":"format-standard","5":"has-post-thumbnail","7":"category-paris","8":"tag-actu","9":"tag-actu-paris","10":"tag-actualites","11":"tag-actualites-paris","12":"tag-eu","13":"tag-europe","14":"tag-fr","15":"tag-france","16":"tag-les-images","17":"tag-news","18":"tag-news-paris","19":"tag-paris","20":"tag-paris-news","21":"tag-republique-francaise","22":"tag-tetes-de-cochon"},"share_on_mastodon":{"url":"https:\/\/pubeurope.com\/@fr\/115182077817503772","error":""},"_links":{"self":[{"href":"https:\/\/www.europesays.com\/fr\/wp-json\/wp\/v2\/posts\/381171","targetHints":{"allow":["GET"]}}],"collection":[{"href":"https:\/\/www.europesays.com\/fr\/wp-json\/wp\/v2\/posts"}],"about":[{"href":"https:\/\/www.europesays.com\/fr\/wp-json\/wp\/v2\/types\/post"}],"author":[{"embeddable":true,"href":"https:\/\/www.europesays.com\/fr\/wp-json\/wp\/v2\/users\/2"}],"replies":[{"embeddable":true,"href":"https:\/\/www.europesays.com\/fr\/wp-json\/wp\/v2\/comments?post=381171"}],"version-history":[{"count":0,"href":"https:\/\/www.europesays.com\/fr\/wp-json\/wp\/v2\/posts\/381171\/revisions"}],"wp:featuredmedia":[{"embeddable":true,"href":"https:\/\/www.europesays.com\/fr\/wp-json\/wp\/v2\/media\/381172"}],"wp:attachment":[{"href":"https:\/\/www.europesays.com\/fr\/wp-json\/wp\/v2\/media?parent=381171"}],"wp:term":[{"taxonomy":"category","embeddable":true,"href":"https:\/\/www.europesays.com\/fr\/wp-json\/wp\/v2\/categories?post=381171"},{"taxonomy":"post_tag","embeddable":true,"href":"https:\/\/www.europesays.com\/fr\/wp-json\/wp\/v2\/tags?post=381171"}],"curies":[{"name":"wp","href":"https:\/\/api.w.org\/{rel}","templated":true}]}}