{"id":381173,"date":"2025-09-10T21:16:20","date_gmt":"2025-09-10T21:16:20","guid":{"rendered":"https:\/\/www.europesays.com\/fr\/381173\/"},"modified":"2025-09-10T21:16:20","modified_gmt":"2025-09-10T21:16:20","slug":"roger-vivier-devoile-son-nouveau-siege-parisien","status":"publish","type":"post","link":"https:\/\/www.europesays.com\/fr\/381173\/","title":{"rendered":"Roger Vivier d\u00e9voile son nouveau si\u00e8ge parisien"},"content":{"rendered":"<p>\n                                    <b>Publi\u00e9 le<\/b><br \/>\n                                    <\/p>\n<p>                                        10 septembre 2025<\/p>\n<p class=\"article-content col-md-8 offset-md-1\">\n                                Nouvelle adresse pour <a class=\"fnwAddLinks\" href=\"https:\/\/fr.fashionnetwork.com\/tags-roger-vivier\" title=\"Roger Vivier\" target=\"_blank\" rel=\"noopener\">Roger Vivier<\/a> \u00e0 Paris. Le chausseur de luxe, d\u00e9tenu par le groupe italien Tod&rsquo;s de <a class=\"fnwAddLinks\" href=\"https:\/\/fr.fashionnetwork.com\/tags-diego-della-valle\" title=\"Diego Della Valle\" target=\"_blank\" rel=\"noopener\">Diego Della Valle<\/a>, installe son nouveau si\u00e8ge au num\u00e9ro 98 de la rue de l\u2019Universit\u00e9, dans un prestigieux h\u00f4tel particulier de la Rive gauche, \u00e0 Saint-Germain-des-Pr\u00e9s, r\u00e9unissant sous un m\u00eame toit toutes ses \u00e9quipes. L\u2019espace de 1.400 m\u00e8tres carr\u00e9s sera inaugur\u00e9 le 2 octobre, durant la Fashion Week f\u00e9minine.<\/p>\n<p><img decoding=\"async\" class=\"news-image\" style=\"width:100%;\" src=\"https:\/\/www.europesays.com\/fr\/wp-content\/uploads\/2025\/09\/27c3.jpg\" alt=\"Le chasseur investit un h\u00f4tel particulier dans le VIIe arrondissement de Paris\" loading=\"lazy\"\/>Le chasseur investit un h\u00f4tel particulier dans le VIIe arrondissement de Paris &#8211; Roger Vivier<\/p>\n<p class=\"col-md-8 offset-md-1 article-content--texte\">\u00ab\u00a0Cette ouverture repr\u00e9sente une \u00e9tape d\u00e9terminante dans l\u2019\u00e9volution de Roger Vivier et r\u00e9affirme son identit\u00e9 ainsi que son engagement \u00e0 long terme envers la ville qui l\u2019a vu na\u00eetre: une maison de luxe parisienne \u00e0 la r\u00e9sonance culturelle mondiale, reliant pass\u00e9 et avenir \u00e0 travers savoir-faire, architecture et innovation mode\u00a0\u00bb, souligne la maison dans un communiqu\u00e9.<\/p>\n<p>Cet important investissement, dont le montant n\u2019a pas \u00e9t\u00e9 divulgu\u00e9, va permettre \u00e0 la marque de rassembler \u00e0 la m\u00eame adresse le studio du directeur de la cr\u00e9ation, Gherardo Felloni, en poste depuis 2018, les fonctions support de la maison, \u00e0 savoir ses diff\u00e9rents bureaux (administration, commercial, communication, etc.), des salons \u00ab\u00a0incarnant l\u2019esprit \u00e9clectique de Monsieur Vivier\u00a0\u00bb pour pr\u00e9senter les collections et recevoir la client\u00e8le et surtout les archives de la maison fond\u00e9e en 1937, \u00ab\u00a0rassemblant des cr\u00e9ations et des documents historiques remontant aux ann\u00e9es 1950\u00a0\u00bb.<\/p>\n<p class=\"col-md-8 offset-md-1 article-content--texte\">La c\u00e9l\u00e8bre marque de souliers haut de gamme, qui a chauss\u00e9 entre autres <a class=\"fnwAddLinks\" href=\"https:\/\/fr.fashionnetwork.com\/tags-catherine-deneuve\" title=\"Catherine Deneuve\" target=\"_blank\" rel=\"noopener\">Catherine Deneuve<\/a> dans le film \u00ab\u00a0Belle de jour\u00a0\u00bb de Luis Bu\u00f1uel, a \u00e9t\u00e9 acquise en 2001 par la famille Della Valle, avant d\u2019int\u00e9grer le groupe Tod&rsquo;s en 2015, via un rachat par la soci\u00e9t\u00e9.<\/p>\n<p>En pleine expansion, Roger Vivier, qui s&rsquo;appuie sur 90 boutiques dans le monde et un r\u00e9seau de revendeurs multimarques, a longtemps contribu\u00e9 au succ\u00e8s du groupe italien. Lors des derniers r\u00e9sultats publi\u00e9s pour l\u2019exercice 2023 par Tod&rsquo;s, qui s\u2019est depuis retir\u00e9 de la Bourse, la marque affichait un chiffre d\u2019affaires de 286,7 millions d\u2019euros, en hausse de plus de 16% par rapport \u00e0 2022, pesant pour plus d\u2019un quart sur les recettes totales du groupe.\u00a0\n                            <\/p>\n<p>\n                                Tous droits de reproduction et de repr\u00e9sentation r\u00e9serv\u00e9s.<br \/>\u00a9 2025 FashionNetwork.com\n                            <\/p>\n","protected":false},"excerpt":{"rendered":"Publi\u00e9 le 10 septembre 2025 Nouvelle adresse pour Roger Vivier \u00e0 Paris. Le chausseur de luxe, d\u00e9tenu par&hellip;\n","protected":false},"author":2,"featured_media":381174,"comment_status":"","ping_status":"","sticky":false,"template":"","format":"standard","meta":{"footnotes":""},"categories":[1888],"tags":[11,2424,17599,537,2423,51440,1777,674,1011,27,2425,985,12,2298,626,2426,2427,25,2421,51441,2422,51439],"class_list":{"0":"post-381173","1":"post","2":"type-post","3":"status-publish","4":"format-standard","5":"has-post-thumbnail","7":"category-paris","8":"tag-actualites","9":"tag-beaute","10":"tag-catherine-deneuve","11":"tag-contact","12":"tag-cosmetiques","13":"tag-diego-della-valle","14":"tag-eu","15":"tag-europe","16":"tag-fr","17":"tag-france","18":"tag-luxe","19":"tag-mode","20":"tag-news","21":"tag-parfum","22":"tag-paris","23":"tag-professionnel","24":"tag-professionnels","25":"tag-republique-francaise","26":"tag-reseau","27":"tag-roger-vivier","28":"tag-textile","29":"tag-tods"},"share_on_mastodon":{"url":"https:\/\/pubeurope.com\/@fr\/115182081858885693","error":""},"_links":{"self":[{"href":"https:\/\/www.europesays.com\/fr\/wp-json\/wp\/v2\/posts\/381173","targetHints":{"allow":["GET"]}}],"collection":[{"href":"https:\/\/www.europesays.com\/fr\/wp-json\/wp\/v2\/posts"}],"about":[{"href":"https:\/\/www.europesays.com\/fr\/wp-json\/wp\/v2\/types\/post"}],"author":[{"embeddable":true,"href":"https:\/\/www.europesays.com\/fr\/wp-json\/wp\/v2\/users\/2"}],"replies":[{"embeddable":true,"href":"https:\/\/www.europesays.com\/fr\/wp-json\/wp\/v2\/comments?post=381173"}],"version-history":[{"count":0,"href":"https:\/\/www.europesays.com\/fr\/wp-json\/wp\/v2\/posts\/381173\/revisions"}],"wp:featuredmedia":[{"embeddable":true,"href":"https:\/\/www.europesays.com\/fr\/wp-json\/wp\/v2\/media\/381174"}],"wp:attachment":[{"href":"https:\/\/www.europesays.com\/fr\/wp-json\/wp\/v2\/media?parent=381173"}],"wp:term":[{"taxonomy":"category","embeddable":true,"href":"https:\/\/www.europesays.com\/fr\/wp-json\/wp\/v2\/categories?post=381173"},{"taxonomy":"post_tag","embeddable":true,"href":"https:\/\/www.europesays.com\/fr\/wp-json\/wp\/v2\/tags?post=381173"}],"curies":[{"name":"wp","href":"https:\/\/api.w.org\/{rel}","templated":true}]}}