{"id":381175,"date":"2025-09-10T21:17:15","date_gmt":"2025-09-10T21:17:15","guid":{"rendered":"https:\/\/www.europesays.com\/fr\/381175\/"},"modified":"2025-09-10T21:17:15","modified_gmt":"2025-09-10T21:17:15","slug":"paris-92-bbh-les-brestoises-remportent-leur-premier-succes-a-lexterieur-de-la-saison","status":"publish","type":"post","link":"https:\/\/www.europesays.com\/fr\/381175\/","title":{"rendered":"Paris 92 &#8211; BBH : les Brestoises remportent leur premier succ\u00e8s \u00e0 l&rsquo;ext\u00e9rieur de la saison"},"content":{"rendered":"<p>Paris &#8211; BBH : 25-21, la fiche technique<\/p>\n<p><strong>Mi-temps :<\/strong> 7-14.<br \/><strong>Arbitres : <\/strong>MM. Blanco et Gazeu.<br \/><strong>Spectateurs :<\/strong> 400.<br \/><strong>PARIS : <\/strong>gardienne &#8211; Serdarevic (20 arr\u00eats sur 45 tirs) ; joueuses de champ \u2013 Golvet 1\/3, Cissokho 1\/3, Kanout\u00e9 3\/9, Blonbou 2\/4, Plotton 2\/4, Moretto (cap.) 1\/5, Hansson 4\/6 (dt 1\/1 pen.), Maurin, Berger 3\/3, Ailincai 0\/1, Thobor 3\/3, Prouvensier 1\/3 (dt 0\/1 pen.). Entr : N. Sarni. Exclusion 2\u2018 : Kanout\u00e9 (13e).<br \/><strong>BREST : <\/strong>gardiennes &#8211; Andr\u00e9 (7\/21) et Cantin (1\/8) ; joueuses de champ \u2013 Noslen 1\/2, Gros 3\/7, Mairot 1\/6, Tshimanga 1\/3, Ondono (cap.) 4\/6, Vyakhireva 5\/7 (dt 2\/2 pen.), Borg 1\/4, Faure 4\/5, Kanor, Lott 3\/5, Coatan\u00e9a 2\/5. Entr : R. Tervel. 2\u2018 : Ondono (6e, 9e), Mairot (46e).<\/p>\n","protected":false},"excerpt":{"rendered":"Paris &#8211; BBH : 25-21, la fiche technique Mi-temps : 7-14.Arbitres : MM. Blanco et Gazeu.Spectateurs : 400.PARIS&hellip;\n","protected":false},"author":2,"featured_media":381176,"comment_status":"","ping_status":"","sticky":false,"template":"","format":"standard","meta":{"footnotes":""},"categories":[1888],"tags":[11,3450,3449,1777,674,1011,27,1792,12,626,25,60],"class_list":{"0":"post-381175","1":"post","2":"type-post","3":"status-publish","4":"format-standard","5":"has-post-thumbnail","7":"category-paris","8":"tag-actualites","9":"tag-brest","10":"tag-brest-bretagne-handball","11":"tag-eu","12":"tag-europe","13":"tag-fr","14":"tag-france","15":"tag-handball","16":"tag-news","17":"tag-paris","18":"tag-republique-francaise","19":"tag-sports"},"share_on_mastodon":{"url":"https:\/\/pubeurope.com\/@fr\/115182085535049000","error":""},"_links":{"self":[{"href":"https:\/\/www.europesays.com\/fr\/wp-json\/wp\/v2\/posts\/381175","targetHints":{"allow":["GET"]}}],"collection":[{"href":"https:\/\/www.europesays.com\/fr\/wp-json\/wp\/v2\/posts"}],"about":[{"href":"https:\/\/www.europesays.com\/fr\/wp-json\/wp\/v2\/types\/post"}],"author":[{"embeddable":true,"href":"https:\/\/www.europesays.com\/fr\/wp-json\/wp\/v2\/users\/2"}],"replies":[{"embeddable":true,"href":"https:\/\/www.europesays.com\/fr\/wp-json\/wp\/v2\/comments?post=381175"}],"version-history":[{"count":0,"href":"https:\/\/www.europesays.com\/fr\/wp-json\/wp\/v2\/posts\/381175\/revisions"}],"wp:featuredmedia":[{"embeddable":true,"href":"https:\/\/www.europesays.com\/fr\/wp-json\/wp\/v2\/media\/381176"}],"wp:attachment":[{"href":"https:\/\/www.europesays.com\/fr\/wp-json\/wp\/v2\/media?parent=381175"}],"wp:term":[{"taxonomy":"category","embeddable":true,"href":"https:\/\/www.europesays.com\/fr\/wp-json\/wp\/v2\/categories?post=381175"},{"taxonomy":"post_tag","embeddable":true,"href":"https:\/\/www.europesays.com\/fr\/wp-json\/wp\/v2\/tags?post=381175"}],"curies":[{"name":"wp","href":"https:\/\/api.w.org\/{rel}","templated":true}]}}