{"id":381187,"date":"2025-09-10T21:23:11","date_gmt":"2025-09-10T21:23:11","guid":{"rendered":"https:\/\/www.europesays.com\/fr\/381187\/"},"modified":"2025-09-10T21:23:11","modified_gmt":"2025-09-10T21:23:11","slug":"donald-reveille-toi-les-russes-nous-attaquent-moscou-ridiculise-leurope-apres-lirruption-des-drones","status":"publish","type":"post","link":"https:\/\/www.europesays.com\/fr\/381187\/","title":{"rendered":"\u00abDonald, r\u00e9veille-toi! Les Russes nous attaquent\u00bb\u200b\u200b: Moscou ridiculise l\u2019Europe apr\u00e8s l\u2019irruption des drones"},"content":{"rendered":"<p>\u00abBien le bonjour de Pologne!\u00bb Mercredi matin, une certaine euphorie r\u00e9gnait dans les milieux militaristes russes alors que la presse populaire se gaussait de \u00abl\u2019hyst\u00e9rie\u00bb et de la \u00abpanique\u00bb en Pologne apr\u00e8s la violation de son espace a\u00e9rien par plusieurs appareils sans pilote \u2013 entre 8 et 14 selon les sources. Le tout \u00e0 la suite de ce que les faucons russes d\u00e9crivent comme une frappe \u200b\u200bplut\u00f4t modeste: 415\u00a0drones et 43\u00a0missiles, selon l\u2019arm\u00e9e ukrainienne. Ils se sont abattus sur plusieurs r\u00e9gions du pays alors que l\u2019Ukraine a connu r\u00e9cemment des attaques a\u00e9riennes de plus en plus massives. Quant aux Russes, ils ne cachent pas leur ambition de pouvoir envoyer bient\u00f4t \u00abun millier par jour\u00bb de ces drones pour frapper leurs voisins ukrainiens.<\/p>\n<p>L\u2019incident de mercredi matin est-il la cons\u00e9quence logique de l\u2019intensification des frappes a\u00e9riennes russes? Elles s\u2019abattent d\u00e9sormais sur les b\u00e2timents officiels ukrainiens \u2013 un tabou jusqu\u2019\u00e0 pr\u00e9sent \u2013, tuent de plus en plus de civils et s\u2019acharnent particuli\u00e8rement sur l\u2019ouest du pays, proche de la Pologne, une base arri\u00e8re plut\u00f4t sanctuaris\u00e9e devenue le hub de l\u2019aide militaire occidentale. Ces derniers jours, les autorit\u00e9s militaires polonaises mais aussi roumaines avaient d\u2019ailleurs alert\u00e9 la population des zones frontali\u00e8res du danger que pouvaient repr\u00e9senter la quantit\u00e9 croissante de drones et leurs d\u00e9bris \u00abtombant du ciel\u00bb. Mais cette fois-ci, Varsovie a qualifi\u00e9 cet acte de \u00abd\u00e9lib\u00e9r\u00e9\u00bb.<\/p>\n","protected":false},"excerpt":{"rendered":"\u00abBien le bonjour de Pologne!\u00bb Mercredi matin, une certaine euphorie r\u00e9gnait dans les milieux militaristes russes alors que&hellip;\n","protected":false},"author":2,"featured_media":381188,"comment_status":"","ping_status":"","sticky":false,"template":"","format":"standard","meta":{"footnotes":""},"categories":[1586],"tags":[11,1777,674,1011,27,12,136,301,25,132,220,364],"class_list":{"0":"post-381187","1":"post","2":"type-post","3":"status-publish","4":"format-standard","5":"has-post-thumbnail","7":"category-europe","8":"tag-actualites","9":"tag-eu","10":"tag-europe","11":"tag-fr","12":"tag-france","13":"tag-news","14":"tag-otan","15":"tag-premium","16":"tag-republique-francaise","17":"tag-russie","18":"tag-ukraine","19":"tag-union-europeenne"},"share_on_mastodon":{"url":"https:\/\/pubeurope.com\/@fr\/115182108863400716","error":""},"_links":{"self":[{"href":"https:\/\/www.europesays.com\/fr\/wp-json\/wp\/v2\/posts\/381187","targetHints":{"allow":["GET"]}}],"collection":[{"href":"https:\/\/www.europesays.com\/fr\/wp-json\/wp\/v2\/posts"}],"about":[{"href":"https:\/\/www.europesays.com\/fr\/wp-json\/wp\/v2\/types\/post"}],"author":[{"embeddable":true,"href":"https:\/\/www.europesays.com\/fr\/wp-json\/wp\/v2\/users\/2"}],"replies":[{"embeddable":true,"href":"https:\/\/www.europesays.com\/fr\/wp-json\/wp\/v2\/comments?post=381187"}],"version-history":[{"count":0,"href":"https:\/\/www.europesays.com\/fr\/wp-json\/wp\/v2\/posts\/381187\/revisions"}],"wp:featuredmedia":[{"embeddable":true,"href":"https:\/\/www.europesays.com\/fr\/wp-json\/wp\/v2\/media\/381188"}],"wp:attachment":[{"href":"https:\/\/www.europesays.com\/fr\/wp-json\/wp\/v2\/media?parent=381187"}],"wp:term":[{"taxonomy":"category","embeddable":true,"href":"https:\/\/www.europesays.com\/fr\/wp-json\/wp\/v2\/categories?post=381187"},{"taxonomy":"post_tag","embeddable":true,"href":"https:\/\/www.europesays.com\/fr\/wp-json\/wp\/v2\/tags?post=381187"}],"curies":[{"name":"wp","href":"https:\/\/api.w.org\/{rel}","templated":true}]}}