{"id":38119,"date":"2025-04-20T05:39:15","date_gmt":"2025-04-20T05:39:15","guid":{"rendered":"https:\/\/www.europesays.com\/fr\/38119\/"},"modified":"2025-04-20T05:39:15","modified_gmt":"2025-04-20T05:39:15","slug":"les-tops-flops-de-monaco-racing-0-0","status":"publish","type":"post","link":"https:\/\/www.europesays.com\/fr\/38119\/","title":{"rendered":"les tops\/flops de Monaco \u2013 Racing (0-0)"},"content":{"rendered":"<p>  Les tops<\/p>\n<p><strong>Petrovic toujours aussi rassurant<\/strong><\/p>\n<p>S\u2019il n\u2019a pas eu \u00e0 multiplier les parades en premi\u00e8re p\u00e9riode, le portier serbe a r\u00e9ussi les quelques interventions qu\u2019il a eues \u00e0 effectuer. On l\u2019a vu se d\u00e9tendre sur une frappe d\u2019Akliouche (19e) ou couper du pied \u00e0 l\u2019angle de ses six m\u00e8tres un centre d\u2019Embolo que convoitait l\u2019international Espoir (41e). Et lorsqu\u2019il a \u00e9t\u00e9 battu par Biereth, apr\u00e8s avoir remport\u00e9 son duel face \u00e0 Caio Henrique, il a \u00e9t\u00e9 sauv\u00e9 par une position de hors-jeu du Br\u00e9silien (45e+2).<\/p>\n<p>En seconde p\u00e9riode, le joueur pr\u00eat\u00e9 par Chelsea a \u00e9t\u00e9 tout aussi appliqu\u00e9, s\u2019imposant une nouvelle fois sur une frappe de Biereth (68e) et effectuant une magnifique claquette sur une t\u00eate de Balogun (83e).<\/p>\n<p><strong>Un cinqui\u00e8me clean-sheet d\u2019affil\u00e9e \u00e0 l\u2019ext\u00e9rieur<\/strong><\/p>\n<p>La d\u00e9fense a parfois tangu\u00e9, les Strasbourgeois ont \u00e9volu\u00e9 sur un fil l\u2019une ou l\u2019autre fois, mais l\u2019ensemble est rest\u00e9 solide face aux assauts mon\u00e9gasques, d\u2019abord \u00e9pars puis plus soutenus. En chef de file de la charni\u00e8re, Andrew Omobamidele a \u00e9t\u00e9 souverain, notamment sur ses couvertures.<\/p>\n<p>A ses c\u00f4t\u00e9s, <a href=\"https:\/\/www.dna.fr\/p\/ismael-doukoure\" target=\"_blank\" rel=\"noopener\">Isma\u00ebl Doukour\u00e9<\/a> a \u00e9t\u00e9 rassurant et <a href=\"https:\/\/www.dna.fr\/p\/mamadou-sarr-footballeur-francais\" target=\"_blank\" rel=\"noopener\">Mamadou Sarr<\/a> a \u00e9lev\u00e9 son niveau au fur et \u00e0 mesure de la rencontre. R\u00e9sultat\u00a0: un cinqui\u00e8me clean-sheet d\u2019affil\u00e9e \u00e0 l\u2019ext\u00e9rieur (le 10e de la saison) pour les Bleus, ce qui ne leur \u00e9tait encore jamais arriv\u00e9 en Ligue 1. De quoi justifier le statut de meilleure d\u00e9fense europ\u00e9enne des cinq grands championnats en 2025.<\/p>\n<p><strong>Un point qui fait du bien dans la course \u00e0 l&rsquo;Europe<\/strong><\/p>\n<p>Autant le nul conc\u00e9d\u00e9 contre Nice \u00e0 la derni\u00e8re seconde la semaine derni\u00e8re \u00e9tait frustrant, autant le point pris \u00e0 Monaco est une bonne op\u00e9ration. Certes, le Racing n\u2019avance pas beaucoup, mais il ne perd pas de terrain sur une ASM qui reste \u00e0 trois points \u00e0 la 2e place de L1. Avec trois r\u00e9ceptions lors des quatre derni\u00e8res journ\u00e9es et trois duels face \u00e0 des mal class\u00e9s (Saint-Etienne, Angers, Le Havre), les hommes de <a href=\"https:\/\/www.dna.fr\/p\/liam-rosenior\" target=\"_blank\" rel=\"noopener\">Liam Rosenior<\/a> ont leur destin entre leurs mains.<\/p>\n<p>  Les flops<\/p>\n<p><strong>Des ailiers pas virevoltants<\/strong><\/p>\n<p>On conna\u00eet ses jambes de feu et on en a eu une d\u00e9monstration sur une contre-attaque qu\u2019il a mal conclue dans son couloir gauche. Mais pour son retour dans le onze apr\u00e8s avoir purg\u00e9 un match de suspension, suite \u00e0 un d\u00e9but de bagarre \u00e0 Reims, on\u00a0n&rsquo;a pas beaucoup vu <a href=\"https:\/\/www.dna.fr\/p\/diego-moreira-footballeur-belgo-portugais\" target=\"_blank\" rel=\"noopener\">Diego Moreira<\/a> c\u00f4t\u00e9 gauche. Il a notamment manqu\u00e9 de justesse ce qui a cr\u00e9\u00e9 un d\u00e9ficit dans l\u2019animation offensive alsacienne. Et dans son duel d\u00e9fensif avec Vanderson, il n\u2019a pas toujours \u00e9t\u00e9 \u00e0 la f\u00eate. On l\u2019a vu discuter avec l\u2019adjoint Justin Walker en seconde p\u00e9riode mais cela n\u2019a pas servi sa production globalement insuffisante.<\/p>\n<p>Dilane Bakwa, et c&rsquo;est peu dire, n\u2019a pas \u00e9t\u00e9 plus en r\u00e9ussite sur son aile droite. Le meilleur passeur alsacien a \u00e9t\u00e9 bien contenu par les Mon\u00e9gasques et n\u2019a que trop rarement pu se mettre en position pour d\u00e9fier ses vis-\u00e0-vis. Et son travail d\u00e9fensif n\u2019a pas non plus saut\u00e9 aux yeux. Bref, il n&rsquo;a pas pes\u00e9&#8230;<\/p>\n<p><strong>Diarra \u00e0 nouveau bless\u00e9\u00a0?<\/strong><\/p>\n<p>On l\u2019a vu se tenir la cheville gauche apr\u00e8s un choc en premi\u00e8re p\u00e9riode, mais <a href=\"https:\/\/www.dna.fr\/p\/habib-diarra\" target=\"_blank\" rel=\"noopener\">Habib Diarra<\/a> avait fini par se relever. Et avait continu\u00e9 \u00e0 jouer sans g\u00eane apparente. Mais en seconde p\u00e9riode, apr\u00e8s moins d\u2019une heure de jeu, le Mulhousien s\u2019est assis sur la pelouse de Louis-II, incapable de tenir sa place plus longtemps. Apr\u00e8s avoir donn\u00e9 son brassard de capitaine \u00e0 Andrey Santos, il a fil\u00e9 sur le banc.<\/p>\n<p>Touch\u00e9 \u00e0 cette m\u00eame cheville \u00e0 Auxerre, ce qui lui avait valu trois matches dans le coton pour soigner son articulation, le joueur form\u00e9 au Racing doit esp\u00e9rer ne pas revivre la m\u00eame s\u00e9quence qui hypoth\u00e9querait sa fin de saison. Ce serait une grande perte dans l\u2019entrejeu pour les Alsaciens.<\/p>\n","protected":false},"excerpt":{"rendered":"Les tops Petrovic toujours aussi rassurant S\u2019il n\u2019a pas eu \u00e0 multiplier les parades en premi\u00e8re p\u00e9riode, le&hellip;\n","protected":false},"author":2,"featured_media":38120,"comment_status":"","ping_status":"","sticky":false,"template":"","format":"standard","meta":{"footnotes":""},"categories":[2],"tags":[11,2389,2880,107,1701,63,1011,27,12,9371,517,1947],"class_list":{"0":"post-38119","1":"post","2":"type-post","3":"status-publish","4":"format-standard","5":"has-post-thumbnail","7":"category-actualites","8":"tag-actualites","9":"tag-alsace","10":"tag-edition-strasbourg","11":"tag-fil-info","12":"tag-fil-info-sport","13":"tag-football","14":"tag-fr","15":"tag-france","16":"tag-news","17":"tag-rcsa-racing-club-strasbourg","18":"tag-sport","19":"tag-sport-national"},"share_on_mastodon":{"url":"https:\/\/pubeurope.com\/@fr\/114368686564537662","error":""},"_links":{"self":[{"href":"https:\/\/www.europesays.com\/fr\/wp-json\/wp\/v2\/posts\/38119","targetHints":{"allow":["GET"]}}],"collection":[{"href":"https:\/\/www.europesays.com\/fr\/wp-json\/wp\/v2\/posts"}],"about":[{"href":"https:\/\/www.europesays.com\/fr\/wp-json\/wp\/v2\/types\/post"}],"author":[{"embeddable":true,"href":"https:\/\/www.europesays.com\/fr\/wp-json\/wp\/v2\/users\/2"}],"replies":[{"embeddable":true,"href":"https:\/\/www.europesays.com\/fr\/wp-json\/wp\/v2\/comments?post=38119"}],"version-history":[{"count":0,"href":"https:\/\/www.europesays.com\/fr\/wp-json\/wp\/v2\/posts\/38119\/revisions"}],"wp:featuredmedia":[{"embeddable":true,"href":"https:\/\/www.europesays.com\/fr\/wp-json\/wp\/v2\/media\/38120"}],"wp:attachment":[{"href":"https:\/\/www.europesays.com\/fr\/wp-json\/wp\/v2\/media?parent=38119"}],"wp:term":[{"taxonomy":"category","embeddable":true,"href":"https:\/\/www.europesays.com\/fr\/wp-json\/wp\/v2\/categories?post=38119"},{"taxonomy":"post_tag","embeddable":true,"href":"https:\/\/www.europesays.com\/fr\/wp-json\/wp\/v2\/tags?post=38119"}],"curies":[{"name":"wp","href":"https:\/\/api.w.org\/{rel}","templated":true}]}}