{"id":381193,"date":"2025-09-10T21:26:12","date_gmt":"2025-09-10T21:26:12","guid":{"rendered":"https:\/\/www.europesays.com\/fr\/381193\/"},"modified":"2025-09-10T21:26:12","modified_gmt":"2025-09-10T21:26:12","slug":"diocese-de-strasbourg-apres-la-polemique-le-chanoine-hubert-schmitt-demissionne","status":"publish","type":"post","link":"https:\/\/www.europesays.com\/fr\/381193\/","title":{"rendered":"Dioc\u00e8se de Strasbourg. Apr\u00e8s la pol\u00e9mique, le chanoine Hubert Schmitt d\u00e9missionne"},"content":{"rendered":"<p>La pression aura \u00e9t\u00e9 trop forte. <a href=\"https:\/\/www.lalsace.fr\/societe\/2025\/09\/05\/diocese-de-strasbourg-les-retours-du-chanoine-hubert-schmitt-et-de-l-eveque-gilles-reithinger-provoquent-des-remous\" target=\"_blank\" rel=\"nofollow noopener\">Une dizaine de jours apr\u00e8s avoir \u00e9t\u00e9 officiellement r\u00e9tabli par Mgr \u00a0Delannoy<\/a> dans sa charge de vicaire g\u00e9n\u00e9ral, le chanoine Hubert Schmitt y renonce. Pour m\u00e9moire, cette charge lui avait \u00e9t\u00e9 retir\u00e9e par l\u2019ancien archev\u00eaque Luc Ravel \u00e0 la P\u00e2que 2023, alors que la plainte pour agression sexuelle d\u2019un ancien servant de messe allait \u00eatre rendue publique dans un film documentaire, La D\u00e9position. On y voit la victime pr\u00e9sum\u00e9e se rendre en gendarmerie et se confronter \u00e0 la m\u00e9moire parcellaire de son p\u00e8re, fervent catholique.<\/p>\n<p>\u00ab\u00a0Suite \u00e0 l\u2019enqu\u00eate approfondie men\u00e9e par le Parquet pendant trois ann\u00e9es cons\u00e9cutives, Madame la procureure de Mulhouse a mis un terme, le 21\u00a0octobre 2024, aux poursuites diligent\u00e9es \u00e0 mon encontre\u00a0\u00bb, rappelle\u00a0Hubert Schmitt dans un communiqu\u00e9 publi\u00e9 ce jour. \u00c9voquant \u00ab\u00a0l\u2019\u00e9moi suscit\u00e9\u00a0\u00bb par sa re-nomination, relay\u00e9e \u00ab\u00a0avec insistance\u00a0\u00bb par \u00ab\u00a0la presse et des r\u00e9seaux sociaux\u00a0\u00bb , le chanoine assure avoir pr\u00e9sent\u00e9 sa d\u00e9mission \u00e0 Pascal Delannoy \u00ab\u00a0en vue de pr\u00e9server la s\u00e9r\u00e9nit\u00e9 du gouvernement dioc\u00e9sain\u00a0\u00bb. Hubert Schmitt d\u00e9missionne \u00e9galement du p\u00f4le \u00ab\u00a0charit\u00e9 et soins\u00a0\u00bb auquel il avait \u00e9t\u00e9 nomm\u00e9 dans la foul\u00e9e. Il garde son titre de chanoine et continuera \u00e0 officier comme pr\u00eatre.<\/p>\n","protected":false},"excerpt":{"rendered":"La pression aura \u00e9t\u00e9 trop forte. Une dizaine de jours apr\u00e8s avoir \u00e9t\u00e9 officiellement r\u00e9tabli par Mgr \u00a0Delannoy&hellip;\n","protected":false},"author":2,"featured_media":381194,"comment_status":"","ping_status":"","sticky":false,"template":"","format":"standard","meta":{"footnotes":""},"categories":[2],"tags":[11,2389,107,1011,27,12,5889,25,104],"class_list":{"0":"post-381193","1":"post","2":"type-post","3":"status-publish","4":"format-standard","5":"has-post-thumbnail","7":"category-actualites","8":"tag-actualites","9":"tag-alsace","10":"tag-fil-info","11":"tag-fr","12":"tag-france","13":"tag-news","14":"tag-religion-croyance","15":"tag-republique-francaise","16":"tag-societe"},"share_on_mastodon":{"url":"https:\/\/pubeurope.com\/@fr\/115182120740669808","error":""},"_links":{"self":[{"href":"https:\/\/www.europesays.com\/fr\/wp-json\/wp\/v2\/posts\/381193","targetHints":{"allow":["GET"]}}],"collection":[{"href":"https:\/\/www.europesays.com\/fr\/wp-json\/wp\/v2\/posts"}],"about":[{"href":"https:\/\/www.europesays.com\/fr\/wp-json\/wp\/v2\/types\/post"}],"author":[{"embeddable":true,"href":"https:\/\/www.europesays.com\/fr\/wp-json\/wp\/v2\/users\/2"}],"replies":[{"embeddable":true,"href":"https:\/\/www.europesays.com\/fr\/wp-json\/wp\/v2\/comments?post=381193"}],"version-history":[{"count":0,"href":"https:\/\/www.europesays.com\/fr\/wp-json\/wp\/v2\/posts\/381193\/revisions"}],"wp:featuredmedia":[{"embeddable":true,"href":"https:\/\/www.europesays.com\/fr\/wp-json\/wp\/v2\/media\/381194"}],"wp:attachment":[{"href":"https:\/\/www.europesays.com\/fr\/wp-json\/wp\/v2\/media?parent=381193"}],"wp:term":[{"taxonomy":"category","embeddable":true,"href":"https:\/\/www.europesays.com\/fr\/wp-json\/wp\/v2\/categories?post=381193"},{"taxonomy":"post_tag","embeddable":true,"href":"https:\/\/www.europesays.com\/fr\/wp-json\/wp\/v2\/tags?post=381193"}],"curies":[{"name":"wp","href":"https:\/\/api.w.org\/{rel}","templated":true}]}}