{"id":381199,"date":"2025-09-10T21:30:17","date_gmt":"2025-09-10T21:30:17","guid":{"rendered":"https:\/\/www.europesays.com\/fr\/381199\/"},"modified":"2025-09-10T21:30:17","modified_gmt":"2025-09-10T21:30:17","slug":"les-magnifiques-propos-de-teddy-baubigny-sur-sa-prolongation-de-contrat-avec-toulon","status":"publish","type":"post","link":"https:\/\/www.europesays.com\/fr\/381199\/","title":{"rendered":"Les magnifiques propos de Teddy Baubigny sur sa prolongation de contrat avec Toulon"},"content":{"rendered":"<p>Le talonneur du Rugby Club Toulonnais, Teddy Baubigny a r\u00e9cemment prolong\u00e9 son contrat avec le XV de la Rade jusqu\u2019au mois de juin 2029.<\/p>\n<p>A l\u2019instant T, il est le joueur qui poss\u00e8de le contrat le plus long du groupe Varois.<\/p>\n<p>Interrog\u00e9 via <a href=\"https:\/\/www.rugbyrama.fr\/2025\/09\/10\/top-14-teddy-baubigny-toulon-je-dois-viser-lexcellence-avec-le-rct-pour-esperer-retourner-en-bleus-12920606.php\" rel=\"nofollow noopener\" target=\"_blank\">Midi Olympique<\/a>, l\u2019ancien joueur du Racing 92 a expliqu\u00e9 sa d\u00e9cision de poursuivre sa carri\u00e8re au RCT.<\/p>\n<p>Il indique n\u2019avoir absolument jamais h\u00e9sit\u00e9 \u00e0 prolonger son contrat.<\/p>\n<p>Teddy Baubigny tient d\u2019ailleurs de tr\u00e8s beaux propos concernant sa d\u00e9cision de rester \u00e0 Toulon.<\/p>\n<p><strong>A lire ci-dessous :<\/strong><\/p>\n<p>\u00ab\u00a0Il y a un \u00e9l\u00e9ment qui a \u00e9t\u00e9 important. Au bout de ma deuxi\u00e8me ann\u00e9e ici, alors que j\u2019\u00e9tais encore sous contrat pour deux ans, Pierre Mignoni m\u2019a soumis l\u2019id\u00e9e de prolonger. Il m\u2019a demand\u00e9 si j\u2019\u00e9tais int\u00e9ress\u00e9 et si je voulais prolonger sur le long terme avec Toulon. Honn\u00eatement, j\u2019ai \u00e9t\u00e9 plut\u00f4t flatt\u00e9, parce que les clubs attendent de plus en plus la derni\u00e8re ann\u00e9e ou les mois juste avant la derni\u00e8re ann\u00e9e pour lancer les n\u00e9gociations. J\u2019ai pris cela comme un bon signal. C\u2019\u00e9tait important, vraiment. <\/p>\n<p>La deuxi\u00e8me chose, c\u2019est que le club progresse chaque ann\u00e9e. Il y a une dynamique qui s\u2019est enclench\u00e9e : le titre en Challenge Cup, un barrage de Top 14, un quart de finale de Champions Cup, et une demi-finale de championnat. Je vois aussi un recrutement intelligent de la part du club. Tout est au vert ! <\/p>\n<p>Enfin, j\u2019ai toujours dit, depuis mon arriv\u00e9e ici, que je n\u2019avais pas envie de conna\u00eetre beaucoup de clubs dans ma carri\u00e8re. J\u2019ai envie d\u2019\u00eatre important l\u00e0 o\u00f9 je suis. Je m\u2019implique avec l\u2019envie, en \u00e9tant assez humble, de laisser une trace, d\u2019\u00eatre un vrai joueur de club tout en conservant une haute ambition.\u00a0\u00bb<\/p>\n<p>Dans la foul\u00e9e, Teddy Baubigny confirme avoir rapidement trouver un accord avec les dirigeants Toulonnais.<\/p>\n<p><strong>Il n\u2019\u00e9tait de toute fa\u00e7on pas int\u00e9ress\u00e9 par un \u00e9ventuel transfert et un changement de club. Extrait:<\/strong><\/p>\n<p>\u00ab\u00a0C\u2019est vrai, il n\u2019y a pas vraiment eu de sujets. Je n\u2019avais pas envie d\u2019ouvrir la concurrence \u00e0 un autre club que Toulon. Je n\u2019avais pas envie d\u2019entamer des n\u00e9gociations, souvent longues, avec tout le monde. Ici, je suis bien dans ma vie de tous les jours, j\u2019ai du temps de jeu, et je suis heureux d\u2019\u00eatre avec ces mecs. J\u2019\u00e9volue aussi dans un club qui joue les premiers r\u00f4les. <\/p>\n<p>Ma r\u00e9flexion a \u00e9t\u00e9 vite arr\u00eat\u00e9e. Puis, vous savez, le rugby est un sport magnifique, mais il devient de plus en plus pr\u00e9caire. Il y a des joueurs sans contrat, des blessures\u2026 Tout peut aller vite ! En m\u2019engageant sur le long terme, j\u2019ai la t\u00eate tranquille pour aller chercher de bonnes performances.\u00a0\u00bb<\/p>\n","protected":false},"excerpt":{"rendered":"Le talonneur du Rugby Club Toulonnais, Teddy Baubigny a r\u00e9cemment prolong\u00e9 son contrat avec le XV de la&hellip;\n","protected":false},"author":2,"featured_media":381200,"comment_status":"","ping_status":"","sticky":false,"template":"","format":"standard","meta":{"footnotes":""},"categories":[1416],"tags":[1011,27,479,1468,60],"class_list":{"0":"post-381199","1":"post","2":"type-post","3":"status-publish","4":"format-standard","5":"has-post-thumbnail","7":"category-rugby","8":"tag-fr","9":"tag-france","10":"tag-rugby","11":"tag-rugby-football","12":"tag-sports"},"share_on_mastodon":{"url":"https:\/\/pubeurope.com\/@fr\/115182136432323069","error":""},"_links":{"self":[{"href":"https:\/\/www.europesays.com\/fr\/wp-json\/wp\/v2\/posts\/381199","targetHints":{"allow":["GET"]}}],"collection":[{"href":"https:\/\/www.europesays.com\/fr\/wp-json\/wp\/v2\/posts"}],"about":[{"href":"https:\/\/www.europesays.com\/fr\/wp-json\/wp\/v2\/types\/post"}],"author":[{"embeddable":true,"href":"https:\/\/www.europesays.com\/fr\/wp-json\/wp\/v2\/users\/2"}],"replies":[{"embeddable":true,"href":"https:\/\/www.europesays.com\/fr\/wp-json\/wp\/v2\/comments?post=381199"}],"version-history":[{"count":0,"href":"https:\/\/www.europesays.com\/fr\/wp-json\/wp\/v2\/posts\/381199\/revisions"}],"wp:featuredmedia":[{"embeddable":true,"href":"https:\/\/www.europesays.com\/fr\/wp-json\/wp\/v2\/media\/381200"}],"wp:attachment":[{"href":"https:\/\/www.europesays.com\/fr\/wp-json\/wp\/v2\/media?parent=381199"}],"wp:term":[{"taxonomy":"category","embeddable":true,"href":"https:\/\/www.europesays.com\/fr\/wp-json\/wp\/v2\/categories?post=381199"},{"taxonomy":"post_tag","embeddable":true,"href":"https:\/\/www.europesays.com\/fr\/wp-json\/wp\/v2\/tags?post=381199"}],"curies":[{"name":"wp","href":"https:\/\/api.w.org\/{rel}","templated":true}]}}