{"id":381203,"date":"2025-09-10T21:33:14","date_gmt":"2025-09-10T21:33:14","guid":{"rendered":"https:\/\/www.europesays.com\/fr\/381203\/"},"modified":"2025-09-10T21:33:14","modified_gmt":"2025-09-10T21:33:14","slug":"son-arrivee-en-motogp-se-serait-faite-sans-liberty-affirme-steiner","status":"publish","type":"post","link":"https:\/\/www.europesays.com\/fr\/381203\/","title":{"rendered":"Son arriv\u00e9e en MotoGP se serait faite sans Liberty, affirme Steiner"},"content":{"rendered":"<p>En faisant le choix de <a href=\"https:\/\/fr.motorsport.com\/motogp\/news\/steiner-officialise-tete-equipe-tech3-poncharal\/10756467\/\" target=\"_self\" rel=\"noopener nofollow\">racheter l&rsquo;\u00e9quipe Tech3 et de la diriger \u00e0 partir de 2026<\/a>, G\u00fcnther Steiner et son associ\u00e9 Richard Coleman font preuve de la plus grande humilit\u00e9. En d\u00e9pit de leur exp\u00e9rience, riche et multiple, en sports m\u00e9caniques, tous deux se voient comme des \u00ab\u00a0outsiders\u00a0\u00bb ayant tout \u00e0 apprendre des Grands Prix moto, ce qu&rsquo;ils feront durant plusieurs mois aux c\u00f4t\u00e9s d&rsquo;Herv\u00e9 Poncharal lors d&rsquo;une longue phase de transition.<\/p>\n<p>Pour autant, beaucoup voient dans l&rsquo;arriv\u00e9e de l&rsquo;ancien directeur de l&rsquo;\u00e9curie Haas et star du docu-s\u00e9rie qui a fait bondir la popularit\u00e9 de la Formule 1 sur Netflix le premier signe d&rsquo;une mutation du MotoGP vers un championnat qui portera d\u00e9sormais la patte de Liberty Media. <a href=\"https:\/\/fr.motorsport.com\/motogp\/news\/liberty-media-boucle-rachat-motogp\/10739023\/\" target=\"_self\" rel=\"noopener nofollow\">La prise de pouvoir du g\u00e9ant am\u00e9ricain est effective depuis cet \u00e9t\u00e9<\/a> et cela a d\u00e9j\u00e0 eu pour effet d&rsquo;accro\u00eetre la visibilit\u00e9 du championnat aupr\u00e8s d&rsquo;investisseurs.<\/p>\n<p>Lire aussi :<\/p>\n<p>Le nouveau duo \u00e0 la t\u00eate de Tech3 assure n\u00e9anmoins que leur int\u00e9r\u00eat pour le MotoGP n&rsquo;est pas n\u00e9 avec ce deal de Liberty et qu&rsquo;il trouve sa source dans la qualit\u00e9 du championnat, ind\u00e9pendamment de ce qu&rsquo;il adviendra d\u00e9sormais.<\/p>\n<p>\u00ab\u00a0Nous voulions vraiment faire quelque chose qui se fasse selon nos termes, sur lequel nous ayons pleinement le contr\u00f4le. Nous l&rsquo;envisageons avec un horizon de cinq ans et nous sommes tr\u00e8s excit\u00e9s de ce que nous allons pouvoir faire dans ce paddock\u00a0\u00bb, a d\u00e9clar\u00e9 le futur team principal Richard Coleman, lors de la conf\u00e9rence de presse organis\u00e9e \u00e0 l&rsquo;annonce de l&rsquo;accord. \u00ab\u00a0Nous l&rsquo;abordons avec une humilit\u00e9 totale et avec beaucoup de choses \u00e0 apprendre. Mais nous ne voulions pas juste venir grossir les rangs, donc nous avons cherch\u00e9 un projet qui soit apte \u00e0 conna\u00eetre le succ\u00e8s sur le long terme.\u00a0\u00bb<\/p>\n<p>\u00ab\u00a0Je veux \u00eatre clair sur un point, c&rsquo;est que G\u00fcnther et moi \u00e9tions pleinement engag\u00e9s vers le MotoGP, peu importe que la transaction de Liberty se fasse ou pas. Nous croyons dans le MotoGP, point\u00a0\u00bb, a affirm\u00e9 l&rsquo;Anglais, conscient de la croissance qu&rsquo;a d\u00e9j\u00e0 connu le championnat ces derni\u00e8res ann\u00e9es.<\/p>\n<p>   <img decoding=\"async\" draggable=\"false\" src=\"https:\/\/www.europesays.com\/fr\/wp-content\/uploads\/2025\/09\/race-start.jpg\" alt=\"Le d\u00e9part\" width=\"1200\" height=\"800\" loading=\"lazy\"\/> <\/p>\n<p class=\"title\">Le d\u00e9part<\/p>\n<p class=\"photographer\">Photo de: Gold and Goose Photography \/ LAT Images \/ via Getty Images<\/p>\n<p>\u00ab\u00a0Je pense que ce championnat se d\u00e9veloppait d\u00e9j\u00e0 avant l&rsquo;accord avec Liberty, qu&rsquo;il s&rsquo;agisse des fr\u00e9quentations records sur place ou des audiences TV en hausse\u00a0\u00bb, a-t-il ajout\u00e9. \u00ab\u00a0Nous voyons donc Liberty en quelque sorte comme un acc\u00e9l\u00e9rateur. Le championnat est peut-\u00eatre un peu dans certaines parties du monde, et cela va certainement changer avec les plans de Liberty, mais nous le voyons vraiment comme un acc\u00e9l\u00e9rateur.\u00a0\u00bb<\/p>\n<p>\u00ab\u00a0Nous avons d\u00e9but\u00e9 cela avant que Liberty soit impliqu\u00e9. Cela ne d\u00e9pendait pas du fait que Liberty vienne ou pas. Nous avons vu du potentiel\u00a0\u00bb, a confirm\u00e9 G\u00fcnther Steiner. \u00ab\u00a0Le potentiel est partout. Je pense que le plus grand potentiel est d&rsquo;attirer plus de monde, de faire en sorte que plus de personnes le regardent. C&rsquo;est un sport tr\u00e8s excitant. Quand on regarde les courses, on voit que ce sont des luttes d&rsquo;homme \u00e0 homme\u00a0\u2013\u00a0certes, sur des machines. Il est tr\u00e8s rare qu&rsquo;il y ait des moments ennuyeux pendant les courses, et il faudrait que plus de monde le sache, sache \u00e0 quel point c&rsquo;est excitant. Cela nous aiderait.\u00a0\u00bb<\/p>\n<p>\u00ab\u00a0Il y a d\u00e9j\u00e0 beaucoup de monde qui le suivent mais je pense qu&rsquo;il existe le potentiel de faire grandir cela dans des pays o\u00f9, pour le moment, il n&rsquo;est pas aussi pr\u00e9sent, comme les \u00c9tats-Unis. Il y a beaucoup d&rsquo;opportunit\u00e9s\u00a0\u00bb, a constat\u00e9 le futur PDG de Tech3.<\/p>\n<p>Lire aussi :<\/p>\n<p>Ne surtout pas chercher \u00e0 copier la Formule 1<\/p>\n<p>Avec les quelques premiers Grands Prix auxquels il a assist\u00e9 et les \u00e9changes qui ont men\u00e9 \u00e0 son investissement, G\u00fcnther Steiner s&rsquo;est d\u00e9j\u00e0 fait une id\u00e9e de son nouvel environnement. Et la premi\u00e8re diff\u00e9rence qu&rsquo;il a not\u00e9e avec la Formule 1 n&rsquo;est pas forc\u00e9ment l\u00e0 o\u00f9 l&rsquo;on s&rsquo;y attendrait.<\/p>\n<p>\u00ab\u00a0Nous avons \u00e9t\u00e9 bien accueillis ici\u00a0\u00bb, a-t-il r\u00e9pondu lorsqu&rsquo;il a \u00e9t\u00e9 interrog\u00e9 sur ce point. \u00ab\u00a0En Formule 1, franchement, il y a plus de pression. Il y en a ici aussi mais il s&rsquo;agit plus d&rsquo;une pression sportive, alors qu&rsquo;en F1 c&rsquo;est plus politique. J&rsquo;ai donc \u00e9t\u00e9 surpris par l&rsquo;accueil qui m&rsquo;a \u00e9t\u00e9 r\u00e9serv\u00e9. Pour \u00eatre honn\u00eate, je suis quelqu&rsquo;un de l&rsquo;ext\u00e9rieur et j&rsquo;ai \u00e9t\u00e9 bien accueilli, ce qui m&rsquo;a paru tr\u00e8s bizarre car \u00e7a n&rsquo;est pas le cas partout.\u00a0\u00bb<\/p>\n<p>   <img decoding=\"async\" draggable=\"false\" src=\"https:\/\/www.europesays.com\/fr\/wp-content\/uploads\/2025\/09\/guenther-steiner-with-luigi-da.jpg\" alt=\"G\u00fcnther Steiner s'est senti bien accueilli en MotoGP.\" width=\"1200\" height=\"800\" loading=\"lazy\"\/> <\/p>\n<p class=\"title\">G\u00fcnther Steiner s&rsquo;est senti bien accueilli en MotoGP.<\/p>\n<p class=\"photographer\">Photo de: Gold and Goose Photography \/ LAT Images \/ via Getty Images<\/p>\n<p>S&rsquo;il conc\u00e8de pouvoir \u00eatre \u00ab\u00a0un lien\u00a0\u00bb entre F1 et MotoGP du fait de sa connaissance fine de la cat\u00e9gorie reine du sport auto, G\u00fcnther Steiner pr\u00e9f\u00e8re envisager une \u00e9ventuelle inspiration de l&rsquo;un pour l&rsquo;autre, plut\u00f4t qu&rsquo;une volont\u00e9 de copier un championnat qui ne correspond pas \u00e0 l&rsquo;ADN des courses moto.<\/p>\n<p>\u00ab\u00a0Je ne pense pas qu&rsquo;il faille copier ce qu&rsquo;a fait la F1. Il faut regarder, analyser ce qui a \u00e9t\u00e9 fait et ce qui a fonctionn\u00e9 ou pas, par exemple tout ce qui a \u00e9t\u00e9 fait sur les r\u00e9seaux sociaux pour obtenir cette croissance. Il ne faut pas non plus oublier que la Formule 1 a aussi eu un peu de chance \u00e0 la p\u00e9riode du Covid, car ils ont tr\u00e8s bien r\u00e9agi et repris du sport en direct. Beaucoup de monde attendait simplement des \u00e9v\u00e9nements en direct, alors ils l&rsquo;ont regard\u00e9 et ont continu\u00e9 ensuite\u00a0\u00bb, a soulign\u00e9 la star de Netflix.<\/p>\n<p>\u00ab\u00a0Chaque sport a sa propre histoire \u00e0 raconter, sa propre mani\u00e8re d&rsquo;\u00eatre. Maintenant que Liberty l&rsquo;a rachet\u00e9, beaucoup de personnes pensent que [le MotoGP] va \u00eatre un copier-coller de la Formule 1, mais je ne pense pas qu&rsquo;ils vont faire cela. La famille Ezpeleta est toujours aux manettes et ils savent ce qui est important en MotoGP. Ils n&rsquo;ont pas besoin de copier qui que ce soit, car ils peuvent \u00e9crire leur propre histoire. Il y a suffisamment d&rsquo;ingr\u00e9dients et de bonnes personnes pour \u00e9crire leur propre histoire, sans avoir besoin de regarder ailleurs pour faire pareil.\u00a0\u00bb<\/p>\n<p>\u00ab\u00a0Il faut toujours regarder ce que font d&rsquo;autres sports font, pas seulement la Formule 1, pour en apprendre des choses\u00a0\u00bb, a conc\u00e9d\u00e9 G\u00fcnther Steiner. \u00ab\u00a0Mais il ne s&rsquo;agit pas de prendre ce qui se fait ailleurs pour le copier, c&rsquo;est inutile. Le MotoGP peut faire les choses \u00e0 sa mani\u00e8re et avoir du succ\u00e8s. Enfin, ils le font d\u00e9j\u00e0, ils ne m&rsquo;ont pas attendu pour avoir du succ\u00e8s. Ils en ont et en auront encore plus \u00e0 l&rsquo;avenir. Liberty va assur\u00e9ment aider \u00e0 cela, car c&rsquo;est une entreprise am\u00e9ricaine, qui conna\u00eet le sport et l&rsquo;entertainement, et ils vont apporter des choses aux fans que les fans ici vont appr\u00e9cier.\u00a0\u00bb<\/p>\n<p>Lire aussi :<\/p>\n<p>Dans cet article<\/p>\n<p>Soyez le premier inform\u00e9 et souscrivez aux alertes mails pour recevoir les infos en temps r\u00e9el<\/p>\n<p>    S&rsquo;abonner aux alertes de news<\/p>\n","protected":false},"excerpt":{"rendered":"En faisant le choix de racheter l&rsquo;\u00e9quipe Tech3 et de la diriger \u00e0 partir de 2026, G\u00fcnther Steiner&hellip;\n","protected":false},"author":2,"featured_media":381204,"comment_status":"","ping_status":"","sticky":false,"template":"","format":"standard","meta":{"footnotes":""},"categories":[1413],"tags":[51443,1011,27,1457,1456,1458,51442,60,3374],"class_list":{"0":"post-381203","1":"post","2":"type-post","3":"status-publish","4":"format-standard","5":"has-post-thumbnail","7":"category-moto","8":"tag-affirme-steiner","9":"tag-fr","10":"tag-france","11":"tag-moto","12":"tag-motocycle","13":"tag-motogp","14":"tag-son-arrivu00e9e-en-motogp-se-serait-faite-sans-liberty","15":"tag-sports","16":"tag-tech-3"},"share_on_mastodon":{"url":"https:\/\/pubeurope.com\/@fr\/115182148669645324","error":""},"_links":{"self":[{"href":"https:\/\/www.europesays.com\/fr\/wp-json\/wp\/v2\/posts\/381203","targetHints":{"allow":["GET"]}}],"collection":[{"href":"https:\/\/www.europesays.com\/fr\/wp-json\/wp\/v2\/posts"}],"about":[{"href":"https:\/\/www.europesays.com\/fr\/wp-json\/wp\/v2\/types\/post"}],"author":[{"embeddable":true,"href":"https:\/\/www.europesays.com\/fr\/wp-json\/wp\/v2\/users\/2"}],"replies":[{"embeddable":true,"href":"https:\/\/www.europesays.com\/fr\/wp-json\/wp\/v2\/comments?post=381203"}],"version-history":[{"count":0,"href":"https:\/\/www.europesays.com\/fr\/wp-json\/wp\/v2\/posts\/381203\/revisions"}],"wp:featuredmedia":[{"embeddable":true,"href":"https:\/\/www.europesays.com\/fr\/wp-json\/wp\/v2\/media\/381204"}],"wp:attachment":[{"href":"https:\/\/www.europesays.com\/fr\/wp-json\/wp\/v2\/media?parent=381203"}],"wp:term":[{"taxonomy":"category","embeddable":true,"href":"https:\/\/www.europesays.com\/fr\/wp-json\/wp\/v2\/categories?post=381203"},{"taxonomy":"post_tag","embeddable":true,"href":"https:\/\/www.europesays.com\/fr\/wp-json\/wp\/v2\/tags?post=381203"}],"curies":[{"name":"wp","href":"https:\/\/api.w.org\/{rel}","templated":true}]}}