{"id":381208,"date":"2025-09-10T21:36:15","date_gmt":"2025-09-10T21:36:15","guid":{"rendered":"https:\/\/www.europesays.com\/fr\/381208\/"},"modified":"2025-09-10T21:36:15","modified_gmt":"2025-09-10T21:36:15","slug":"kylian-mbappe-le-tacle-inattendu-de-sa-mere","status":"publish","type":"post","link":"https:\/\/www.europesays.com\/fr\/381208\/","title":{"rendered":"Kylian Mbapp\u00e9, le tacle inattendu de sa m\u00e8re"},"content":{"rendered":"<p class=\"heading\">Apr\u00e8s une p\u00e9riode faste, Kylian Mbapp\u00e9 est tomb\u00e9 de son pi\u00e9destal, avec les critiques qui sont de plus en plus nombreuses. C\u2019est notamment le cas pour son travail au profit du collectif, souvent point\u00e9 du doigt par les observateurs&#8230; m\u00eame les plus inattendus ! <\/p>\n<p>La premi\u00e8re saison au<strong> Real Madrid<\/strong> n\u2019a pas vraiment \u00e9t\u00e9 parfaite. Si sur le plan individuel <strong>Kylian Mbapp\u00e9<\/strong> a encore brill\u00e9, c\u2019est plut\u00f4t sur le collectif que \u00e7a a p\u00e9ch\u00e9. Et \u00e7a s\u2019est \u00e9videmment r\u00e9percut\u00e9 sur l\u2019<strong>\u00e9quipe de France<\/strong> de <strong>Didier Deschamps<\/strong>, avec quelques faux pas m\u00e9morables ces derni\u00e8res ann\u00e9es. <\/p>\n<p>                                            Un nouveau Kylian Mbapp\u00e9 ? <\/p>\n<p>Les critiques semblent \u00eatre arriv\u00e9es aux oreilles de la star fran\u00e7aise, puisque depuis le d\u00e9but de la saison certains notent un gros changement dans son jeu. Certains parlent de la nouvelle influence de <strong>Xabi Alonso<\/strong>, qui a pris la place de <strong>Carlo Ancelotti<\/strong> sur le banc du <strong>Real Madrid<\/strong>. Sa belle prestation contre l\u2019<strong>Islande<\/strong> ce mardi (2-1), semble \u00e9galement annoncer du mieux en <strong>\u00e9quipe de France<\/strong>. <\/p>\n<p>                                            \u00ab Depuis l&rsquo;\u00e2ge de 4 ans, il ne d\u00e9fend pas ! \u00bb <\/p>\n<p>Mais on ne se d\u00e9barrasse pas aussi facilement d\u2019une mauvaise r\u00e9putation et <a href=\"https:\/\/le10sport.com\/football\/equipe-de-france\/accusations-de-viol-mbappe-regle-ses-comptes-757500\" rel=\"nofollow noopener\" target=\"_blank\">Kylian Mbapp\u00e9<\/a> peut compter sur sa m\u00e8re pour le lui rappeler ! \u00ab Sur le terrain, quand il joue et qu&rsquo;il ne d\u00e9fend pas, je reconnais aussi bien mon fils. Depuis l&rsquo;\u00e2ge de 4 ans, il ne d\u00e9fend pas ! (Elle rit.) \u00bb a plaisant\u00e9 <strong>Fayza Lamari<\/strong>, dans un entretien publi\u00e9 dans L\u2019Equipe Magazine. <\/p>\n","protected":false},"excerpt":{"rendered":"Apr\u00e8s une p\u00e9riode faste, Kylian Mbapp\u00e9 est tomb\u00e9 de son pi\u00e9destal, avec les critiques qui sont de plus&hellip;\n","protected":false},"author":2,"featured_media":381209,"comment_status":"","ping_status":"","sticky":false,"template":"","format":"standard","meta":{"footnotes":""},"categories":[1410],"tags":[63,1011,27,60],"class_list":{"0":"post-381208","1":"post","2":"type-post","3":"status-publish","4":"format-standard","5":"has-post-thumbnail","7":"category-football","8":"tag-football","9":"tag-fr","10":"tag-france","11":"tag-sports"},"share_on_mastodon":{"url":"https:\/\/pubeurope.com\/@fr\/115182160047275474","error":""},"_links":{"self":[{"href":"https:\/\/www.europesays.com\/fr\/wp-json\/wp\/v2\/posts\/381208","targetHints":{"allow":["GET"]}}],"collection":[{"href":"https:\/\/www.europesays.com\/fr\/wp-json\/wp\/v2\/posts"}],"about":[{"href":"https:\/\/www.europesays.com\/fr\/wp-json\/wp\/v2\/types\/post"}],"author":[{"embeddable":true,"href":"https:\/\/www.europesays.com\/fr\/wp-json\/wp\/v2\/users\/2"}],"replies":[{"embeddable":true,"href":"https:\/\/www.europesays.com\/fr\/wp-json\/wp\/v2\/comments?post=381208"}],"version-history":[{"count":0,"href":"https:\/\/www.europesays.com\/fr\/wp-json\/wp\/v2\/posts\/381208\/revisions"}],"wp:featuredmedia":[{"embeddable":true,"href":"https:\/\/www.europesays.com\/fr\/wp-json\/wp\/v2\/media\/381209"}],"wp:attachment":[{"href":"https:\/\/www.europesays.com\/fr\/wp-json\/wp\/v2\/media?parent=381208"}],"wp:term":[{"taxonomy":"category","embeddable":true,"href":"https:\/\/www.europesays.com\/fr\/wp-json\/wp\/v2\/categories?post=381208"},{"taxonomy":"post_tag","embeddable":true,"href":"https:\/\/www.europesays.com\/fr\/wp-json\/wp\/v2\/tags?post=381208"}],"curies":[{"name":"wp","href":"https:\/\/api.w.org\/{rel}","templated":true}]}}