{"id":381210,"date":"2025-09-10T21:37:10","date_gmt":"2025-09-10T21:37:10","guid":{"rendered":"https:\/\/www.europesays.com\/fr\/381210\/"},"modified":"2025-09-10T21:37:10","modified_gmt":"2025-09-10T21:37:10","slug":"sa-mere-brise-le-silence","status":"publish","type":"post","link":"https:\/\/www.europesays.com\/fr\/381210\/","title":{"rendered":"sa m\u00e8re brise le silence"},"content":{"rendered":"<p>Kylian Mbapp\u00e9 n\u2019a toujours pas de permis<br \/>\nde conduire \u00e0 26 ans, un d\u00e9tail qui intrigue et amuse\u2026 mais on<br \/>\nconna\u00eet enfin la raison.<\/p>\n<p data-start=\"769\" data-end=\"1123\">\u00c0 26 ans, Kylian Mbapp\u00e9 est<br \/>\nd\u00e9j\u00e0 champion du monde, star du Real Madrid et pr\u00e9tendant au Ballon<br \/>\nd\u2019Or. Pourtant, un d\u00e9tail continue de surprendre ses fans et ses<br \/>\nd\u00e9tracteurs : l\u2019attaquant n\u2019a toujours pas de permis de conduire.<br \/>\nUne singularit\u00e9 qui lui a valu, \u00e0 plusieurs reprises, des moqueries<br \/>\nsur les r\u00e9seaux sociaux et m\u00eame dans des chansons de rap.<\/p>\n<p>La vraie raison derri\u00e8re<br \/>\nl\u2019absence de permis de Mbapp\u00e9<\/p>\n<p data-start=\"1167\" data-end=\"1532\">La raison de ce choix \u00e9tonnant<br \/>\na \u00e9t\u00e9 d\u00e9voil\u00e9e par sa m\u00e8re, Fayza Lamari, <a href=\"https:\/\/www.lequipe.fr\/Football\/Article\/Fayza-lamari-mere-de-kylian-mbappe-c-est-l-homme-qu-il-est-devenu-qui-me-rend-fiere\/1591800\" rel=\"nofollow noopener\" target=\"_blank\"><br \/>\ndans un entretien accord\u00e9 \u00e0 L\u2019\u00c9quipe.<\/a> Elle y explique que son fils n\u2019a jamais<br \/>\npu passer le permis \u00e0 Paris pour des raisons de s\u00e9curit\u00e9 et<br \/>\nd\u2019organisation. \u00c0 Madrid, la situation est diff\u00e9rente, plus calme,<br \/>\nmais Mbapp\u00e9 freine encore face \u00e0 l\u2019id\u00e9e de passer le code, qu\u2019il<br \/>\njuge \u00ab fatigant \u00bb.<\/p>\n<p data-start=\"1562\" data-end=\"1906\">Fayza Lamari insiste pourtant<br \/>\n: pour elle, conduire serait b\u00e9n\u00e9fique \u00e0 son fils. \u00ab Tu vas<br \/>\nvoir, \u00e7a va te faire du bien d\u2019avoir trente minutes avec toi-m\u00eame,<br \/>\nsans chauffeur, sans agent de s\u00e9curit\u00e9 \u00bb, lui a-t-elle gliss\u00e9.<br \/>\nPour Mbapp\u00e9, habitu\u00e9 \u00e0 \u00eatre constamment entour\u00e9, ce serait une rare<br \/>\noccasion de retrouver un peu d\u2019intimit\u00e9 et de libert\u00e9.<\/p>\n<p>Une situation qui amuse les<br \/>\ncritiques<\/p>\n<p data-start=\"1953\" data-end=\"2259\">Le sujet est devenu un running<br \/>\ngag. R\u00e9cemment, <a href=\"https:\/\/www.footmercato.net\/a5329944474375167065-kylian-mbappe-encore-attaque-par-booba\" rel=\"nofollow noopener\" target=\"_blank\"><br \/>\nle rappeur Booba s\u2019en est m\u00eame servi comme punchline dans un<br \/>\nextrait diffus\u00e9 sur Twitch<\/a> : \u00ab T\u2019as pas le permis comme<br \/>\nKyky de Bondy \u00bb. Une pique qui a fait rire les internautes,<br \/>\nillustrant combien ce d\u00e9tail de sa vie priv\u00e9e a d\u00e9pass\u00e9 le simple<br \/>\ncadre sportif.<\/p>\n<p data-start=\"2316\" data-end=\"2671\">Au-del\u00e0 de la s\u00e9curit\u00e9, le<br \/>\nprobl\u00e8me vient aussi de l\u2019agenda. Les semaines de Mbapp\u00e9 sont<br \/>\nsatur\u00e9es de matchs, d\u2019entra\u00eenements et de sollicitations<br \/>\nm\u00e9diatiques. Trouver le temps d\u2019apprendre le code et de suivre les<br \/>\nle\u00e7ons de conduite rel\u00e8ve presque de l\u2019impossible, surtout quand<br \/>\nchaque d\u00e9placement est d\u00e9j\u00e0 encadr\u00e9 par le club et par ses gardes<br \/>\ndu corps.<\/p>\n","protected":false},"excerpt":{"rendered":"Kylian Mbapp\u00e9 n\u2019a toujours pas de permis de conduire \u00e0 26 ans, un d\u00e9tail qui intrigue et amuse\u2026&hellip;\n","protected":false},"author":2,"featured_media":381211,"comment_status":"","ping_status":"","sticky":false,"template":"","format":"standard","meta":{"footnotes":""},"categories":[1359],"tags":[58,59,1011,27,973],"class_list":{"0":"post-381210","1":"post","2":"type-post","3":"status-publish","4":"format-standard","5":"has-post-thumbnail","7":"category-people","8":"tag-divertissement","9":"tag-entertainment","10":"tag-fr","11":"tag-france","12":"tag-people"},"share_on_mastodon":{"url":"https:\/\/pubeurope.com\/@fr\/115182163986227379","error":""},"_links":{"self":[{"href":"https:\/\/www.europesays.com\/fr\/wp-json\/wp\/v2\/posts\/381210","targetHints":{"allow":["GET"]}}],"collection":[{"href":"https:\/\/www.europesays.com\/fr\/wp-json\/wp\/v2\/posts"}],"about":[{"href":"https:\/\/www.europesays.com\/fr\/wp-json\/wp\/v2\/types\/post"}],"author":[{"embeddable":true,"href":"https:\/\/www.europesays.com\/fr\/wp-json\/wp\/v2\/users\/2"}],"replies":[{"embeddable":true,"href":"https:\/\/www.europesays.com\/fr\/wp-json\/wp\/v2\/comments?post=381210"}],"version-history":[{"count":0,"href":"https:\/\/www.europesays.com\/fr\/wp-json\/wp\/v2\/posts\/381210\/revisions"}],"wp:featuredmedia":[{"embeddable":true,"href":"https:\/\/www.europesays.com\/fr\/wp-json\/wp\/v2\/media\/381211"}],"wp:attachment":[{"href":"https:\/\/www.europesays.com\/fr\/wp-json\/wp\/v2\/media?parent=381210"}],"wp:term":[{"taxonomy":"category","embeddable":true,"href":"https:\/\/www.europesays.com\/fr\/wp-json\/wp\/v2\/categories?post=381210"},{"taxonomy":"post_tag","embeddable":true,"href":"https:\/\/www.europesays.com\/fr\/wp-json\/wp\/v2\/tags?post=381210"}],"curies":[{"name":"wp","href":"https:\/\/api.w.org\/{rel}","templated":true}]}}