{"id":381214,"date":"2025-09-10T21:39:26","date_gmt":"2025-09-10T21:39:26","guid":{"rendered":"https:\/\/www.europesays.com\/fr\/381214\/"},"modified":"2025-09-10T21:39:26","modified_gmt":"2025-09-10T21:39:26","slug":"un-automne-en-bd-a-quebec-revue-les-libraires","status":"publish","type":"post","link":"https:\/\/www.europesays.com\/fr\/381214\/","title":{"rendered":"Un automne en BD \u00e0 Qu\u00e9bec \u2014 Revue Les libraires"},"content":{"rendered":"<p>        Alors que le <a href=\"https:\/\/quebecbd.com\/2025\/09\/02\/3e-mini-festival-quebec-bd\/\" target=\"_blank\" rel=\"noopener nofollow\">Mini-Festival Qu\u00e9bec BD<\/a> prendra son second envol le 13 septembre prochain, la <a href=\"https:\/\/maisonbd.com\/\" target=\"_blank\" rel=\"noopener nofollow\">Maison de la BD<\/a> annonce quant \u00e0 elle sa premi\u00e8re programmation de la rentr\u00e9e. Toutes les raisons sont bonnes pour c\u00e9l\u00e9brer le 9e art!<\/p>\n<p>Pour une journ\u00e9e, <a href=\"https:\/\/quebecbd.com\/\" target=\"_blank\" rel=\"noopener nofollow\">Qu\u00e9bec BD<\/a> s\u00e8me la joie avec ce Mini-Festival qui envahira la rue Saint-Jean de 12h \u00e0 18h, o\u00f9 des b\u00e9d\u00e9istes de la ville de Qu\u00e9bec se lanceront des d\u00e9fis de dessins, animeront des ateliers et feront des performances de toutes sortes. On pourra croiser les joyeuses bandes de Moelle Graphik, de Pow Pow et de La Flop\u00e9e ainsi que Caroline Soucy, Lesdeuxpareilles, Val\u00e9rie Boivin et PisHier, entre autres. Et si la pluie s\u2019invite le 13 septembre, la f\u00eate sera remise au lendemain. Pour en savoir plus, <a href=\"https:\/\/quebecbd.com\/2025\/09\/02\/3e-mini-festival-quebec-bd\/\" target=\"_blank\" rel=\"noopener nofollow\">c\u2019est ici<\/a>.<\/p>\n<p>De plus, Qu\u00e9bec BD offrira des expositions ext\u00e9rieures au fil de la saison. On d\u00e9bute avec <a href=\"https:\/\/www.leslibraires.ca\/livres\/le-petit-ramoneur-de-quebec-t-cedric-loth-9782923701882.html\" target=\"_blank\" rel=\"noopener nofollow\">Le petit ramoneur de Qu\u00e9bec : Mis\u00e8re noire<\/a>, de C\u00e9dric Loth, pr\u00e9sent\u00e9e au parc Maurice-Lortie, dans Charlesbourg et La vie et l\u2019\u0153uvre de Raoul Barr\u00e9, au parc du Pavillon Royal, \u00e0 Beauport. Les prochaines installations seront annonc\u00e9es sous peu.<\/p>\n<p>Inaugur\u00e9e en mai dernier, la <a href=\"https:\/\/maisonbd.com\/\" target=\"_blank\" rel=\"noopener nofollow\">Maison de la BD<\/a> invite petits et grands \u00e0 d\u00e9couvrir toutes les facettes de la bande dessin\u00e9e. Gr\u00e2ce \u00e0 la r\u00e9alit\u00e9 virtuelle d\u00e9ploy\u00e9e dans l\u2019exposition Cases du futur, les visiteurs et visiteuses pourront s\u2019impr\u00e9gner des univers de cr\u00e9ation de BD3D, Pop-Up Limoilou et d\u2019Une planche autour du monde. Des conf\u00e9rences in\u00e9dites, anim\u00e9es par des professionnels du milieu auront \u00e9galement lieu tout au long de l\u2019automne. Deux d\u2019entre elles gravitent autour du plus c\u00e9l\u00e8bre des reporters belges, soit Tintin et la m\u00e9t\u00e9orologie, par Richard Leduc, et La for\u00eat dans Tintin, par Jacques Poirier. On pourra \u00e9galement assister \u00e0 la pr\u00e9sentation de John Harbour, \u00c0 la d\u00e9couverte de Raoul Barr\u00e9 et \u00e0 celle de Michel Gigu\u00e8re, Des ombres dans le brouillard : Myst\u00e8res du 19e si\u00e8cle. Bien s\u00fbr, des ateliers aux sujets vari\u00e9s seront offerts, anim\u00e9s notamment par Bach, Chasa, Jean-Fran\u00e7ois Lalibert\u00e9 et Richard Vallerand. Tout un automne nous attend donc \u00e0 la Maison de la BD! Pour de plus amples informations sur la programmation, <a href=\"https:\/\/maisonbd.com\/\" target=\"_blank\" rel=\"noopener nofollow\">c\u2019est ici<\/a>.<\/p>\n","protected":false},"excerpt":{"rendered":"Alors que le Mini-Festival Qu\u00e9bec BD prendra son second envol le 13 septembre prochain, la Maison de la&hellip;\n","protected":false},"author":2,"featured_media":381215,"comment_status":"","ping_status":"","sticky":false,"template":"","format":"standard","meta":{"footnotes":""},"categories":[1357],"tags":[1379,58,59,1011,27,1380],"class_list":{"0":"post-381214","1":"post","2":"type-post","3":"status-publish","4":"format-standard","5":"has-post-thumbnail","7":"category-livres","8":"tag-books","9":"tag-divertissement","10":"tag-entertainment","11":"tag-fr","12":"tag-france","13":"tag-livres"},"share_on_mastodon":{"url":"https:\/\/pubeurope.com\/@fr\/115182171891150993","error":""},"_links":{"self":[{"href":"https:\/\/www.europesays.com\/fr\/wp-json\/wp\/v2\/posts\/381214","targetHints":{"allow":["GET"]}}],"collection":[{"href":"https:\/\/www.europesays.com\/fr\/wp-json\/wp\/v2\/posts"}],"about":[{"href":"https:\/\/www.europesays.com\/fr\/wp-json\/wp\/v2\/types\/post"}],"author":[{"embeddable":true,"href":"https:\/\/www.europesays.com\/fr\/wp-json\/wp\/v2\/users\/2"}],"replies":[{"embeddable":true,"href":"https:\/\/www.europesays.com\/fr\/wp-json\/wp\/v2\/comments?post=381214"}],"version-history":[{"count":0,"href":"https:\/\/www.europesays.com\/fr\/wp-json\/wp\/v2\/posts\/381214\/revisions"}],"wp:featuredmedia":[{"embeddable":true,"href":"https:\/\/www.europesays.com\/fr\/wp-json\/wp\/v2\/media\/381215"}],"wp:attachment":[{"href":"https:\/\/www.europesays.com\/fr\/wp-json\/wp\/v2\/media?parent=381214"}],"wp:term":[{"taxonomy":"category","embeddable":true,"href":"https:\/\/www.europesays.com\/fr\/wp-json\/wp\/v2\/categories?post=381214"},{"taxonomy":"post_tag","embeddable":true,"href":"https:\/\/www.europesays.com\/fr\/wp-json\/wp\/v2\/tags?post=381214"}],"curies":[{"name":"wp","href":"https:\/\/api.w.org\/{rel}","templated":true}]}}