{"id":381216,"date":"2025-09-10T21:40:09","date_gmt":"2025-09-10T21:40:09","guid":{"rendered":"https:\/\/www.europesays.com\/fr\/381216\/"},"modified":"2025-09-10T21:40:09","modified_gmt":"2025-09-10T21:40:09","slug":"un-si-grand-soleil-en-avance-au-bord-de-la-rupture-boris-sen-prend-violemment-a-elisabeth-puis-a-muriel-la-situation-de-catherine-en-prison-est-desesperee-le-resume-de-lepisode-1747","status":"publish","type":"post","link":"https:\/\/www.europesays.com\/fr\/381216\/","title":{"rendered":"Un si grand soleil en avance : Au bord de la rupture, Boris s&#039;en prend violemment \u00e0 \u00c9lisabeth puis \u00e0 Muriel, la situation de Catherine en prison est d\u00e9sesp\u00e9r\u00e9e ! Le r\u00e9sum\u00e9 de l&#039;\u00e9pisode 1747 du jeudi 11 septembre 2025 &#8211; programme-tv.net"},"content":{"rendered":"<ol>\n<li><a href=\"https:\/\/news.google.com\/rss\/articles\/CBMi-gJBVV95cUxNRldUSUJCYmx3QzFYVW82cWwtdlpKTmcydlhEanN1ZTYxWlJMcG10cGN6bzB1OTZQV1dPVTBuRjJZcjQ2VVhIUW9aUmdjQjAwUXFjdlFGQjI2T0J4LUZrSXVZT0FVNUQ1N2NjbTAyWDU3amF1dWZqX1ZWOFkzRDRpUGdDQTRVM3FqS3huSFNfaFJ3UUFDR3ZGZmtsVW9vcl82OFNaMmpDQy15QVRkcXBKbDMtd3RYTm9BU3RNMDE1ZzlrUWEtWGxCaFhJTUJnVmh6SjFNR1VDX1R2Z1NiOTgyUEJQeTg4QUY1UEhJZHZtRkhKYXRlQkVtR2hoREdGTWsyTXowU3FhR1AwSlowdDkwN1AwZl9JaEgyUVFtMy1yOGFQQWQ1YllXX01GU0Fwdm1IX2xkclUyX0NjSXZLTGJodWtRNHYyWWtTSER6Zm8yY0diSU9obFBka3V1aUp4ZEtlSFlzUjR0Q1ZVaHNQQm1DU0VXbFN6Sm1NcVE?oc=5\" target=\"_blank\" rel=\"nofollow noopener\">Un si grand soleil en avance : Au bord de la rupture, Boris s&rsquo;en prend violemment \u00e0 \u00c9lisabeth puis \u00e0 Muriel, la situation de Catherine en prison est d\u00e9sesp\u00e9r\u00e9e ! Le r\u00e9sum\u00e9 de l&rsquo;\u00e9pisode 1747 du jeudi 11 septembre 2025<\/a>&nbsp;&nbsp;programme-tv.net<\/li>\n<li><a href=\"https:\/\/news.google.com\/rss\/articles\/CBMiwwFBVV95cUxQTmkzcnB3c0l3ZktycU9Vc2pwUVhSYW94LWNjQzRUOE5xbHJWeUpjc042Z1VyM25EMjF4ZE8zbERUQmZrbFVEUzNTeE5mN3VKOFNjVzBUUHdFSnp3YlZUYU5DdUhOcHhSRmw1Tnp1ZE9NMm5EUkhlY1NwbHI4alVzeDdidHB2bU9RM3cySXNzNVdpZE5jdnVtMmN6MmM1RUhQbmY0RFloZWk5NVlkR0dzdkR3YkJicjRObGlhb1o4cFIxNk0?oc=5\" target=\"_blank\" rel=\"nofollow noopener\">Un si grand soleil<\/a>&nbsp;&nbsp;France TV<\/li>\n<li><a href=\"https:\/\/news.google.com\/rss\/articles\/CBMifkFVX3lxTE54VVE5bGNwak9jR2hSVnItbnV5Q1BVWmpVWEhIM1lIMGdkRVFPVjFhTnRpWGFnRXVWTFA4a0luN1dxVGdrOVZPSVlzVDRpVDZ6eGV3cU9hWE10ZzQtVzhGNVdyV1N5eXV3ZDZKVzh2ZGl3cXp5QW1wRHc2dnZlUQ?oc=5\" target=\"_blank\" rel=\"nofollow noopener\">Un Si Grand Soleil : \u00ab\u00a0Je n\u2019ai plus rien \u00e0 faire ici\u00a0\u00bb&#8230; Rien ne va plus entre Boris et Muriel<\/a>&nbsp;&nbsp;AlloCin\u00e9<\/li>\n<li><a href=\"https:\/\/news.google.com\/rss\/articles\/CBMihgFBVV95cUxQcW5RclVyaWdfc0hZbkxybWJUbFJ0VWswRnAyMVRnSUZUR2x5QjQxQ095RlBfdXl5MzhtRldoelZDNmQyRVdnaUl2U0ZKR1FsRGNkay1JZ0Q5SzAybmRRZzUxREdhbXdzaGZLRXVCM3plSUdoek1ESnlOWjg3MUxWeEpyRkVYUQ?oc=5\" target=\"_blank\" rel=\"nofollow noopener\">Un Si Grand Soleil en avance : r\u00e9sum\u00e9 de l\u2019\u00e9pisode du mercredi 10 septembre 2025 [SPOILERS]<\/a>&nbsp;&nbsp;Yahoo Actualit\u00e9s<\/li>\n<li><a href=\"https:\/\/news.google.com\/rss\/articles\/CBMiiAJBVV95cUxNZG9oOEx4YlI0cTZ2ZlNGYkpqY3l2YndRQ1g1MWU3T0VLREd3N1g1RWpKUHFva2hpNUc0Mko4QVprNUtzMWw4YnpYYldaakdFMkQyRDIxR0Q1bzlfSWI1LTg2blh5WVV1WVIyakRVRXEzbDBJelk5Y2NnMVd0SVJLQjV3TDdWcnNnWjlPcEtPU2FlNDNJNDRmQWxiOFQwV0N2SFhPZWFjSWtfWTJZekdTdVNxbno0d18xYWNPb0NRQmV3bkZoOENMZS1GblRuUlRWQTFRQlQwMTZ5QzM3bUgyMEdPb01vS2JoT2M0OWZHdUZrSDRjSjE3RlpydU5VSGNZanRpQlhMSnA?oc=5\" target=\"_blank\" rel=\"nofollow noopener\">Pablo pi\u00e9g\u00e9 par Achille : victime de vengeance et de racisme- Un si grand soleil 24 septembre 2025 (\u00e9pisode 1756 &#8211; r\u00e9sum\u00e9 complet USGS)<\/a>&nbsp;&nbsp;Nouveaut\u00e9s-T\u00e9l\u00e9.com<\/li>\n<\/ol>\n","protected":false},"excerpt":{"rendered":"Un si grand soleil en avance : Au bord de la rupture, Boris s&rsquo;en prend violemment \u00e0 \u00c9lisabeth&hellip;\n","protected":false},"author":2,"featured_media":1445,"comment_status":"","ping_status":"","sticky":false,"template":"","format":"standard","meta":{"footnotes":""},"categories":[1356],"tags":[58,59,1011,27,252,1364],"class_list":{"0":"post-381216","1":"post","2":"type-post","3":"status-publish","4":"format-standard","5":"has-post-thumbnail","7":"category-television","8":"tag-divertissement","9":"tag-entertainment","10":"tag-fr","11":"tag-france","12":"tag-television","13":"tag-tv"},"share_on_mastodon":{"url":"https:\/\/pubeurope.com\/@fr\/115182175811524788","error":""},"_links":{"self":[{"href":"https:\/\/www.europesays.com\/fr\/wp-json\/wp\/v2\/posts\/381216","targetHints":{"allow":["GET"]}}],"collection":[{"href":"https:\/\/www.europesays.com\/fr\/wp-json\/wp\/v2\/posts"}],"about":[{"href":"https:\/\/www.europesays.com\/fr\/wp-json\/wp\/v2\/types\/post"}],"author":[{"embeddable":true,"href":"https:\/\/www.europesays.com\/fr\/wp-json\/wp\/v2\/users\/2"}],"replies":[{"embeddable":true,"href":"https:\/\/www.europesays.com\/fr\/wp-json\/wp\/v2\/comments?post=381216"}],"version-history":[{"count":0,"href":"https:\/\/www.europesays.com\/fr\/wp-json\/wp\/v2\/posts\/381216\/revisions"}],"wp:featuredmedia":[{"embeddable":true,"href":"https:\/\/www.europesays.com\/fr\/wp-json\/wp\/v2\/media\/1445"}],"wp:attachment":[{"href":"https:\/\/www.europesays.com\/fr\/wp-json\/wp\/v2\/media?parent=381216"}],"wp:term":[{"taxonomy":"category","embeddable":true,"href":"https:\/\/www.europesays.com\/fr\/wp-json\/wp\/v2\/categories?post=381216"},{"taxonomy":"post_tag","embeddable":true,"href":"https:\/\/www.europesays.com\/fr\/wp-json\/wp\/v2\/tags?post=381216"}],"curies":[{"name":"wp","href":"https:\/\/api.w.org\/{rel}","templated":true}]}}