{"id":381217,"date":"2025-09-10T21:41:12","date_gmt":"2025-09-10T21:41:12","guid":{"rendered":"https:\/\/www.europesays.com\/fr\/381217\/"},"modified":"2025-09-10T21:41:12","modified_gmt":"2025-09-10T21:41:12","slug":"jack-depp-le-fils-si-discret-de-johnny-depp-et-vanessa-paradis","status":"publish","type":"post","link":"https:\/\/www.europesays.com\/fr\/381217\/","title":{"rendered":"Jack Depp, le fils si discret de Johnny Depp et Vanessa Paradis"},"content":{"rendered":"<p><strong>PORTRAIT &#8211;<\/strong> Apr\u00e8s avoir longtemps \u00e9volu\u00e9 dans l\u2019ombre de ses illustres parents et de sa grande s\u0153ur Lily-Rose, le jeune homme de 23 ans attire aujourd\u2019hui l\u2019attention gr\u00e2ce \u00e0 sa participation au nouvel album de sa m\u00e8re.<\/p>\n<p class=\"fig-paragraph\">Si la moue boudeuse de<a href=\"https:\/\/madame.lefigaro.fr\/tag\/lily-rose-depp\" target=\"_blank\" data-fig-type=\"Keyword\" rel=\"sponsored noopener\" data-gtm-custom-categorie=\"navigation\" data-gtm-custom-action=\"crossclick\" data-gtm-custom-label=\"Contextuel\" data-gtm-event=\"customEventSPE\" data-fig-domain=\"MADAME\">\u00a0Lily-Rose Depp\u00a0<\/a>fait la Une des magazines de mode depuis pr\u00e8s de dix ans, le visage de son petit fr\u00e8re Jack reste un myst\u00e8re pour beaucoup. Rien d\u2019anormal \u00e0 cela\u00a0: contrairement \u00e0 son a\u00een\u00e9e, r\u00e9v\u00e9l\u00e9e d\u00e8s l\u2019\u00e2ge de 15 ans dans le film Tusk de Kevin Smith, o\u00f9 elle donne la r\u00e9plique \u00e0 leur p\u00e8re\u00a0<a href=\"https:\/\/madame.lefigaro.fr\/tag\/johnny-depp\" target=\"_blank\" data-fig-type=\"Keyword\" rel=\"sponsored noopener\" data-gtm-custom-categorie=\"navigation\" data-gtm-custom-action=\"crossclick\" data-gtm-custom-label=\"Contextuel\" data-gtm-event=\"customEventSPE\" data-fig-domain=\"MADAME\">Johnny Depp,<\/a>\u00a0le jeune homme a toujours fui les plateaux de tournage, les podiums et les paillettes.<\/p>\n<p class=\"fig-paragraph\">Seules quelques photos de lui, prises \u00e0 son insu dans les rues de Paris en janvier 2025 et\u00a0<a href=\"https:\/\/www.instagram.com\/entertainmenttonight\/p\/DEYNTplt_jP\/?img_index=1\" target=\"_blank\" rel=\"sponsored noopener\" data-gtm-custom-categorie=\"navigation\" data-gtm-custom-action=\"crossclick\" data-gtm-custom-label=\"Contextuel\" data-gtm-event=\"customEventSPE\">rapidement divulgu\u00e9es par Entertainment Tonight<\/a>, ont d\u00e9j\u00e0 laiss\u00e9 entrevoir son physique, d\u00e9finitivement plus proche de l\u2019insolence de son p\u00e8re Johnny Depp que de la douceur de sa m\u00e8re Vanessa Paradis. Sur ces clich\u00e9s, le jeune homme de 23 ans, v\u00eatu d\u2019un bonnet gris et d\u2019une veste en daim camel, affiche une simplicit\u00e9 \u00e9tonnante, voire d\u00e9concertante, pour un nepo baby d\u2019une telle envergure. Mais personne (ou presque) ne parlait de lui jusqu\u2019\u00e0 ce d\u00e9but septembre et la promotion du Retour des beaux jours, le nouvel album de Vanessa Paradis, qui sortira le 10 octobre.<\/p>\n<p class=\"fig-body-link&#10;    \">\n            \u00c0 lire aussi<br \/>\n        <a class=\"fig-body-link__link\" href=\"http:\/\/madame.lefigaro.fr\/celebrites\/actu-people\/ce-qu-ils-font-m-inspire-beaucoup-les-confidences-touchantes-de-vanessa-paradis-au-sujet-de-ses-deux-enfants-jack-et-lily-rose-20250908\" data-fig-type=\"Article\" data-gtm-custom-categorie=\"navigation\" data-gtm-custom-action=\"crossclick\" data-gtm-custom-label=\"Contextuel\" data-gtm-event=\"customEventSPE\" data-fig-domain=\"MADAME\" target=\"_blank\" rel=\"noopener\">\u00abCe qu\u2019ils font m\u2019inspire beaucoup\u00bb\u00a0: les rares confidences de Vanessa Paradis au sujet de ses deux enfants, Jack et Lily-Rose<\/a>\n<\/p>\n<p>                                    <a class=\"fig-a11y-skip a11y-hidden\" href=\"#fig-a11y-skip-main-inarticle\"><br \/>\n        Passer la publicit\u00e9<br \/>\n    <\/a><\/p>\n<p>De l\u2019ombre \u00e0 la lumi\u00e8re<\/p>\n<p class=\"fig-paragraph\">De passage dans les studios de France Inter, ce jeudi 4 septembre, puis de RTL ce dimanche 7 septembre, la chanteuse de 52 ans a bien pris soin de parler de son fils ador\u00e9, \u00e0 qui elle doit \u00c9l\u00e9ments, l\u2019une des chansons de cet opus. \u00abCette collaboration est n\u00e9e parce qu\u2019\u00e0 force de l\u2019entendre composer des choses trop belles \u00e0 c\u00f4t\u00e9 de moi \u2013 et moi qui cherche \u00e0 \u00e9crire des bonnes chansons \u2013, je lui ai demand\u00e9 si je pouvais avoir ce morceau, parmi les autres qu\u2019il fait, et il m\u2019a beaucoup inspir\u00e9e parce que c\u2019est un super compositeur\u00bb, a expliqu\u00e9 la star, particuli\u00e8rement fi\u00e8re du travail artistique de Jack. Loin d\u2019\u00eatre anodine, cette d\u00e9claration marque un tournant dans la trajectoire du jeune homme. Jusqu\u2019\u00e0 pr\u00e9sent,\u00a0<a href=\"https:\/\/madame.lefigaro.fr\/tag\/vanessa-paradis\" target=\"_blank\" data-fig-type=\"Keyword\" rel=\"sponsored noopener\" data-gtm-custom-categorie=\"navigation\" data-gtm-custom-action=\"crossclick\" data-gtm-custom-label=\"Contextuel\" data-gtm-event=\"customEventSPE\" data-fig-domain=\"MADAME\">Vanessa Paradis<\/a>\u00a0et Johnny Depp parlaient presque uniquement de sa s\u0153ur Lily-Rose dans les m\u00e9dias. Pendant que Jack tra\u00e7ait sa route dans l\u2019ombre de cette derni\u00e8re, ce qui lui convenait parfaitement.<\/p>\n<p>Discr\u00e9tion et authenticit\u00e9<\/p>\n<p class=\"fig-paragraph\">N\u00e9 le 9 avril 2002 \u00e0 Neuilly-sur-Seine, Jack a v\u00e9cu une enfance relativement normale compte tenu de la notori\u00e9t\u00e9 de ses parents. Il a grandi \u00e0 l\u2019abri des regards indiscrets, entre Le Plan-de-la-Tour \u2013 petite commune du Var, o\u00f9 Johnny Depp et Vanessa Paradis ont achet\u00e9 un magnifique hameau priv\u00e9 s\u2019\u00e9tendant sur plus de 15 hectares, au d\u00e9but des ann\u00e9es 2000 \u2013 et Los Angeles.<\/p>\n<p class=\"fig-paragraph\">L\u2019acteur am\u00e9ricain et la chanteuse fran\u00e7aise se sont efforc\u00e9s de lui inculquer les valeurs d\u2019authenticit\u00e9 et de discr\u00e9tion auxquelles ils ont toujours \u00e9t\u00e9 attach\u00e9s. \u00abMes parents ont r\u00e9ussi \u00e0 nous donner, \u00e0 mon fr\u00e8re et \u00e0 moi, l\u2019\u00e9ducation la plus discr\u00e8te possible. C\u2019est pour cela que je souhaite pr\u00e9server ma vie priv\u00e9e d\u00e9sormais (\u2026)\u00bb,\u00a0<a href=\"https:\/\/madame.lefigaro.fr\/style\/lily-rose-depp-petite-elle-voulait-etre-comme-sa-mere-vanessa-paradis-021219-178554\" data-fig-type=\"Article\" data-gtm-custom-categorie=\"navigation\" data-gtm-custom-action=\"crossclick\" data-gtm-custom-label=\"Contextuel\" data-gtm-event=\"customEventSPE\" data-fig-domain=\"MADAME\" target=\"_blank\" rel=\"noopener\">confiait sa grande s\u0153ur Lily-Rose dans les colonnes du Sun en mai 2021.<\/a>\u00a0Preuve que Johnny Depp et Vanessa Paradis ont r\u00e9ussi \u00e0 prot\u00e9ger Jack de l\u2019attention m\u00e9diatique\u00a0: aucun d\u00e9tail sur son cursus n\u2019a fuit\u00e9 dans la presse. Il a vraisemblablement suivi sa scolarit\u00e9 en France, o\u00f9 sa famille r\u00e9sidait la majeure partie de l\u2019ann\u00e9e.<\/p>\n<p class=\"fig-body-link&#10;    \">\n            \u00c0 lire aussi<br \/>\n        <a class=\"fig-body-link__link\" href=\"http:\/\/madame.lefigaro.fr\/celebrites\/actu-people\/jack-depp-a-deja-20-ans-les-rares-photos-du-fils-de-johnny-depp-et-vanessa-paradis-20220420\" data-fig-type=\"Article\" data-gtm-custom-categorie=\"navigation\" data-gtm-custom-action=\"crossclick\" data-gtm-custom-label=\"Contextuel\" data-gtm-event=\"customEventSPE\" data-fig-domain=\"MADAME\" target=\"_blank\" rel=\"noopener\">Jack Depp a (d\u00e9j\u00e0) 20 ans\u00a0: les rares photos du fils de Johnny Depp et Vanessa Paradis<\/a>\n<\/p>\n<p>Serveur \u00e0 Paris<\/p>\n<p class=\"fig-paragraph\">On sait en revanche que le jeune homme a secr\u00e8tement travaill\u00e9 pendant plus de deux ans en tant que serveur dans un restaurant libano-br\u00e9silien, L\u2019Area, situ\u00e9 dans le quartier de la Bastille, jusqu\u2019\u00e0 fin juin 2024. Contact\u00e9 par le\u00a0<a href=\"https:\/\/www.dailymail.co.uk\/news\/article-14168495\/Johnny-Depps-Jack-Paris-Vanessa-Paradis-Lily-Rose.html\" target=\"_blank\" rel=\"sponsored noopener\" data-gtm-custom-categorie=\"navigation\" data-gtm-custom-action=\"crossclick\" data-gtm-custom-label=\"Contextuel\" data-gtm-event=\"customEventSPE\">Daily Mail\u00a0<\/a> en d\u00e9cembre 2024, \u00c9douard Chueke, le patron de l\u2019\u00e9tablissement, n\u2019avait pas tari d\u2019\u00e9loges \u00e0 son sujet. \u00abJack est un type formidable, s\u2019\u00e9tait-il enthousiasm\u00e9. Il se tient \u00e0 l\u2019\u00e9cart des feux de la rampe, mais il a travaill\u00e9 ici derri\u00e8re le bar et dans la cuisine. C\u2019\u00e9tait un bon employ\u00e9, il est parti il y a quelques mois mais je m\u2019attends \u00e0 ce qu\u2019il revienne dans le courant de l\u2019ann\u00e9e prochaine\u00bb. Le 17 mai 2021, un compte fan a partag\u00e9 plusieurs photos de Jack Depp prenant la pose, tout sourire, aux c\u00f4t\u00e9s d\u2019\u00c9douard Chueke, devant l\u2019Area.<\/p>\n<p class=\"fig-paragraph\">Parall\u00e8lement \u00e0 son travail dans la restauration, Jack Depp \u00e9crivait et composait probablement ses premi\u00e8res chansons, l\u00e0 aussi en toute discr\u00e9tion. Contrairement \u00e0 Lily-Rose, qui partage des souvenirs de tournage, et des instants de<a href=\"http:\/\/madame.lefigaro.fr\/celebrites\/actu-people\/en-photo-le-baiser-passionne-de-lily-rose-depp-et-la-rappeuse-070-shake-une-nuit-que-je-n-oublierai-jamais-20241110\" data-fig-type=\"Article\" data-gtm-custom-categorie=\"navigation\" data-gtm-custom-action=\"crossclick\" data-gtm-custom-label=\"Contextuel\" data-gtm-event=\"customEventSPE\" data-fig-domain=\"MADAME\" target=\"_blank\" rel=\"noopener\">\u00a0son quotidien partag\u00e9 avec sa petite amie, la rappeuse Danielle Balbuena<\/a>, le jeune homme, lui, a toujours \u00e9t\u00e9 totalement absent des r\u00e9seaux sociaux. En 2020, le fils de Vanessa Paradis et Johnny Depp a v\u00e9cu une histoire d\u2019amour avec une amie de sa s\u0153ur, le mannequin Camille Jansen. Une information qui serait rest\u00e9e totalement secr\u00e8te si la jeune femme n\u2019avait pas partag\u00e9 un selfie d\u2019eux sur son compte Instagram, \u00e0 l\u2019occasion du 18e anniversaire de Jack, son \u00abamour\u00bb.<\/p>\n<p>                                    <a class=\"fig-a11y-skip a11y-hidden\" href=\"#fig-a11y-skip-main-inarticle_mtf\"><br \/>\n        Passer la publicit\u00e9<br \/>\n    <\/a><\/p>\n<p class=\"fig-paragraph\">Depuis sa rupture avec Camille Jansen, dont on ne conna\u00eet (\u00e9videmment) ni la date ni les raisons, Jack Depp s\u2019en est tenu \u00e0 sa discr\u00e9tion habituelle. Son myst\u00e8re demeure ainsi entier, toujours \u00e0 percer.<\/p>\n<p>                                        <script async src=\"\/\/www.instagram.com\/embed.js\"><\/script><\/p>\n","protected":false},"excerpt":{"rendered":"PORTRAIT &#8211; Apr\u00e8s avoir longtemps \u00e9volu\u00e9 dans l\u2019ombre de ses illustres parents et de sa grande s\u0153ur Lily-Rose,&hellip;\n","protected":false},"author":2,"featured_media":381218,"comment_status":"","ping_status":"","sticky":false,"template":"","format":"standard","meta":{"footnotes":""},"categories":[1355],"tags":[58,2773,59,1011,27,10244,1361,873,10245],"class_list":{"0":"post-381217","1":"post","2":"type-post","3":"status-publish","4":"format-standard","5":"has-post-thumbnail","7":"category-musique","8":"tag-divertissement","9":"tag-enfants-de","10":"tag-entertainment","11":"tag-fr","12":"tag-france","13":"tag-johnny-depp","14":"tag-music","15":"tag-musique","16":"tag-vanessa-paradis"},"share_on_mastodon":{"url":"https:\/\/pubeurope.com\/@fr\/115182179784224859","error":""},"_links":{"self":[{"href":"https:\/\/www.europesays.com\/fr\/wp-json\/wp\/v2\/posts\/381217","targetHints":{"allow":["GET"]}}],"collection":[{"href":"https:\/\/www.europesays.com\/fr\/wp-json\/wp\/v2\/posts"}],"about":[{"href":"https:\/\/www.europesays.com\/fr\/wp-json\/wp\/v2\/types\/post"}],"author":[{"embeddable":true,"href":"https:\/\/www.europesays.com\/fr\/wp-json\/wp\/v2\/users\/2"}],"replies":[{"embeddable":true,"href":"https:\/\/www.europesays.com\/fr\/wp-json\/wp\/v2\/comments?post=381217"}],"version-history":[{"count":0,"href":"https:\/\/www.europesays.com\/fr\/wp-json\/wp\/v2\/posts\/381217\/revisions"}],"wp:featuredmedia":[{"embeddable":true,"href":"https:\/\/www.europesays.com\/fr\/wp-json\/wp\/v2\/media\/381218"}],"wp:attachment":[{"href":"https:\/\/www.europesays.com\/fr\/wp-json\/wp\/v2\/media?parent=381217"}],"wp:term":[{"taxonomy":"category","embeddable":true,"href":"https:\/\/www.europesays.com\/fr\/wp-json\/wp\/v2\/categories?post=381217"},{"taxonomy":"post_tag","embeddable":true,"href":"https:\/\/www.europesays.com\/fr\/wp-json\/wp\/v2\/tags?post=381217"}],"curies":[{"name":"wp","href":"https:\/\/api.w.org\/{rel}","templated":true}]}}