{"id":381219,"date":"2025-09-10T21:42:11","date_gmt":"2025-09-10T21:42:11","guid":{"rendered":"https:\/\/www.europesays.com\/fr\/381219\/"},"modified":"2025-09-10T21:42:11","modified_gmt":"2025-09-10T21:42:11","slug":"on-ne-le-voit-pas-cest-un-fantome-le-documentariste-douarneniste-mathurin-peschet-sur-les-traces-du-loup-dans-le-finistere","status":"publish","type":"post","link":"https:\/\/www.europesays.com\/fr\/381219\/","title":{"rendered":"\u00ab\u00a0On ne le voit pas, c\u2019est un fant\u00f4me\u00a0\u00bb\u00a0: le documentariste douarneniste Mathurin Peschet sur les traces du loup dans le Finist\u00e8re"},"content":{"rendered":"<p>Il ne pouvait pas passer \u00e0 c\u00f4t\u00e9 d\u2019un tel sujet. Passionn\u00e9 depuis toujours par le rapport des hommes aux animaux, en t\u00e9moignent ses pr\u00e9c\u00e9dents films autour des cochons, de l\u2019\u00e9levage laitier ou du v\u00e9ganisme, le documentariste douarneniste Mathurin Peschet s\u2019est r\u00e9cemment lanc\u00e9 sur une nouvelle piste\u00a0: <a href=\"https:\/\/www.letelegramme.fr\/bretagne\/la-presence-dun-deuxieme-loup-attestee-dans-le-finistere-6820807.php\" target=\"_blank\" rel=\"nofollow noopener\">celle du loup, dont le retour dans le Finist\u00e8re a \u00e9t\u00e9 confirm\u00e9 par la pr\u00e9fecture au printemps 2025.<\/a> Le fruit de son travail, un documentaire de 52 minutes intitul\u00e9 \u00ab\u00a0Loup y es-tu\u00a0?\u00a0\u00bb, cor\u00e9alis\u00e9 avec Nedjma Berder, sera projet\u00e9 le 18 septembre \u00e0 Huelgoat, le 24 septembre au cin\u00e9ma Le Club \u00e0 Douarnenez, et diffus\u00e9 le 25 septembre \u00e0 22 h 55 sur France 3. \u00ab\u00a0<a href=\"https:\/\/www.letelegramme.fr\/bretagne\/un-siecle-apres-le-loup-est-revenu-en-bretagne-253221.php\" target=\"_blank\" rel=\"nofollow noopener\">Un premier loup a \u00e9t\u00e9 film\u00e9 \u00e0 Berrien en mai 2022, via une cam\u00e9ra pos\u00e9e par le naturaliste Emmanuel Holder<\/a>. De mon c\u00f4t\u00e9, j\u2019ai commenc\u00e9 \u00e0 m\u2019int\u00e9resser au sujet il y a deux ans\u00a0\u00bb, contextualise Mathurin Peschet. Le tournage du documentaire s\u2019est d\u00e9roul\u00e9 entre octobre 2024 et mars 2025, dans le secteur des Monts d\u2019Arr\u00e9e, o\u00f9 au moins deux loups seraient s\u00e9dentaris\u00e9s. \u00ab\u00a0Nous sommes all\u00e9s sur leurs traces, aux endroits o\u00f9 ils ont \u00e9t\u00e9 observ\u00e9s, mais nous ne les avons pas vus. Le loup, c\u2019est comme un fant\u00f4me, un objet de fantasme, et l\u2019incarnation de l\u2019animal sauvage. C\u2019est un sujet vraiment int\u00e9ressant \u00e0 raconter\u00a0\u00bb, consid\u00e8re le r\u00e9alisateur.<\/p>\n<p>Les \u00e9leveurs bovins en premi\u00e8re ligne<\/p>\n<p>Dans son documentaire, Mathurin Peschet donne la parole \u00e0 de nombreux acteurs concern\u00e9s par le retour des loups dans nos contr\u00e9es. Aux naturalistes et agents de l\u2019Office fran\u00e7ais de la biodiversit\u00e9, bien s\u00fbr, ainsi qu\u2019\u00e0 plusieurs agriculteurs. Il y montre de quelle mani\u00e8re Gilles Morvan, \u00e9leveur de moutons \u00e0 Lop\u00e9rec, <a href=\"https:\/\/www.letelegramme.fr\/finistere\/saint-rivoal-29190\/il-a-creuse-ou-il-naurait-pas-du-dans-les-monts-darree-ses-amenagements-contre-le-loup-attisent-les-tensions-6718643.php\" target=\"_blank\" rel=\"nofollow noopener\">s\u2019adapte bon gr\u00e9 mal gr\u00e9 au ph\u00e9nom\u00e8ne avec l\u2019aide de patous et de cl\u00f4tures financ\u00e9es par l\u2019\u00c9tat<\/a>. Mais, pour le moment, c\u2019est bien du c\u00f4t\u00e9 des \u00e9leveurs de bovins que le sujet se r\u00e9v\u00e8le le plus \u00e9pineux dans le Finist\u00e8re, notamment sur le plan des indemnisations post-pr\u00e9dation et des moyens mobilis\u00e9s pour assurer la protection de leurs troupeaux. \u00ab\u00a0<a href=\"https:\/\/www.letelegramme.fr\/bretagne\/dans-les-monts-darree-pour-identifier-le-loup-les-agriculteurs-misent-sur-la-video-6635601.php\" target=\"_blank\" rel=\"nofollow noopener\">En 2024, il y a eu des attaques de veaux et de g\u00e9nisses attribu\u00e9es aux loups par les \u00e9leveurs<\/a>, au Clo\u00eetre Saint-Th\u00e9gonnec par exemple, o\u00f9 se trouve le Mus\u00e9e du Loup. Mais seules trois de la vingtaine d\u2019attaques recens\u00e9es ont \u00e9t\u00e9 consid\u00e9r\u00e9es comme des attaques lupines par l\u2019Office fran\u00e7ais de la biodiversit\u00e9\u00a0\u00bb, indique le documentariste, loin d\u2019avoir livr\u00e9 un plaidoyer pro-loup, comme l\u2019en a pourtant accus\u00e9 la Coordination rurale sur les r\u00e9seaux sociaux avant m\u00eame d\u2019avoir visionn\u00e9 le film.<\/p>\n<p>Le Finist\u00e8re, ancien foyer de population lupine important<\/p>\n<p>Et si ce sujet se r\u00e9v\u00e8le si important et passionnant aux yeux du r\u00e9alisateur, c\u2019est aussi parce que \u00ab\u00a0nous n\u2019en sommes qu\u2019au d\u00e9but\u00a0\u00bb, assure-t-il. Mathurin Peschet aborde d\u2019ailleurs le sujet sur un angle plus historique, par l\u2019interm\u00e9diaire d\u2019interlocuteurs qui nous rappellent qu\u2019il fut un temps pas si lointain o\u00f9 la pr\u00e9sence des loups n\u2019avait rien d\u2019inhabituelle dans le Finist\u00e8re. \u00ab\u00a0Nous avons l\u2019impression que c\u2019est un animal alpin mais des loups, il y en avait partout au XIXe si\u00e8cle, et beaucoup en Bretagne. Il suffit de voir le nombre de lieux-dits o\u00f9 le mot breton Bleiz appara\u00eet, y compris dans le pays de Douarnenez. Et les gens vivaient avec\u00a0\u00bb.<\/p>\n<p>Pratique<\/p>\n<p class=\"note\">Projection en pr\u00e9sence du r\u00e9alisateur le 18 septembre \u00e0 20\u00a0h\u00a015, au cin\u00e9ma Arthus, \u00e0 Huelgoat, sur r\u00e9servation\u00a0; le 24 septembre, \u00e0 20\u00a0h\u00a045, au Club, \u00e0 Douarnenez. Le film sera \u00e9galement diffus\u00e9 le 25 septembre sur France 3 Bretagne, \u00e0 22\u00a0h\u00a050.<\/p>\n","protected":false},"excerpt":{"rendered":"Il ne pouvait pas passer \u00e0 c\u00f4t\u00e9 d\u2019un tel sujet. Passionn\u00e9 depuis toujours par le rapport des hommes&hellip;\n","protected":false},"author":2,"featured_media":381220,"comment_status":"","ping_status":"","sticky":false,"template":"","format":"standard","meta":{"footnotes":""},"categories":[1354],"tags":[327,58,1190,3320,59,436,1346,3321,1011,27,26041,32938,32953,51444,1360],"class_list":{"0":"post-381219","1":"post","2":"type-post","3":"status-publish","4":"format-standard","5":"has-post-thumbnail","7":"category-films","8":"tag-agriculture","9":"tag-divertissement","10":"tag-documentaire","11":"tag-douarnenez","12":"tag-entertainment","13":"tag-environnement","14":"tag-films","15":"tag-finistere","16":"tag-fr","17":"tag-france","18":"tag-huelgoat","19":"tag-le-cloitre-saint-thegonnec","20":"tag-loperec","21":"tag-loup-en-bretagne","22":"tag-movies"},"share_on_mastodon":{"url":"https:\/\/pubeurope.com\/@fr\/115182183829280870","error":""},"_links":{"self":[{"href":"https:\/\/www.europesays.com\/fr\/wp-json\/wp\/v2\/posts\/381219","targetHints":{"allow":["GET"]}}],"collection":[{"href":"https:\/\/www.europesays.com\/fr\/wp-json\/wp\/v2\/posts"}],"about":[{"href":"https:\/\/www.europesays.com\/fr\/wp-json\/wp\/v2\/types\/post"}],"author":[{"embeddable":true,"href":"https:\/\/www.europesays.com\/fr\/wp-json\/wp\/v2\/users\/2"}],"replies":[{"embeddable":true,"href":"https:\/\/www.europesays.com\/fr\/wp-json\/wp\/v2\/comments?post=381219"}],"version-history":[{"count":0,"href":"https:\/\/www.europesays.com\/fr\/wp-json\/wp\/v2\/posts\/381219\/revisions"}],"wp:featuredmedia":[{"embeddable":true,"href":"https:\/\/www.europesays.com\/fr\/wp-json\/wp\/v2\/media\/381220"}],"wp:attachment":[{"href":"https:\/\/www.europesays.com\/fr\/wp-json\/wp\/v2\/media?parent=381219"}],"wp:term":[{"taxonomy":"category","embeddable":true,"href":"https:\/\/www.europesays.com\/fr\/wp-json\/wp\/v2\/categories?post=381219"},{"taxonomy":"post_tag","embeddable":true,"href":"https:\/\/www.europesays.com\/fr\/wp-json\/wp\/v2\/tags?post=381219"}],"curies":[{"name":"wp","href":"https:\/\/api.w.org\/{rel}","templated":true}]}}