{"id":381223,"date":"2025-09-10T21:44:16","date_gmt":"2025-09-10T21:44:16","guid":{"rendered":"https:\/\/www.europesays.com\/fr\/381223\/"},"modified":"2025-09-10T21:44:16","modified_gmt":"2025-09-10T21:44:16","slug":"steve-mandanda-fait-le-bilan-de-sa-carriere-apres-avoir-pris-sa-retraite-a-40-ans","status":"publish","type":"post","link":"https:\/\/www.europesays.com\/fr\/381223\/","title":{"rendered":"Steve Mandanda fait le bilan de sa carri\u00e8re apr\u00e8s avoir pris sa retraite \u00e0 40\u00a0ans"},"content":{"rendered":"\n<p>\u00ab\u00a0Je ne pouvais pas vivre une meilleure fin\u00a0\u00bb\u00a0: Steve Mandanda fait le bilan de sa carri\u00e8re apr\u00e8s avoir pris sa retraite \u00e0 40\u00a0ans<\/p>\n<p>Steve Mandanda, l&rsquo;ancien gardien embl\u00e9matique de l&rsquo;OM, a choisi \u00ab\u00a0L&rsquo;\u00c9quipe\u00a0\u00bb pour annoncer la fin de sa carri\u00e8re, apr\u00e8s une derni\u00e8re saison \u00e0 Rennes. \u00c0 40\u00a0ans, le champion du monde 2018 raccroche en se rem\u00e9morant, avec tendresse, sa derni\u00e8re au V\u00e9lodrome.<\/p>\n","protected":false},"excerpt":{"rendered":"\u00ab\u00a0Je ne pouvais pas vivre une meilleure fin\u00a0\u00bb\u00a0: Steve Mandanda fait le bilan de sa carri\u00e8re apr\u00e8s avoir&hellip;\n","protected":false},"author":2,"featured_media":381224,"comment_status":"","ping_status":"","sticky":false,"template":"","format":"standard","meta":{"footnotes":""},"categories":[9],"tags":[1011,27,60],"class_list":{"0":"post-381223","1":"post","2":"type-post","3":"status-publish","4":"format-standard","5":"has-post-thumbnail","7":"category-sports","8":"tag-fr","9":"tag-france","10":"tag-sports"},"share_on_mastodon":{"url":"https:\/\/pubeurope.com\/@fr\/115182191525156242","error":""},"_links":{"self":[{"href":"https:\/\/www.europesays.com\/fr\/wp-json\/wp\/v2\/posts\/381223","targetHints":{"allow":["GET"]}}],"collection":[{"href":"https:\/\/www.europesays.com\/fr\/wp-json\/wp\/v2\/posts"}],"about":[{"href":"https:\/\/www.europesays.com\/fr\/wp-json\/wp\/v2\/types\/post"}],"author":[{"embeddable":true,"href":"https:\/\/www.europesays.com\/fr\/wp-json\/wp\/v2\/users\/2"}],"replies":[{"embeddable":true,"href":"https:\/\/www.europesays.com\/fr\/wp-json\/wp\/v2\/comments?post=381223"}],"version-history":[{"count":0,"href":"https:\/\/www.europesays.com\/fr\/wp-json\/wp\/v2\/posts\/381223\/revisions"}],"wp:featuredmedia":[{"embeddable":true,"href":"https:\/\/www.europesays.com\/fr\/wp-json\/wp\/v2\/media\/381224"}],"wp:attachment":[{"href":"https:\/\/www.europesays.com\/fr\/wp-json\/wp\/v2\/media?parent=381223"}],"wp:term":[{"taxonomy":"category","embeddable":true,"href":"https:\/\/www.europesays.com\/fr\/wp-json\/wp\/v2\/categories?post=381223"},{"taxonomy":"post_tag","embeddable":true,"href":"https:\/\/www.europesays.com\/fr\/wp-json\/wp\/v2\/tags?post=381223"}],"curies":[{"name":"wp","href":"https:\/\/api.w.org\/{rel}","templated":true}]}}