{"id":381225,"date":"2025-09-10T21:45:12","date_gmt":"2025-09-10T21:45:12","guid":{"rendered":"https:\/\/www.europesays.com\/fr\/381225\/"},"modified":"2025-09-10T21:45:12","modified_gmt":"2025-09-10T21:45:12","slug":"louis-sarkozy-et-son-epouse-natali-bientot-parents-leur-fils-sappellera","status":"publish","type":"post","link":"https:\/\/www.europesays.com\/fr\/381225\/","title":{"rendered":"Louis Sarkozy et son \u00e9pouse Natali, bient\u00f4t parents\u00a0: leur fils s\u2019appellera\u2026"},"content":{"rendered":"<p>    Article r\u00e9serv\u00e9 aux abonn\u00e9s<\/p>\n<p class=\"intro\">Louis Sarkozy et son \u00e9pouse Natali s\u2019appr\u00eatent \u00e0 accueillir leur premier enfant. Un premier pr\u00e9nom a tenu la corde pendant les six premiers mois de la grossesse avant d\u2019\u00eatre coiff\u00e9 au poteau sur la fin. En exclusivit\u00e9, le couple nous d\u00e9voile son choix.<\/p>\n<p>Avant de mener <a href=\"https:\/\/www.parismatch.com\/actu\/politique\/louis-sarkozy-sa-candidature-a-menton-et-les-conseils-de-son-pere-256707\" rel=\"nofollow noopener\" target=\"_blank\">sa premi\u00e8re campagne politique,<\/a> c\u2019est une r\u00e9volution qui attend <a href=\"https:\/\/www.parismatch.com\/bio\/louis-sarkozy\" rel=\"nofollow noopener\" target=\"_blank\">Louis Sarkozy<\/a>\u00a0: l\u2019arriv\u00e9e d\u2019un petit gar\u00e7on fin octobre. Lui et son \u00e9pouse Natali se sont accord\u00e9s sur un choix crucial\u00a0: le pr\u00e9nom.<\/p>\n<p>    La suite apr\u00e8s cette publicit\u00e9<\/p>\n<p>Les conditions \u00e9taient strictes\u00a0: celui-ci ne devait pas \u00eatre commun mais romain, avoir une connotation slave et africaine \u2013 en hommage \u00e0 l\u2019enfance de Natali \u2013 et ne pas exc\u00e9der deux syllabes afin d\u2019\u00e9viter les surnoms. \u00ab\u00a0Marcus\u00a0\u00bb a tenu la corde les six premiers mois de la grossesse mais c\u2019est finalement \u00ab\u00a0Sylla\u00a0\u00bb qui a \u00e9t\u00e9 \u00e9lu.<\/p>\n<p>\u00ab\u00a0Force\u00a0\u00bb en slave<\/p>\n<p>En slave, cela signifie \u00ab\u00a0force\u00a0\u00bb (et s\u2019\u00e9crit \u00ab\u00a0sila\u00a0\u00bb). <a href=\"https:\/\/www.parismatch.com\/People\/louis-sarkozy-bientot-papa-pause-plage-a-menton-avec-natali-et-son-ventre-arrondi-255511\" rel=\"nofollow noopener\" target=\"_blank\">\u00c0 Menton o\u00f9 ils se sont install\u00e9s au printemps<\/a>, la chambre du b\u00e9b\u00e9 n\u2019est pas encore pr\u00eate. Il en faut plus pour que Natali panique. Douce et d\u00e9licate, la future m\u00e8re ne r\u00e9alise pas encore le chamboulement qui les attend. Elle franchit les \u00e9tapes les unes apr\u00e8s les autres sans jamais se d\u00e9partir de son sang-froid. \u00ab\u00a0Je ne suis pas la premi\u00e8re, je ne serai pas la derni\u00e8re. Si\u00a0autant de personnes l\u2019ont fait avant moi, je peux le faire aussi\u00a0\u00bb, dit-elle avec un d\u00e9licieux accent.<\/p>\n<p>Louis, 28\u00a0ans, et Natali, 34\u00a0ans en septembre, se sont rencontr\u00e9s gr\u00e2ce \u00e0 l\u2019interm\u00e9diaire d\u2019un ami commun. Ils sont ensemble depuis 2017 apr\u00e8s un premier rendez-vous au Raspoutine \u00e0 Paris et un mariage en 2022, \u00e0 Gordes dans le Vaucluse o\u00f9 leurs familles \u00e9taient r\u00e9unies. Leur fils sera le premier des petits enfants du c\u00f4t\u00e9 de la famille de Natali.<\/p>\n","protected":false},"excerpt":{"rendered":"Article r\u00e9serv\u00e9 aux abonn\u00e9s Louis Sarkozy et son \u00e9pouse Natali s\u2019appr\u00eatent \u00e0 accueillir leur premier enfant. Un premier&hellip;\n","protected":false},"author":2,"featured_media":381226,"comment_status":"","ping_status":"","sticky":false,"template":"","format":"standard","meta":{"footnotes":""},"categories":[8],"tags":[58,59,1011,27],"class_list":{"0":"post-381225","1":"post","2":"type-post","3":"status-publish","4":"format-standard","5":"has-post-thumbnail","7":"category-divertissement","8":"tag-divertissement","9":"tag-entertainment","10":"tag-fr","11":"tag-france"},"share_on_mastodon":{"url":"https:\/\/pubeurope.com\/@fr\/115182195792438842","error":""},"_links":{"self":[{"href":"https:\/\/www.europesays.com\/fr\/wp-json\/wp\/v2\/posts\/381225","targetHints":{"allow":["GET"]}}],"collection":[{"href":"https:\/\/www.europesays.com\/fr\/wp-json\/wp\/v2\/posts"}],"about":[{"href":"https:\/\/www.europesays.com\/fr\/wp-json\/wp\/v2\/types\/post"}],"author":[{"embeddable":true,"href":"https:\/\/www.europesays.com\/fr\/wp-json\/wp\/v2\/users\/2"}],"replies":[{"embeddable":true,"href":"https:\/\/www.europesays.com\/fr\/wp-json\/wp\/v2\/comments?post=381225"}],"version-history":[{"count":0,"href":"https:\/\/www.europesays.com\/fr\/wp-json\/wp\/v2\/posts\/381225\/revisions"}],"wp:featuredmedia":[{"embeddable":true,"href":"https:\/\/www.europesays.com\/fr\/wp-json\/wp\/v2\/media\/381226"}],"wp:attachment":[{"href":"https:\/\/www.europesays.com\/fr\/wp-json\/wp\/v2\/media?parent=381225"}],"wp:term":[{"taxonomy":"category","embeddable":true,"href":"https:\/\/www.europesays.com\/fr\/wp-json\/wp\/v2\/categories?post=381225"},{"taxonomy":"post_tag","embeddable":true,"href":"https:\/\/www.europesays.com\/fr\/wp-json\/wp\/v2\/tags?post=381225"}],"curies":[{"name":"wp","href":"https:\/\/api.w.org\/{rel}","templated":true}]}}