{"id":381227,"date":"2025-09-10T21:46:14","date_gmt":"2025-09-10T21:46:14","guid":{"rendered":"https:\/\/www.europesays.com\/fr\/381227\/"},"modified":"2025-09-10T21:46:14","modified_gmt":"2025-09-10T21:46:14","slug":"une-planete-decouverte-par-le-telescope-james-webb-a-525-annees-lumiere-de-nous-est-en-train-de-naitre-et-devoile-une-image-inedite","status":"publish","type":"post","link":"https:\/\/www.europesays.com\/fr\/381227\/","title":{"rendered":"Une plan\u00e8te d\u00e9couverte par le t\u00e9lescope James-Webb, \u00e0 525 ann\u00e9es-lumi\u00e8re de nous, est en train de na\u00eetre et d\u00e9voile une image in\u00e9dite"},"content":{"rendered":"<blockquote class=\"wp-block-quote\">\n<p><strong>Le t\u00e9lescope spatial James-Webb vient de capturer une image spectaculaire d\u2019une plan\u00e8te en formation. Situ\u00e9 \u00e0 525 ann\u00e9es-lumi\u00e8re dans la constellation du Taureau, ce syst\u00e8me r\u00e9v\u00e8le les premiers instants d\u2019un monde en train de na\u00eetre. Une occasion unique de comprendre la gen\u00e8se plan\u00e9taire.<\/strong><\/p>\n<\/blockquote>\n<p><img fetchpriority=\"high\" decoding=\"async\" width=\"1024\" height=\"578\" src=\"https:\/\/www.europesays.com\/fr\/wp-content\/uploads\/2025\/09\/formation-planete-decouverte-525-annee-lumiere-terre-1024x578.webp.webp\" alt=\"Image d\u2019une plan\u00e8te en formation observ\u00e9e par les astronomes \u00e0 525 ann\u00e9es-lumi\u00e8re de la Terre.\" class=\"wp-image-989711\"  \/>Une plan\u00e8te en cours de formation, situ\u00e9e \u00e0 525 ann\u00e9es-lumi\u00e8re, capt\u00e9e par les instruments des astronomes \u2013 Source NASA<\/p>\n<p>James-Webb observe une proto\u00e9toile et son disque protoplan\u00e9taire<\/p>\n<p><a href=\"https:\/\/dailygeekshow.com\/ce-quon-observe-depasse-limagination-cet-ete-la-comete-3i-atlas-leve-peu-a-peu-le-voile-sur-lun-des-plus-vieux-secrets-de-notre-galaxie\/\" target=\"_blank\" rel=\"noreferrer noopener nofollow\">L\u2019objet \u00e9tudi\u00e9<\/a>, appel\u00e9 <strong>IRAS 04302+2247<\/strong>, se trouve dans une r\u00e9gion dense en <strong>nuages mol\u00e9culaires<\/strong>. Il s\u2019agit d\u2019une <strong>proto\u00e9toile<\/strong> entour\u00e9e d\u2019un vaste <strong>disque protoplan\u00e9taire<\/strong>. <\/p>\n<p>Ce disque, compos\u00e9 de <strong>gaz<\/strong> et de <strong>poussi\u00e8re<\/strong>, mesure pr\u00e8s de <strong>65 milliards de kilom\u00e8tres<\/strong>, soit plusieurs fois le diam\u00e8tre de notre <strong>Syst\u00e8me solaire<\/strong>.<\/p>\n<p>Lire aussi <a href=\"https:\/\/dailygeekshow.com\/cette-magnifique-nouvelle-photo-de-mars-prise-par-perseverance-montre-une-tortue-mais-la-verite-derriere-limage-en-dit-bien-plus-sur-nous-que-sur-la-planete-rouge\/\" rel=\"nofollow noopener\" target=\"_blank\">Cette magnifique nouvelle photo de Mars prise par Perseverance montre une tortue, mais la v\u00e9rit\u00e9 derri\u00e8re l\u2019image en dit bien plus sur nous que sur la plan\u00e8te rouge<\/a><\/p>\n<p>Gr\u00e2ce \u00e0 la combinaison des instruments <strong>NIRCam<\/strong> et <strong>MIRI<\/strong>, James-Webb a d\u00e9voil\u00e9 des d\u00e9tails inaccessibles aux anciens t\u00e9lescopes. L\u2019image r\u00e9v\u00e8le deux <strong><a href=\"https:\/\/dailygeekshow.com\/cest-tout-simplement-stupefiant-james-webb-devoile-enfin-le-coeur-lumineux-de-la-nebuleuse-papillon-cache-dans-la-poussiere\/\" target=\"_blank\" rel=\"noreferrer noopener nofollow\">n\u00e9buleuses<\/a> par r\u00e9flexion<\/strong> \u00e9clair\u00e9es par la lumi\u00e8re de la proto\u00e9toile centrale. Ainsi, l\u2019astre surnomm\u00e9 \u00ab <strong>\u00c9toile Papillon<\/strong> \u00bb prend une forme majestueuse, visible \u00e0 la fois en <strong>infrarouge<\/strong> et en <strong>lumi\u00e8re visible<\/strong>.<\/p>\n<p>Une image in\u00e9dite qui compl\u00e8te les observations de Hubble et d\u2019IRAS<\/p>\n<p>L\u2019astre avait d\u00e9j\u00e0 \u00e9t\u00e9 observ\u00e9 par <strong>Hubble<\/strong> et par le t\u00e9lescope infrarouge <strong><a href=\"https:\/\/www.jpl.nasa.gov\/missions\/infrared-astronomical-satellite-iras\/\" rel=\"nofollow noopener\" target=\"_blank\">IRAS<\/a><\/strong> dans les ann\u00e9es 1980. Toutefois, ces instruments n\u2019avaient pas la pr\u00e9cision de <strong>James-Webb<\/strong>. <\/p>\n<p><img loading=\"lazy\" decoding=\"async\" width=\"1024\" height=\"578\" src=\"https:\/\/www.europesays.com\/fr\/wp-content\/uploads\/2025\/09\/iras-telescope-nasa-1024x578.webp.webp\" alt=\"Illustration du t\u00e9lescope spatial IRAS lanc\u00e9 par la NASA pour explorer l\u2019Univers en infrarouge.\" class=\"wp-image-989713\"  \/>Le t\u00e9lescope spatial IRAS a ouvert une nouvelle \u00e8re d\u2019observations en infrarouge depuis l\u2019espace \u2013 Source NASA<\/p>\n<p>Aujourd\u2019hui, les astronomes disposent d\u2019une vision combin\u00e9e : l\u2019infrarouge r\u00e9v\u00e8le la structure cach\u00e9e du disque tandis que la <strong>lumi\u00e8re<\/strong> visible montre son environnement.<\/p>\n<p>Lire aussi <a href=\"https:\/\/dailygeekshow.com\/elon-musk-accelere-encore-avec-starship-un-test-reussi-sur-un-booster-usage-ouvre-la-voie-a-un-nouveau-decollage-pour-spacex\/\" rel=\"nofollow noopener\" target=\"_blank\">Elon Musk acc\u00e9l\u00e8re encore avec Starship : un test r\u00e9ussi sur un booster usag\u00e9 ouvre la voie \u00e0 un nouveau d\u00e9collage pour SpaceX<\/a><\/p>\n<p>Cette observation permet de suivre la <strong>migration des grains de poussi\u00e8re<\/strong> vers le plan m\u00e9dian du disque. Ces grains s\u2019accumulent, s\u2019\u00e9paississent et forment une couche dense, propice \u00e0 la naissance des <strong><a href=\"https:\/\/dailygeekshow.com\/un-vrai-spectacle-dans-lespace-ces-anneaux-brillants-qui-revelent-la-naissance-dune-planete-lointaine-emerveillent-les-scientifiques\/\" rel=\"nofollow noopener\" target=\"_blank\">plan\u00e8tes<\/a><\/strong>. En effet, cette phase est essentielle pour comprendre comment des <strong>mondes rocheux<\/strong> comme la Terre apparaissent au sein des syst\u00e8mes stellaires.<\/p>\n<p>Un laboratoire naturel pour comprendre la formation des plan\u00e8tes<\/p>\n<p>Les chercheurs consid\u00e8rent <strong>IRAS 04302<\/strong> comme un v\u00e9ritable <strong>laboratoire astrophysique<\/strong>. Le disque pr\u00e9sente des structures verticales mesurables, permettant de tester les mod\u00e8les actuels de <strong>formation plan\u00e9taire<\/strong>. <\/p>\n<p>Ainsi, les observations confirment que les grains de poussi\u00e8re ne restent pas dispers\u00e9s, mais migrent et s\u2019agglutinent sous l\u2019effet de la <strong>gravit\u00e9<\/strong>.<\/p>\n<p>Lire aussi <a href=\"https:\/\/dailygeekshow.com\/supernova-cassiopee-a\/\" rel=\"nofollow noopener\" target=\"_blank\">Une \u00e9tude r\u00e9v\u00e8le un ph\u00e9nom\u00e8ne jamais observ\u00e9 au c\u0153ur de la c\u00e9l\u00e8bre supernova Cassiop\u00e9e A<\/a><\/p>\n<p>D\u2019autres disques observ\u00e9s de face r\u00e9v\u00e8lent des <strong>anneaux<\/strong>, <strong>spirales<\/strong> ou <strong>interstices<\/strong>, parfois signes de la pr\u00e9sence de jeunes <strong>plan\u00e8tes<\/strong>. Ici, vu par la tranche, le disque d\u2019IRAS 04302 permet d\u2019analyser son \u00e9paisseur et de v\u00e9rifier la coh\u00e9rence des mod\u00e8les. Par cons\u00e9quent, cette \u00e9tude ouvre une fen\u00eatre unique sur les tout premiers instants de la <strong>construction des mondes<\/strong>.<\/p>\n<p>Une d\u00e9couverte qui \u00e9claire l\u2019histoire de notre propre Syst\u00e8me solaire<\/p>\n<p>Au-del\u00e0 de sa beaut\u00e9, cette image fournit des indices pr\u00e9cieux sur la fa\u00e7on dont notre <strong>Syst\u00e8me solaire<\/strong> s\u2019est form\u00e9 il y a <strong>4,6 milliards d\u2019ann\u00e9es<\/strong>. <\/p>\n<p>En observant <strong>IRAS 04302<\/strong>, les scientifiques peuvent comparer directement les m\u00e9canismes actuels de formation avec ceux qui ont fa\u00e7onn\u00e9 la <strong>Terre<\/strong>, <strong>Mars<\/strong> ou <strong><a href=\"https:\/\/dailygeekshow.com\/jupiter-ne-serait-pas-nee-dun-choc-violent-une-etude-recente-intrigue-les-chercheurs-et-relance-le-debat-sur-la-formation-de-jupiter\/\" rel=\"nofollow noopener\" target=\"_blank\">Jupiter<\/a><\/strong>.<\/p>\n<p>Lire aussi <a href=\"https:\/\/dailygeekshow.com\/ce-nouveau-trou-noir-decouvert-a-13-milliards-dannees-lumiere-detecte-par-james-webb-intrigue-les-scientifiques-et-relance-une-hypothese-de-stephen-hawking\/\" rel=\"nofollow noopener\" target=\"_blank\">Ce nouveau trou noir d\u00e9couvert \u00e0 13 milliards d\u2019ann\u00e9es-lumi\u00e8re d\u00e9tect\u00e9 par James-Webb intrigue les scientifiques et relance une hypoth\u00e8se de Stephen Hawking<\/a><\/p>\n<p>Ainsi, James-Webb ne se contente pas d\u2019explorer des galaxies lointaines. Il nous ram\u00e8ne aussi aux origines de nos propres <strong>plan\u00e8tes<\/strong>, offrant une plong\u00e9e dans le pass\u00e9 de l\u2019Univers. Chaque nouvelle image confirme son r\u00f4le de t\u00e9lescope incontournable pour l\u2019<strong>astronomie moderne<\/strong>.<\/p>\n","protected":false},"excerpt":{"rendered":"Le t\u00e9lescope spatial James-Webb vient de capturer une image spectaculaire d\u2019une plan\u00e8te en formation. Situ\u00e9 \u00e0 525 ann\u00e9es-lumi\u00e8re&hellip;\n","protected":false},"author":2,"featured_media":381228,"comment_status":"","ping_status":"","sticky":false,"template":"","format":"standard","meta":{"footnotes":""},"categories":[7],"tags":[1011,27,43,40,41,39,42,44],"class_list":{"0":"post-381227","1":"post","2":"type-post","3":"status-publish","4":"format-standard","5":"has-post-thumbnail","7":"category-sciences-et-technologies","8":"tag-fr","9":"tag-france","10":"tag-science","11":"tag-science-and-technology","12":"tag-sciences","13":"tag-sciences-et-technologies","14":"tag-technologies","15":"tag-technology"},"share_on_mastodon":{"url":"https:\/\/pubeurope.com\/@fr\/115182199473356638","error":""},"_links":{"self":[{"href":"https:\/\/www.europesays.com\/fr\/wp-json\/wp\/v2\/posts\/381227","targetHints":{"allow":["GET"]}}],"collection":[{"href":"https:\/\/www.europesays.com\/fr\/wp-json\/wp\/v2\/posts"}],"about":[{"href":"https:\/\/www.europesays.com\/fr\/wp-json\/wp\/v2\/types\/post"}],"author":[{"embeddable":true,"href":"https:\/\/www.europesays.com\/fr\/wp-json\/wp\/v2\/users\/2"}],"replies":[{"embeddable":true,"href":"https:\/\/www.europesays.com\/fr\/wp-json\/wp\/v2\/comments?post=381227"}],"version-history":[{"count":0,"href":"https:\/\/www.europesays.com\/fr\/wp-json\/wp\/v2\/posts\/381227\/revisions"}],"wp:featuredmedia":[{"embeddable":true,"href":"https:\/\/www.europesays.com\/fr\/wp-json\/wp\/v2\/media\/381228"}],"wp:attachment":[{"href":"https:\/\/www.europesays.com\/fr\/wp-json\/wp\/v2\/media?parent=381227"}],"wp:term":[{"taxonomy":"category","embeddable":true,"href":"https:\/\/www.europesays.com\/fr\/wp-json\/wp\/v2\/categories?post=381227"},{"taxonomy":"post_tag","embeddable":true,"href":"https:\/\/www.europesays.com\/fr\/wp-json\/wp\/v2\/tags?post=381227"}],"curies":[{"name":"wp","href":"https:\/\/api.w.org\/{rel}","templated":true}]}}