{"id":38123,"date":"2025-04-20T05:41:22","date_gmt":"2025-04-20T05:41:22","guid":{"rendered":"https:\/\/www.europesays.com\/fr\/38123\/"},"modified":"2025-04-20T05:41:22","modified_gmt":"2025-04-20T05:41:22","slug":"asse-ol-paulo-fonseca-adoube-rayan-cherki","status":"publish","type":"post","link":"https:\/\/www.europesays.com\/fr\/38123\/","title":{"rendered":"ASSE &#8211; OL, Paulo Fonseca adoube Rayan Cherki"},"content":{"rendered":"<p data-testid=\"article-teaser\">Entraineur de l\u2019OL, Paulo Fonseca a eu des propos \u00e9logieux \u00e0 l\u2019endroit de Rayan Cherki \u00e0 la veille du derby contre Saint-Etienne.<\/p>\n<p><a href=\"https:\/\/www.goal.com\/fr\/parier-en-ligne\/pronostic-st-etienne-lyon-20-avril\/blt9e4399853e7bd197\" target=\"_self\" rel=\"noopener\">\u00c0 la veille d\u2019un ASSE \u2013 OL tr\u00e8s attendu,<\/a> tous les regards sont tourn\u00e9s vers Rayan Cherki, dont l\u2019\u00e9clatante progression fait parler bien au-del\u00e0 des terrains fran\u00e7ais. Lors de la conf\u00e9rence de presse pr\u00e9c\u00e9dant ce choc face \u00e0 Saint-\u00c9tienne ce samedi, Paulo Fonseca n\u2019a pas cach\u00e9 son enthousiasme pour son meneur de jeu. Mieux encore, le technicien portugais a multipli\u00e9 les \u00e9loges envers un joueur qu\u2019il consid\u00e8re comme hors norme.<\/p>\n<p>L&rsquo;article continue ci-dessous<\/p>\n","protected":false},"excerpt":{"rendered":"Entraineur de l\u2019OL, Paulo Fonseca a eu des propos \u00e9logieux \u00e0 l\u2019endroit de Rayan Cherki \u00e0 la veille&hellip;\n","protected":false},"author":2,"featured_media":38124,"comment_status":"","ping_status":"","sticky":false,"template":"","format":"standard","meta":{"footnotes":""},"categories":[9653],"tags":[1111,11,2430,1777,674,1011,27,66,2428,12,3811,12054,25,4001,10808],"class_list":{"0":"post-38123","1":"post","2":"type-post","3":"status-publish","4":"format-standard","5":"has-post-thumbnail","7":"category-saint-etienne","8":"tag-actu","9":"tag-actualites","10":"tag-auvergne-rhone-alpes","11":"tag-eu","12":"tag-europe","13":"tag-fr","14":"tag-france","15":"tag-ligue-1","16":"tag-lyon","17":"tag-news","18":"tag-p-fonseca","19":"tag-r-cherki","20":"tag-republique-francaise","21":"tag-saint-etienne","22":"tag-saint-etienne-vs-lyon"},"share_on_mastodon":{"url":"https:\/\/pubeurope.com\/@fr\/114368694435295269","error":""},"_links":{"self":[{"href":"https:\/\/www.europesays.com\/fr\/wp-json\/wp\/v2\/posts\/38123","targetHints":{"allow":["GET"]}}],"collection":[{"href":"https:\/\/www.europesays.com\/fr\/wp-json\/wp\/v2\/posts"}],"about":[{"href":"https:\/\/www.europesays.com\/fr\/wp-json\/wp\/v2\/types\/post"}],"author":[{"embeddable":true,"href":"https:\/\/www.europesays.com\/fr\/wp-json\/wp\/v2\/users\/2"}],"replies":[{"embeddable":true,"href":"https:\/\/www.europesays.com\/fr\/wp-json\/wp\/v2\/comments?post=38123"}],"version-history":[{"count":0,"href":"https:\/\/www.europesays.com\/fr\/wp-json\/wp\/v2\/posts\/38123\/revisions"}],"wp:featuredmedia":[{"embeddable":true,"href":"https:\/\/www.europesays.com\/fr\/wp-json\/wp\/v2\/media\/38124"}],"wp:attachment":[{"href":"https:\/\/www.europesays.com\/fr\/wp-json\/wp\/v2\/media?parent=38123"}],"wp:term":[{"taxonomy":"category","embeddable":true,"href":"https:\/\/www.europesays.com\/fr\/wp-json\/wp\/v2\/categories?post=38123"},{"taxonomy":"post_tag","embeddable":true,"href":"https:\/\/www.europesays.com\/fr\/wp-json\/wp\/v2\/tags?post=38123"}],"curies":[{"name":"wp","href":"https:\/\/api.w.org\/{rel}","templated":true}]}}