{"id":381235,"date":"2025-09-10T21:51:43","date_gmt":"2025-09-10T21:51:43","guid":{"rendered":"https:\/\/www.europesays.com\/fr\/381235\/"},"modified":"2025-09-10T21:51:43","modified_gmt":"2025-09-10T21:51:43","slug":"le-solar-doit-souvrir-a-tout-le-monde","status":"publish","type":"post","link":"https:\/\/www.europesays.com\/fr\/381235\/","title":{"rendered":"\u00ab\u00a0Le Solar doit s\u2019ouvrir \u00e0 tout le monde\u00a0\u00bb"},"content":{"rendered":"<p>Il y a un an, le 1\u1d49\u02b3 septembre 2024, Olivier Corchia prenait les r\u00eanes du Solar. Le premier semestre de la saison derni\u00e8re avait donc \u00e9t\u00e9 davantage pr\u00e9par\u00e9 par son pr\u00e9d\u00e9cesseur, Alexis Burlot, mais le nouveau directeur avait tout de m\u00eame r\u00e9ussi \u00e0 insuffler sa programmation, notamment sur le deuxi\u00e8me semestre o\u00f9 il a su faire preuve d\u2019originalit\u00e9.<\/p>\n<p>\u00ab\u00a0Nous avons organis\u00e9, en d\u00e9but d\u2019ann\u00e9e, des variantes avec des jams sur le th\u00e8me hip-hop, une soir\u00e9e Amy Winehouse, et m\u00eame une soir\u00e9e peu plus clich\u00e9e pour la Saint-Valentin\u00a0\u00bb, retrace Olivier Corchia au sujet de la saison pr\u00e9c\u00e9dente. \u00ab\u00a0D\u2019ailleurs, ces pas de c\u00f4t\u00e9, nous allons les renouveler et m\u00eame en ajouter pour cette prochaine saison 2025-2026 avec des jams hip-hop, mais aussi de musique latine et afro.\u00a0\u00bb<\/p>\n<p>  Un appel aux dons<\/p>\n<p>Concernant les objectifs de la saison \u00e0 venir, le directeur insiste sur \u00ab\u00a0la repr\u00e9sentativit\u00e9 large du jazz, du free, au bip, \u00e0 la New Orleans\u2026 Le Solar doit s\u2019ouvrir afin de permettre \u00e0 tout le monde de d\u00e9couvrir cette vaste \u00e9tendue musicale. Les sessions jam fonctionnent tr\u00e8s bien, elles sont quasiment compl\u00e8tes \u00e0 chaque fois. Mais notre d\u00e9fi est d\u2019arriver \u00e0 augmenter le nombre de spectateurs dans la salle de concert \u00e9galement. Notre attente et nos enjeux sont l\u00e0.\u00a0\u00bb<\/p>\n<p>\u00a0<\/p>\n<p>Signal positif pour le lieu, la Ville et le D\u00e9partement ont renouvel\u00e9 leurs subventions cette ann\u00e9e sans aucune baisse. \u00ab\u00a0Ce qui montre leur soutien et leur confiance. En revanche, la subvention de la Drac (Direction r\u00e9gionale des affaires culturelles, NDLR) a effectivement baiss\u00e9. Pour eux, ce n\u2019est pas \u00e9norme, mais \u00e0 l\u2019\u00e9chelle de notre structure, cela nous a demand\u00e9 une restructuration de nos activit\u00e9s\u00a0\u00bb, regrette-t-il. En cons\u00e9quence, certains tarifs pour les concerts vont augmenter \u00e0 la billetterie. \u00ab\u00a0Nous avons fait un appel aux dons, auquel certains fid\u00e8les du Solar ont gentiment r\u00e9pondu.\u00a0\u00bb<\/p>\n<p>  \u00ab\u00a0Nous esp\u00e9rons \u00eatre \u00e0 l\u2019\u00e9quilibre\u00a0\u00bb<\/p>\n<p>Le lieu se fixe comme horizon le mois de d\u00e9cembre. \u00ab\u00a0Nous aurons notre bilan d\u2019atterrissage. Pour l\u2019instant, <a href=\"https:\/\/www.leprogres.fr\/culture-loisirs\/2025\/04\/15\/economie-la-scene-de-jazz-le-solar-est-a-un-tournant-de-son-histoire\" target=\"_blank\" rel=\"nofollow noopener\">nous esp\u00e9rons \u00eatre \u00e0 l\u2019\u00e9quilibre<\/a> et je pense sinc\u00e8rement que nous le serons. Notre situation pourrait, certes, \u00eatre meilleure, mais ce n\u2019est pas la plus horrible. Je crains, en revanche, que l\u2019ann\u00e9e prochaine soit plus difficile.\u00a0\u00bb<\/p>\n<p>Malgr\u00e9 les vacances d\u2019\u00e9t\u00e9, la programmation du Solar est d\u00e9j\u00e0 boucl\u00e9e et disponible sur le site internet de la salle. Et pour cette rentr\u00e9e, Olivier Corchia a d\u00e9cid\u00e9 de multiplier les partenariats. Ainsi, pour la premi\u00e8re semaine de la saison, le Solar s\u2019ouvrira avec une collaboration. Un cin\u00e9-concert, Space is the place, aura lieu jeudi 25\u00a0septembre \u00e0 20 heures, au M\u00e9li\u00e8s Saint-Fran\u00e7ois et sonnera la rentr\u00e9e du Solar.<\/p>\n<p>Puis, d\u00e8s le lendemain, la salle accueillera, \u00e0 20\u00a0h\u00a030, son premier concert avec le contrebassiste canadien Chris Jennings et le guitariste fran\u00e7ais Pierre Perchaud. Au total, une quarantaine de soir\u00e9es jam et autant de concerts attendent les amateurs de jazz cette saison.<\/p>\n<p class=\"note\">Le Solar, 7 avenue \u00c9mile-Loubet \u00e0 Saint-\u00c9tienne. Jam-sessions tous les lundis soir \u00e0 partir du 29\u00a0septembre.<\/p>\n","protected":false},"excerpt":{"rendered":"Il y a un an, le 1\u1d49\u02b3 septembre 2024, Olivier Corchia prenait les r\u00eanes du Solar. Le premier&hellip;\n","protected":false},"author":2,"featured_media":381236,"comment_status":"","ping_status":"","sticky":false,"template":"","format":"standard","meta":{"footnotes":""},"categories":[9653],"tags":[1111,11,2430,1687,7539,1777,674,1011,27,873,12,25,4001,7538],"class_list":{"0":"post-381235","1":"post","2":"type-post","3":"status-publish","4":"format-standard","5":"has-post-thumbnail","7":"category-saint-etienne","8":"tag-actu","9":"tag-actualites","10":"tag-auvergne-rhone-alpes","11":"tag-culture-loisirs","12":"tag-edition-loire-sud","13":"tag-eu","14":"tag-europe","15":"tag-fr","16":"tag-france","17":"tag-musique","18":"tag-news","19":"tag-republique-francaise","20":"tag-saint-etienne","21":"tag-saint-etienne-ville"},"share_on_mastodon":{"url":"https:\/\/pubeurope.com\/@fr\/115182219056446818","error":""},"_links":{"self":[{"href":"https:\/\/www.europesays.com\/fr\/wp-json\/wp\/v2\/posts\/381235","targetHints":{"allow":["GET"]}}],"collection":[{"href":"https:\/\/www.europesays.com\/fr\/wp-json\/wp\/v2\/posts"}],"about":[{"href":"https:\/\/www.europesays.com\/fr\/wp-json\/wp\/v2\/types\/post"}],"author":[{"embeddable":true,"href":"https:\/\/www.europesays.com\/fr\/wp-json\/wp\/v2\/users\/2"}],"replies":[{"embeddable":true,"href":"https:\/\/www.europesays.com\/fr\/wp-json\/wp\/v2\/comments?post=381235"}],"version-history":[{"count":0,"href":"https:\/\/www.europesays.com\/fr\/wp-json\/wp\/v2\/posts\/381235\/revisions"}],"wp:featuredmedia":[{"embeddable":true,"href":"https:\/\/www.europesays.com\/fr\/wp-json\/wp\/v2\/media\/381236"}],"wp:attachment":[{"href":"https:\/\/www.europesays.com\/fr\/wp-json\/wp\/v2\/media?parent=381235"}],"wp:term":[{"taxonomy":"category","embeddable":true,"href":"https:\/\/www.europesays.com\/fr\/wp-json\/wp\/v2\/categories?post=381235"},{"taxonomy":"post_tag","embeddable":true,"href":"https:\/\/www.europesays.com\/fr\/wp-json\/wp\/v2\/tags?post=381235"}],"curies":[{"name":"wp","href":"https:\/\/api.w.org\/{rel}","templated":true}]}}