{"id":381241,"date":"2025-09-10T21:56:13","date_gmt":"2025-09-10T21:56:13","guid":{"rendered":"https:\/\/www.europesays.com\/fr\/381241\/"},"modified":"2025-09-10T21:56:13","modified_gmt":"2025-09-10T21:56:13","slug":"a-six-fours-le-lycee-de-la-coudouliere-offre-une-journee-beaute-et-photo-aux-seniors-selectionnes-par-le-ccas","status":"publish","type":"post","link":"https:\/\/www.europesays.com\/fr\/381241\/","title":{"rendered":"\u00c0 Six-Fours, le lyc\u00e9e de la Coudouli\u00e8re offre une journ\u00e9e beaut\u00e9 et photo aux seniors s\u00e9lectionn\u00e9s par le CCAS"},"content":{"rendered":"<p>Hier, le lyc\u00e9e de la Coudouli\u00e8re a accueilli une vingtaine de seniors, s\u00e9lectionn\u00e9s par le Comit\u00e9 communal d\u2019action sociale (CCAS) de la ville, pour une parenth\u00e8se hors du temps. Objectif: leur offrir une mise en beaut\u00e9, coiffure et soins compris, avant une s\u00e9ance photo r\u00e9alis\u00e9e par le photographe de la commune.<\/p>\n<p>\u00a0<\/p>\n<p>Ces clich\u00e9s seront expos\u00e9s sur le parvis de la mairie lors de la Semaine bleue, une manifestation nationale consacr\u00e9e aux retrait\u00e9s et aux personnes \u00e2g\u00e9es, organis\u00e9e chaque ann\u00e9e en octobre afin de valoriser leur r\u00f4le dans la soci\u00e9t\u00e9.<\/p>\n<p>\u00a0<\/p>\n<p>Coiffure, accueil et gourmandises<\/p>\n<p>\u00a0<\/p>\n<p>Pour l\u2019occasion, plusieurs sections de l\u2019\u00e9tablissement ont \u00e9t\u00e9 mobilis\u00e9es.<\/p>\n<p>\u00a0<\/p>\n<p>Les \u00e9l\u00e8ves en CAP coiffure se sont charg\u00e9s de la mise en beaut\u00e9 tandis que ceux en accompagnement aupr\u00e8s du grand \u00e2ge ont assur\u00e9 l\u2019accueil et la convivialit\u00e9 autour des plateaux gourmands. Une mise en situation grandeur nature d\u00e8s les premiers jours de rentr\u00e9e, puisque les \u00e9l\u00e8ves n\u2019avaient repris les cours que la semaine pr\u00e9c\u00e9dente.<\/p>\n<p>\u00a0<\/p>\n<p>\u00ab\u00a0On a \u00e9t\u00e9 accueillis comme des rois, avec beaucoup de gentillesse. C\u2019est touchant de voir ces jeunes s\u2019investir pour nous\u00a0\u00bb, confiait une participante, ravie de l\u2019attention qui lui \u00e9tait port\u00e9e.<\/p>\n<p>\u00a0<\/p>\n<p>Un salon p\u00e9dagogique ouvert au public<\/p>\n<p>\u00a0<\/p>\n<p>Ga\u00eblle Gras, enseignante en coiffure, a profit\u00e9 de la rencontre pour rappeler que le salon p\u00e9dagogique du lyc\u00e9e ouvre ses portes au public chaque mardi.<\/p>\n<p>\u00a0<\/p>\n<p>\u00ab\u00a0Les prix sont imbattables puisqu\u2019ils s\u2019inscrivent dans une logique d\u2019apprentissage. Les \u00e9l\u00e8ves prennent un peu plus de temps, mais toujours sous l\u2019\u0153il attentif de professionnels. Personne ne repart avec une coupe rat\u00e9e\u00a0\u00bb, assure-t-elle.<\/p>\n<p>\u00a0<\/p>\n<p>Les rendez-vous se prennent directement en t\u00e9l\u00e9phonant \u00e0 l\u2019accueil de l\u2019\u00e9tablissement, hors vacances scolaires et p\u00e9riodes de stage.<\/p>\n<p>\u00a0<\/p>\n<p>Un tour de magie et puis s\u2019en va<\/p>\n<p>\u00a0<\/p>\n<p>La rencontre a aussi donn\u00e9 lieu \u00e0 de nombreux \u00e9changes entre g\u00e9n\u00e9rations.<\/p>\n<p>\u00a0<\/p>\n<p>Parmi les invit\u00e9s, on retrouvait Bernard Phane, c\u00e9l\u00e9brit\u00e9 locale qui s\u2019appr\u00eate \u00e0 f\u00eater ses 80 ans de carri\u00e8re dans le monde de l\u2019hypnose.<\/p>\n<p>\u00a0<\/p>\n<p>Fid\u00e8le \u00e0 sa r\u00e9putation, il a offert \u00e0 l\u2019une des \u00e9l\u00e8ves une petite d\u00e9monstration, provoquant quelques amusements dans la salle.<\/p>\n<p>\u00a0<\/p>\n<p>Ce moment symbolisait \u00e0 lui seul l\u2019esprit de la journ\u00e9e: une rencontre o\u00f9 les savoir-faire des jeunes se sont m\u00eal\u00e9s \u00e0 l\u2019exp\u00e9rience et \u00e0 la fantaisie de leurs a\u00een\u00e9s, dans une ambiance de partage interg\u00e9n\u00e9rationnel.<\/p>\n<p>\u00a0<\/p>\n<p>Pour contacter le salon p\u00e9dagogique: 04.94.34.80.08.<\/p>\n","protected":false},"excerpt":{"rendered":"Hier, le lyc\u00e9e de la Coudouli\u00e8re a accueilli une vingtaine de seniors, s\u00e9lectionn\u00e9s par le Comit\u00e9 communal d\u2019action&hellip;\n","protected":false},"author":2,"featured_media":381242,"comment_status":"","ping_status":"","sticky":false,"template":"","format":"standard","meta":{"footnotes":""},"categories":[9619],"tags":[1111,11,1777,674,1011,27,12,882,25,2310,3366],"class_list":{"0":"post-381241","1":"post","2":"type-post","3":"status-publish","4":"format-standard","5":"has-post-thumbnail","7":"category-toulon","8":"tag-actu","9":"tag-actualites","10":"tag-eu","11":"tag-europe","12":"tag-fr","13":"tag-france","14":"tag-news","15":"tag-provence-alpes-cote-dazur","16":"tag-republique-francaise","17":"tag-toulon","18":"tag-vie-locale"},"share_on_mastodon":{"url":"https:\/\/pubeurope.com\/@fr\/115182238706338655","error":""},"_links":{"self":[{"href":"https:\/\/www.europesays.com\/fr\/wp-json\/wp\/v2\/posts\/381241","targetHints":{"allow":["GET"]}}],"collection":[{"href":"https:\/\/www.europesays.com\/fr\/wp-json\/wp\/v2\/posts"}],"about":[{"href":"https:\/\/www.europesays.com\/fr\/wp-json\/wp\/v2\/types\/post"}],"author":[{"embeddable":true,"href":"https:\/\/www.europesays.com\/fr\/wp-json\/wp\/v2\/users\/2"}],"replies":[{"embeddable":true,"href":"https:\/\/www.europesays.com\/fr\/wp-json\/wp\/v2\/comments?post=381241"}],"version-history":[{"count":0,"href":"https:\/\/www.europesays.com\/fr\/wp-json\/wp\/v2\/posts\/381241\/revisions"}],"wp:featuredmedia":[{"embeddable":true,"href":"https:\/\/www.europesays.com\/fr\/wp-json\/wp\/v2\/media\/381242"}],"wp:attachment":[{"href":"https:\/\/www.europesays.com\/fr\/wp-json\/wp\/v2\/media?parent=381241"}],"wp:term":[{"taxonomy":"category","embeddable":true,"href":"https:\/\/www.europesays.com\/fr\/wp-json\/wp\/v2\/categories?post=381241"},{"taxonomy":"post_tag","embeddable":true,"href":"https:\/\/www.europesays.com\/fr\/wp-json\/wp\/v2\/tags?post=381241"}],"curies":[{"name":"wp","href":"https:\/\/api.w.org\/{rel}","templated":true}]}}