{"id":381245,"date":"2025-09-10T21:58:17","date_gmt":"2025-09-10T21:58:17","guid":{"rendered":"https:\/\/www.europesays.com\/fr\/381245\/"},"modified":"2025-09-10T21:58:17","modified_gmt":"2025-09-10T21:58:17","slug":"bloquons-tout-des-manifestants-arborant-un-drapeau-francais-pris-a-partie-a-montpellier","status":"publish","type":"post","link":"https:\/\/www.europesays.com\/fr\/381245\/","title":{"rendered":"Bloquons tout\u00a0: des manifestants arborant un drapeau fran\u00e7ais pris \u00e0 partie \u00e0 Montpellier"},"content":{"rendered":"<p>\n                                                                Un petit groupe, dont faisait partie l\u2019ancienne candidate LR Sandra Hou\u00e9e, s\u2019est mis \u00e0 l\u2019abri derri\u00e8re un cordon de CRS, ce mercredi 10\u00a0septembre \u00e0 Montpellier, apr\u00e8s avoir re\u00e7u des insultes et des crachats.\n                            <\/p>\n<p>Les forces de l\u2019ordre ont fait usage de gaz lacrymog\u00e8nes, dans la rue de la Loge \u00e0 Montpellier, en marge de la manifestation \u00ab\u00a0Bloquons tout\u00a0\u00bb ce mercredi 10\u00a0septembre \u00e0 la mi-journ\u00e9e.<\/p>\n<p>Une mont\u00e9e de tension cons\u00e9cutive \u00e0 la prise \u00e0 partie d\u2019un petit groupe de manifestants qui arboraient un drapeau Fran\u00e7ais. Rapidement, des dizaines de personnes affichant leur soutien \u00e0 la cause palestinienne se sont mobilis\u00e9es autour du groupe qui s\u2019est mis \u00e0 l\u2019abri derri\u00e8re un cordon de CRS, apr\u00e8s avoir essuy\u00e9 des insultes et des crachats.<\/p>\n<p>Une ancienne Gilets Jaunes et candidate pr\u00e9sente<\/p>\n<p>Parmi eux se trouvait Sandra Hou\u00e9e, ancienne figure du mouvement Gilets Jaunes \u00e0 Montpellier et candidate Les R\u00e9publicains aux \u00e9lections d\u00e9partementales de 2021. \u00ab\u00a0On nous a arrach\u00e9 une premi\u00e8re fois notre drapeau fran\u00e7ais sur le boulevard du Jeu de Paume puis une deuxi\u00e8me fois devant l\u2019Op\u00e9ra-Com\u00e9die. Heureusement qu\u2019il y avait le cordon policier. Dans une manifestation pour les droits sociaux, c\u2019est l\u00e9gitime de d\u00e9filer avec le drapeau fran\u00e7ais\u00a0\u00bb, indique l\u2019ancienne candidate.<\/p>\n","protected":false},"excerpt":{"rendered":"Un petit groupe, dont faisait partie l\u2019ancienne candidate LR Sandra Hou\u00e9e, s\u2019est mis \u00e0 l\u2019abri derri\u00e8re un cordon&hellip;\n","protected":false},"author":2,"featured_media":381246,"comment_status":"","ping_status":"","sticky":false,"template":"","format":"standard","meta":{"footnotes":""},"categories":[9599],"tags":[1111,11,1777,674,1011,27,2208,12,2680,25],"class_list":{"0":"post-381245","1":"post","2":"type-post","3":"status-publish","4":"format-standard","5":"has-post-thumbnail","7":"category-montpellier","8":"tag-actu","9":"tag-actualites","10":"tag-eu","11":"tag-europe","12":"tag-fr","13":"tag-france","14":"tag-montpellier","15":"tag-news","16":"tag-occitanie","17":"tag-republique-francaise"},"share_on_mastodon":{"url":"https:\/\/pubeurope.com\/@fr\/115182246550657499","error":""},"_links":{"self":[{"href":"https:\/\/www.europesays.com\/fr\/wp-json\/wp\/v2\/posts\/381245","targetHints":{"allow":["GET"]}}],"collection":[{"href":"https:\/\/www.europesays.com\/fr\/wp-json\/wp\/v2\/posts"}],"about":[{"href":"https:\/\/www.europesays.com\/fr\/wp-json\/wp\/v2\/types\/post"}],"author":[{"embeddable":true,"href":"https:\/\/www.europesays.com\/fr\/wp-json\/wp\/v2\/users\/2"}],"replies":[{"embeddable":true,"href":"https:\/\/www.europesays.com\/fr\/wp-json\/wp\/v2\/comments?post=381245"}],"version-history":[{"count":0,"href":"https:\/\/www.europesays.com\/fr\/wp-json\/wp\/v2\/posts\/381245\/revisions"}],"wp:featuredmedia":[{"embeddable":true,"href":"https:\/\/www.europesays.com\/fr\/wp-json\/wp\/v2\/media\/381246"}],"wp:attachment":[{"href":"https:\/\/www.europesays.com\/fr\/wp-json\/wp\/v2\/media?parent=381245"}],"wp:term":[{"taxonomy":"category","embeddable":true,"href":"https:\/\/www.europesays.com\/fr\/wp-json\/wp\/v2\/categories?post=381245"},{"taxonomy":"post_tag","embeddable":true,"href":"https:\/\/www.europesays.com\/fr\/wp-json\/wp\/v2\/tags?post=381245"}],"curies":[{"name":"wp","href":"https:\/\/api.w.org\/{rel}","templated":true}]}}