{"id":381249,"date":"2025-09-10T22:00:17","date_gmt":"2025-09-10T22:00:17","guid":{"rendered":"https:\/\/www.europesays.com\/fr\/381249\/"},"modified":"2025-09-10T22:00:17","modified_gmt":"2025-09-10T22:00:17","slug":"enquete-choc-et-immersion-dans-une-ecole-normande","status":"publish","type":"post","link":"https:\/\/www.europesays.com\/fr\/381249\/","title":{"rendered":"enqu\u00eate choc et immersion dans une \u00e9cole normande"},"content":{"rendered":"<p melodystyle=\"texte\">Avec Sans filtre, <b>Michel Field<\/b> propose chaque mois une immersion au c\u0153ur d&rsquo;une <a href=\"https:\/\/www.tendanceouest.com\/actualite-431443-television-ce-midi-france-5-propose-un-voyage-dans-la-manche-dans-les-100-lieux-qu-il-faut-voir\" target=\"_blank\" rel=\"nofollow noopener\">ville fran\u00e7aise<\/a>. Loin des plateaux parisiens, l&rsquo;\u00e9mission s&rsquo;ancre dans les territoires afin de donner la parole aux citoyens. Le tournage de ce nouveau rendez-vous s&rsquo;est d\u00e9roul\u00e9 le vendredi 5 septembre 2025 \u00e0 <b>l&rsquo;\u00e9cole Rosa Parks<\/b>, rue des Murs Saint-Yon \u00e0 <a href=\"https:\/\/www.tendanceouest.com\/actualite-431944-television-m6-pose-ses-cameras-a-rouen-comment-participer-au-tournage-de-tous-en-cuisine-avec-cyril-lignac-place-saint-marc\" target=\"_blank\" rel=\"nofollow noopener\"><b>Rouen<\/b><\/a>.<\/p>\n<p>Rouen au centre du d\u00e9bat sur le harc\u00e8lement scolaire<\/p>\n<p melodystyle=\"texte\">Cette rentr\u00e9e, le th\u00e8me retenu r\u00e9sonne particuli\u00e8rement : \u00ab\u00a0Violences, <a href=\"https:\/\/www.tendanceouest.com\/actualite-427311-rouen-un-tel-drame-ne-doit-pas-se-reproduire-l-universite-sort-du-silence-apres-la-tentative-de-suicide-d-un-etudiant\" target=\"_blank\" rel=\"nofollow noopener\">harc\u00e8lement<\/a>\u2026 l&rsquo;\u00e9cole impuissante ?\u00a0\u00bb. Depuis cinq ans, les chiffres montrent une augmentation inqui\u00e9tante des agressions, bagarres et cas de <a href=\"https:\/\/www.tendanceouest.com\/actualite-423646-video-photos-seine-maritime-un-ehpad-improvise-un-clip-de-metal-contre-le-harcelement-scolaire-une-residente-a-meme-pleure\" target=\"_blank\" rel=\"nofollow noopener\">cyberharc\u00e8lement<\/a> en milieu scolaire. \u00c0 Rouen comme ailleurs, \u00e9l\u00e8ves, enseignants et parents sont confront\u00e9s \u00e0 un climat d&rsquo;ins\u00e9curit\u00e9.<\/p>\n<p>Des t\u00e9moignages bruts et un \u00e9change sans langue de bois<\/p>\n<p melodystyle=\"texte\">Armes blanches retrouv\u00e9es dans les sacs, insultes en ligne, pression des r\u00e9seaux sociaux : les situations \u00e9voqu\u00e9es sont parfois gla\u00e7antes. Pour comprendre cette r\u00e9alit\u00e9, Sans filtre donne directement la parole aux premiers concern\u00e9s : \u00e9l\u00e8ves, parents d&rsquo;\u00e9l\u00e8ves et professeurs. Le but ? Mettre en lumi\u00e8re les difficult\u00e9s mais aussi esquisser des solutions.<\/p>\n<p>Quand et o\u00f9 regarder l&rsquo;\u00e9mission ?<\/p>\n<p melodystyle=\"texte\">Le <a href=\"https:\/\/www.tendanceouest.com\/actualite-431259-television-ce-soir-dans-arnaques-sur-m6-effondrement-d-une-maison-en-normandie-un-couple-en-guerre-avec-son-voisin\" target=\"_blank\" rel=\"nofollow noopener\">magazine<\/a> Sans filtre consacr\u00e9 \u00e0 la violence et au harc\u00e8lement scolaire, tourn\u00e9 \u00e0 Rouen, est \u00e0 suivre ce<b> mercredi 10 septembre 2025 \u00e0 22h55 sur France 3<\/b>.<\/p>\n","protected":false},"excerpt":{"rendered":"Avec Sans filtre, Michel Field propose chaque mois une immersion au c\u0153ur d&rsquo;une ville fran\u00e7aise. Loin des plateaux&hellip;\n","protected":false},"author":2,"featured_media":381250,"comment_status":"","ping_status":"","sticky":false,"template":"","format":"standard","meta":{"footnotes":""},"categories":[9587],"tags":[1111,11,1777,674,1011,27,12,5161,25,9590],"class_list":{"0":"post-381249","1":"post","2":"type-post","3":"status-publish","4":"format-standard","5":"has-post-thumbnail","7":"category-rouen","8":"tag-actu","9":"tag-actualites","10":"tag-eu","11":"tag-europe","12":"tag-fr","13":"tag-france","14":"tag-news","15":"tag-normandie","16":"tag-republique-francaise","17":"tag-rouen"},"share_on_mastodon":{"url":"https:\/\/pubeurope.com\/@fr\/115182254482821108","error":""},"_links":{"self":[{"href":"https:\/\/www.europesays.com\/fr\/wp-json\/wp\/v2\/posts\/381249","targetHints":{"allow":["GET"]}}],"collection":[{"href":"https:\/\/www.europesays.com\/fr\/wp-json\/wp\/v2\/posts"}],"about":[{"href":"https:\/\/www.europesays.com\/fr\/wp-json\/wp\/v2\/types\/post"}],"author":[{"embeddable":true,"href":"https:\/\/www.europesays.com\/fr\/wp-json\/wp\/v2\/users\/2"}],"replies":[{"embeddable":true,"href":"https:\/\/www.europesays.com\/fr\/wp-json\/wp\/v2\/comments?post=381249"}],"version-history":[{"count":0,"href":"https:\/\/www.europesays.com\/fr\/wp-json\/wp\/v2\/posts\/381249\/revisions"}],"wp:featuredmedia":[{"embeddable":true,"href":"https:\/\/www.europesays.com\/fr\/wp-json\/wp\/v2\/media\/381250"}],"wp:attachment":[{"href":"https:\/\/www.europesays.com\/fr\/wp-json\/wp\/v2\/media?parent=381249"}],"wp:term":[{"taxonomy":"category","embeddable":true,"href":"https:\/\/www.europesays.com\/fr\/wp-json\/wp\/v2\/categories?post=381249"},{"taxonomy":"post_tag","embeddable":true,"href":"https:\/\/www.europesays.com\/fr\/wp-json\/wp\/v2\/tags?post=381249"}],"curies":[{"name":"wp","href":"https:\/\/api.w.org\/{rel}","templated":true}]}}