{"id":38125,"date":"2025-04-20T05:42:12","date_gmt":"2025-04-20T05:42:12","guid":{"rendered":"https:\/\/www.europesays.com\/fr\/38125\/"},"modified":"2025-04-20T05:42:12","modified_gmt":"2025-04-20T05:42:12","slug":"frouard-bienvenue-a-frouard-federe-autour-de-ses-activites","status":"publish","type":"post","link":"https:\/\/www.europesays.com\/fr\/38125\/","title":{"rendered":"Frouard. \u00ab\u00a0Bienvenue \u00e0 Frouard\u00a0\u00bb f\u00e9d\u00e8re autour de ses activit\u00e9s"},"content":{"rendered":"<p>Avec le retour des beaux jours, \u00ab\u00a0Bienvenue \u00e0 Frouard\u00a0\u00bb passe \u00e0 la vitesse sup\u00e9rieure en multipliant ses activit\u00e9s et excursions \u00e0 destination de ses nombreux adh\u00e9rents.<\/p>\n<p>Ainsi, le loto traditionnel de printemps, du 10\u00a0avril dernier, a connu une affluence record avec la venue plus de 230 joueurs. Alain Mariotte, pr\u00e9sident de l\u2019association, se r\u00e9jouissait du&#8230;<\/p>\n","protected":false},"excerpt":{"rendered":"Avec le retour des beaux jours, \u00ab\u00a0Bienvenue \u00e0 Frouard\u00a0\u00bb passe \u00e0 la vitesse sup\u00e9rieure en multipliant ses activit\u00e9s&hellip;\n","protected":false},"author":2,"featured_media":38126,"comment_status":"","ping_status":"","sticky":false,"template":"","format":"standard","meta":{"footnotes":""},"categories":[9635],"tags":[1111,11,9661,1687,1704,1777,674,1011,27,9660,775,1702,12,25],"class_list":{"0":"post-38125","1":"post","2":"type-post","3":"status-publish","4":"format-standard","5":"has-post-thumbnail","7":"category-nancy","8":"tag-actu","9":"tag-actualites","10":"tag-cc-du-bassin-de-pompey-54b1","11":"tag-culture-loisirs","12":"tag-edition-nancy-et-agglomeration","13":"tag-eu","14":"tag-europe","15":"tag-fr","16":"tag-france","17":"tag-frouard","18":"tag-grand-est","19":"tag-nancy","20":"tag-news","21":"tag-republique-francaise"},"share_on_mastodon":{"url":"https:\/\/pubeurope.com\/@fr\/114368698400907396","error":""},"_links":{"self":[{"href":"https:\/\/www.europesays.com\/fr\/wp-json\/wp\/v2\/posts\/38125","targetHints":{"allow":["GET"]}}],"collection":[{"href":"https:\/\/www.europesays.com\/fr\/wp-json\/wp\/v2\/posts"}],"about":[{"href":"https:\/\/www.europesays.com\/fr\/wp-json\/wp\/v2\/types\/post"}],"author":[{"embeddable":true,"href":"https:\/\/www.europesays.com\/fr\/wp-json\/wp\/v2\/users\/2"}],"replies":[{"embeddable":true,"href":"https:\/\/www.europesays.com\/fr\/wp-json\/wp\/v2\/comments?post=38125"}],"version-history":[{"count":0,"href":"https:\/\/www.europesays.com\/fr\/wp-json\/wp\/v2\/posts\/38125\/revisions"}],"wp:featuredmedia":[{"embeddable":true,"href":"https:\/\/www.europesays.com\/fr\/wp-json\/wp\/v2\/media\/38126"}],"wp:attachment":[{"href":"https:\/\/www.europesays.com\/fr\/wp-json\/wp\/v2\/media?parent=38125"}],"wp:term":[{"taxonomy":"category","embeddable":true,"href":"https:\/\/www.europesays.com\/fr\/wp-json\/wp\/v2\/categories?post=38125"},{"taxonomy":"post_tag","embeddable":true,"href":"https:\/\/www.europesays.com\/fr\/wp-json\/wp\/v2\/tags?post=38125"}],"curies":[{"name":"wp","href":"https:\/\/api.w.org\/{rel}","templated":true}]}}