{"id":381251,"date":"2025-09-10T22:01:18","date_gmt":"2025-09-10T22:01:18","guid":{"rendered":"https:\/\/www.europesays.com\/fr\/381251\/"},"modified":"2025-09-10T22:01:18","modified_gmt":"2025-09-10T22:01:18","slug":"bon-plan-ce-restaurant-de-seine-maritime-donne-gratuitement-tout-son-mobilier-ce-jeudi-11-septembre","status":"publish","type":"post","link":"https:\/\/www.europesays.com\/fr\/381251\/","title":{"rendered":"Bon plan. Ce restaurant de Seine-Maritime donne gratuitement tout son mobilier ce jeudi 11\u00a0septembre"},"content":{"rendered":"<p melodystyle=\"texte\">Ferm\u00e9 au printemps dernier apr\u00e8s plus d&rsquo;un demi-si\u00e8cle d&rsquo;activit\u00e9, le restaurant <a href=\"https:\/\/www.tendanceouest.com\/actualite-41525-la-walsheim-sur-un-air-d-alsace\" target=\"_blank\" rel=\"nofollow noopener\"><b>la Walsheim<\/b><\/a>\u00a0\u00e0 Rouen organise une op\u00e9ration peu commune\u00a0: se s\u00e9parer gratuitement de tout son mobilier. Les premiers arriv\u00e9s pourront repartir avec des pi\u00e8ces embl\u00e9matiques, allant des banquettes aux luminaires, en passant par les tables qui ont accueilli des g\u00e9n\u00e9rations de convives.<\/p>\n<p>Plus de 50 ans d&rsquo;histoire derri\u00e8re ces objets<\/p>\n<p melodystyle=\"texte\">Chaque \u00e9l\u00e9ment de mobilier raconte un morceau de vie de ce lieu qui a marqu\u00e9 plusieurs g\u00e9n\u00e9rations. Pour certains habitants, r\u00e9cup\u00e9rer une banquette ou une table, c&rsquo;est emporter un souvenir tangible d&rsquo;un \u00e9tablissement qui a rythm\u00e9 la vie du quartier.<\/p>\n<p>Quand et o\u00f9 r\u00e9cup\u00e9rer le mobilier gratuitement\u00a0?<\/p>\n<p melodystyle=\"texte\">Le rendez-vous est fix\u00e9 au <b>jeudi 11\u00a0septembre 2025, de 8h \u00e0 10h<\/b>, directement dans <a href=\"https:\/\/www.tendanceouest.com\/actualite-239907-rouen-seine-maritime-feu-de-friteuse-dans-un-restaurant\" target=\"_blank\" rel=\"nofollow noopener\">l&rsquo;ancien \u00e9tablissement<\/a> situ\u00e9 <b>260 rue Martainville \u00e0 <a href=\"https:\/\/www.tendanceouest.com\/actualites-seine-maritime.html\" target=\"_blank\" rel=\"nofollow noopener\">Rouen<\/a><\/b>. Aucune r\u00e9servation n&rsquo;est n\u00e9cessaire\u00a0: il suffira de venir sur place et de transporter soi-m\u00eame le mobilier choisi, dans la limite des disponibilit\u00e9s.<\/p>\n<p>Un geste qui s\u00e9duit les curieux et les nostalgiques<\/p>\n<p melodystyle=\"texte\">Au-del\u00e0 d&rsquo;une opportunit\u00e9 pour les professionnels ou les particuliers cherchant du mobilier, cette initiative attire aussi les nostalgiques qui souhaitent repartir avec un souvenir de ce restaurant rouennais. Une mani\u00e8re originale de prolonger un peu son histoire, tout en donnant une seconde vie \u00e0 son mobilier.<\/p>\n<p melodystyle=\"textnoprint\">\n","protected":false},"excerpt":{"rendered":"Ferm\u00e9 au printemps dernier apr\u00e8s plus d&rsquo;un demi-si\u00e8cle d&rsquo;activit\u00e9, le restaurant la Walsheim\u00a0\u00e0 Rouen organise une op\u00e9ration peu&hellip;\n","protected":false},"author":2,"featured_media":381252,"comment_status":"","ping_status":"","sticky":false,"template":"","format":"standard","meta":{"footnotes":""},"categories":[9587],"tags":[1111,11,1777,674,1011,27,12,5161,25,9590],"class_list":{"0":"post-381251","1":"post","2":"type-post","3":"status-publish","4":"format-standard","5":"has-post-thumbnail","7":"category-rouen","8":"tag-actu","9":"tag-actualites","10":"tag-eu","11":"tag-europe","12":"tag-fr","13":"tag-france","14":"tag-news","15":"tag-normandie","16":"tag-republique-francaise","17":"tag-rouen"},"share_on_mastodon":{"url":"https:\/\/pubeurope.com\/@fr\/115182258302841698","error":""},"_links":{"self":[{"href":"https:\/\/www.europesays.com\/fr\/wp-json\/wp\/v2\/posts\/381251","targetHints":{"allow":["GET"]}}],"collection":[{"href":"https:\/\/www.europesays.com\/fr\/wp-json\/wp\/v2\/posts"}],"about":[{"href":"https:\/\/www.europesays.com\/fr\/wp-json\/wp\/v2\/types\/post"}],"author":[{"embeddable":true,"href":"https:\/\/www.europesays.com\/fr\/wp-json\/wp\/v2\/users\/2"}],"replies":[{"embeddable":true,"href":"https:\/\/www.europesays.com\/fr\/wp-json\/wp\/v2\/comments?post=381251"}],"version-history":[{"count":0,"href":"https:\/\/www.europesays.com\/fr\/wp-json\/wp\/v2\/posts\/381251\/revisions"}],"wp:featuredmedia":[{"embeddable":true,"href":"https:\/\/www.europesays.com\/fr\/wp-json\/wp\/v2\/media\/381252"}],"wp:attachment":[{"href":"https:\/\/www.europesays.com\/fr\/wp-json\/wp\/v2\/media?parent=381251"}],"wp:term":[{"taxonomy":"category","embeddable":true,"href":"https:\/\/www.europesays.com\/fr\/wp-json\/wp\/v2\/categories?post=381251"},{"taxonomy":"post_tag","embeddable":true,"href":"https:\/\/www.europesays.com\/fr\/wp-json\/wp\/v2\/tags?post=381251"}],"curies":[{"name":"wp","href":"https:\/\/api.w.org\/{rel}","templated":true}]}}