{"id":381253,"date":"2025-09-10T22:03:23","date_gmt":"2025-09-10T22:03:23","guid":{"rendered":"https:\/\/www.europesays.com\/fr\/381253\/"},"modified":"2025-09-10T22:03:23","modified_gmt":"2025-09-10T22:03:23","slug":"lyon-paris-grenoble-les-premieres-tensions-en-images-2","status":"publish","type":"post","link":"https:\/\/www.europesays.com\/fr\/381253\/","title":{"rendered":"Lyon, Paris, Grenoble\u2026 Les premi\u00e8res tensions en images"},"content":{"rendered":"<p>Ce mercredi 10 septembre, le mouvement \u00ab\u00a0Bloquons tout\u00a0\u00bb a men\u00e9 plusieurs actions coordonn\u00e9es dans diff\u00e9rentes r\u00e9gions fran\u00e7aises. Militants, syndicats et collectifs citoyens ont appel\u00e9 \u00e0 une journ\u00e9e d\u2019action pour d\u00e9noncer la politique d&rsquo;Emmanuel Macron. Dans l\u2019Est, des blocages et des tensions ont \u00e9t\u00e9 signal\u00e9s \u00e0 Lyon, Strasbourg, Grenoble\u2026 Des heurts ont aussi \u00e9clat\u00e9 \u00e0 Paris.<\/p>\n","protected":false},"excerpt":{"rendered":"Ce mercredi 10 septembre, le mouvement \u00ab\u00a0Bloquons tout\u00a0\u00bb a men\u00e9 plusieurs actions coordonn\u00e9es dans diff\u00e9rentes r\u00e9gions fran\u00e7aises. Militants,&hellip;\n","protected":false},"author":2,"featured_media":380383,"comment_status":"","ping_status":"","sticky":false,"template":"","format":"standard","meta":{"footnotes":""},"categories":[9566],"tags":[1111,11,2430,1777,674,1011,27,2731,12,25],"class_list":{"0":"post-381253","1":"post","2":"type-post","3":"status-publish","4":"format-standard","5":"has-post-thumbnail","7":"category-grenoble","8":"tag-actu","9":"tag-actualites","10":"tag-auvergne-rhone-alpes","11":"tag-eu","12":"tag-europe","13":"tag-fr","14":"tag-france","15":"tag-grenoble","16":"tag-news","17":"tag-republique-francaise"},"share_on_mastodon":{"url":"https:\/\/pubeurope.com\/@fr\/115182266254283106","error":""},"_links":{"self":[{"href":"https:\/\/www.europesays.com\/fr\/wp-json\/wp\/v2\/posts\/381253","targetHints":{"allow":["GET"]}}],"collection":[{"href":"https:\/\/www.europesays.com\/fr\/wp-json\/wp\/v2\/posts"}],"about":[{"href":"https:\/\/www.europesays.com\/fr\/wp-json\/wp\/v2\/types\/post"}],"author":[{"embeddable":true,"href":"https:\/\/www.europesays.com\/fr\/wp-json\/wp\/v2\/users\/2"}],"replies":[{"embeddable":true,"href":"https:\/\/www.europesays.com\/fr\/wp-json\/wp\/v2\/comments?post=381253"}],"version-history":[{"count":0,"href":"https:\/\/www.europesays.com\/fr\/wp-json\/wp\/v2\/posts\/381253\/revisions"}],"wp:featuredmedia":[{"embeddable":true,"href":"https:\/\/www.europesays.com\/fr\/wp-json\/wp\/v2\/media\/380383"}],"wp:attachment":[{"href":"https:\/\/www.europesays.com\/fr\/wp-json\/wp\/v2\/media?parent=381253"}],"wp:term":[{"taxonomy":"category","embeddable":true,"href":"https:\/\/www.europesays.com\/fr\/wp-json\/wp\/v2\/categories?post=381253"},{"taxonomy":"post_tag","embeddable":true,"href":"https:\/\/www.europesays.com\/fr\/wp-json\/wp\/v2\/tags?post=381253"}],"curies":[{"name":"wp","href":"https:\/\/api.w.org\/{rel}","templated":true}]}}