{"id":381256,"date":"2025-09-10T22:05:17","date_gmt":"2025-09-10T22:05:17","guid":{"rendered":"https:\/\/www.europesays.com\/fr\/381256\/"},"modified":"2025-09-10T22:05:17","modified_gmt":"2025-09-10T22:05:17","slug":"bus-incendie-sur-la-rocade-sud-de-rennes-laxe-reouvert-dans-la-nuit-la-porte-dalma-reste-fermee","status":"publish","type":"post","link":"https:\/\/www.europesays.com\/fr\/381256\/","title":{"rendered":"Bus incendi\u00e9 sur la rocade sud de Rennes\u00a0: l\u2019axe r\u00e9ouvert dans la nuit, la porte d\u2019Alma reste ferm\u00e9e"},"content":{"rendered":"<p>Apr\u00e8s des heures d\u2019arr\u00eat, la circulation va petit \u00e0 petit reprendre son cours normal au niveau de la rocade sud de Rennes. Depuis mercredi matin, le barrage mis en place par des militants en marge de l\u2019appel \u00e0 la mobilisation \u00ab Bloquons tout \u00bb, puis<a href=\"https:\/\/www.letelegramme.fr\/ille-et-vilaine\/rennes-35000\/un-bus-incendie-sur-la-rocade-de-rennes-lors-du-mouvement-bloquons-tout-ce-que-lon-sait-6886332.php\" target=\"_blank\" rel=\"noopener\"> le bus du r\u00e9seau Star incendi\u00e9 au niveau de la porte d\u2019Alma<\/a> ont conduit \u00e0 l\u2019interruption du trafic sur cette portion tr\u00e8s fr\u00e9quent\u00e9e du p\u00e9riph\u00e9rique. D\u2019apr\u00e8s un communiqu\u00e9 de la pr\u00e9fecture d\u2019Ille-et-Vilaine, l\u2019axe doit r\u00e9ouvrir ce mercredi soir \u00e0 partir de 21 h 30 dans le sens Rennes-Paris. La vitesse y sera limit\u00e9e \u00e0 70 km\/h. Dans le sens int\u00e9rieur Paris-Rennes, cette portion de p\u00e9riph\u00e9rique sera \u00e0 nouveau accessible vers 1 h 30 du matin.<\/p>\n<p>La porte d\u2019Alma, notamment le pont sous lequel l\u2019autobus a br\u00fbl\u00e9, reste en revanche ferm\u00e9e jusqu\u2019\u00e0 nouvel ordre en direction du centre-ville. Pour rappel, l\u2019\u00e9difice a \u00e9t\u00e9 endommag\u00e9 par l\u2019incendie du bus. Comme l\u2019indiquait en matin\u00e9e, au T\u00e9l\u00e9gramme, V\u00e9ronique Malard, chef adjointe du centre d\u2019entretien et d\u2019intervention de la rocade de Rennes pour la Diro : \u00ab La remise en \u00e9tat va prendre du temps et il va falloir d\u00e9blayer. Il y a un risque d\u2019\u00e9croulement car le tablier est vuln\u00e9rable. \u00bb Les automobilistes sont pri\u00e9s d\u2019emprunter la porte d\u2019Angers s\u2019ils veulent acc\u00e9der \u00e0 Rennes, pour les jours \u00e0 venir.<\/p>\n","protected":false},"excerpt":{"rendered":"Apr\u00e8s des heures d\u2019arr\u00eat, la circulation va petit \u00e0 petit reprendre son cours normal au niveau de la&hellip;\n","protected":false},"author":2,"featured_media":381257,"comment_status":"","ping_status":"","sticky":false,"template":"","format":"standard","meta":{"footnotes":""},"categories":[2821],"tags":[1111,11,829,765,1777,674,1011,27,848,5383,12,584,25],"class_list":{"0":"post-381256","1":"post","2":"type-post","3":"status-publish","4":"format-standard","5":"has-post-thumbnail","7":"category-rennes","8":"tag-actu","9":"tag-actualites","10":"tag-bretagne","11":"tag-en-continu","12":"tag-eu","13":"tag-europe","14":"tag-fr","15":"tag-france","16":"tag-ille-et-vilaine","17":"tag-incendies","18":"tag-news","19":"tag-rennes","20":"tag-republique-francaise"},"share_on_mastodon":{"url":"https:\/\/pubeurope.com\/@fr\/115182274886092029","error":""},"_links":{"self":[{"href":"https:\/\/www.europesays.com\/fr\/wp-json\/wp\/v2\/posts\/381256","targetHints":{"allow":["GET"]}}],"collection":[{"href":"https:\/\/www.europesays.com\/fr\/wp-json\/wp\/v2\/posts"}],"about":[{"href":"https:\/\/www.europesays.com\/fr\/wp-json\/wp\/v2\/types\/post"}],"author":[{"embeddable":true,"href":"https:\/\/www.europesays.com\/fr\/wp-json\/wp\/v2\/users\/2"}],"replies":[{"embeddable":true,"href":"https:\/\/www.europesays.com\/fr\/wp-json\/wp\/v2\/comments?post=381256"}],"version-history":[{"count":0,"href":"https:\/\/www.europesays.com\/fr\/wp-json\/wp\/v2\/posts\/381256\/revisions"}],"wp:featuredmedia":[{"embeddable":true,"href":"https:\/\/www.europesays.com\/fr\/wp-json\/wp\/v2\/media\/381257"}],"wp:attachment":[{"href":"https:\/\/www.europesays.com\/fr\/wp-json\/wp\/v2\/media?parent=381256"}],"wp:term":[{"taxonomy":"category","embeddable":true,"href":"https:\/\/www.europesays.com\/fr\/wp-json\/wp\/v2\/categories?post=381256"},{"taxonomy":"post_tag","embeddable":true,"href":"https:\/\/www.europesays.com\/fr\/wp-json\/wp\/v2\/tags?post=381256"}],"curies":[{"name":"wp","href":"https:\/\/api.w.org\/{rel}","templated":true}]}}