{"id":381264,"date":"2025-09-10T22:09:17","date_gmt":"2025-09-10T22:09:17","guid":{"rendered":"https:\/\/www.europesays.com\/fr\/381264\/"},"modified":"2025-09-10T22:09:17","modified_gmt":"2025-09-10T22:09:17","slug":"elles-voulaient-se-rendre-a-nice-et-se-retrouvent-a-tunis-journal-de-20-heures","status":"publish","type":"post","link":"https:\/\/www.europesays.com\/fr\/381264\/","title":{"rendered":"Elles voulaient se rendre \u00e0 Nice\u2026 et se retrouvent \u00e0 Tunis ! &#8211; Journal de 20 heures"},"content":{"rendered":"<p id=\"descriptionPanel\" class=\"text-secondary mr-2 line-clamp-2 pr-2.5 overflow-visible\">C\u2019est une histoire qui para\u00eet folle, mais elle est v\u00e9ridique. Deux jeunes touristes am\u00e9ricaines, parties de Rome, croyaient aller \u00e0 Nice, sur la C\u00f4te d&rsquo;Azur, mais \u00e0 l&rsquo;atterrissage de leur avion, elles se sont retrouv\u00e9es \u00e0 Tunis. Leurs lacunes abyssales en culture g\u00e9n\u00e9rale les ont men\u00e9es bien plus au sud que pr\u00e9vu. Apr\u00e8s de longues n\u00e9gociations, elles ont pu monter dans un avion le soir m\u00eame et enfin, atterrir \u00e0 Nice. Leurs m\u00e9saventures ont \u00e9t\u00e9 vues seize millions de fois sur les r\u00e9seaux sociaux.<\/p>\n<p>TF1 | Reportage C. DIWO, A. BOURDARIAS, J. JANKOWSKI<\/p>\n<p>Afficher la version longue du r\u00e9sum\u00e9<a class=\"shrink-0\" href=\"https:\/\/www.tf1.fr\/tf1\/jt-20h\" target=\"_blank\" rel=\"noopener\"><img decoding=\"async\" src=\"https:\/\/www.europesays.com\/fr\/wp-content\/uploads\/2025\/07\/flux-program-card-portrait-1-jt20h-btcb-f6f521-de0119-4109ab-0@1x.jpg\" width=\"138\" height=\"184\" alt=\"\" loading=\"eager\" fetchpriority=\"auto\" class=\"rounded-3px aspect-[3\/4] h-24 w-auto\" aria-hidden=\"true\"\/><\/a><\/p>\n","protected":false},"excerpt":{"rendered":"C\u2019est une histoire qui para\u00eet folle, mais elle est v\u00e9ridique. Deux jeunes touristes am\u00e9ricaines, parties de Rome, croyaient&hellip;\n","protected":false},"author":2,"featured_media":381265,"comment_status":"","ping_status":"","sticky":false,"template":"","format":"standard","meta":{"footnotes":""},"categories":[2819],"tags":[1111,11,1777,674,3483,3697,41323,41321,1011,27,3699,3698,41324,41329,41333,41322,41330,41334,41327,41326,12,2401,882,25,41331,41332,3701,41328,3700,41325],"class_list":{"0":"post-381264","1":"post","2":"type-post","3":"status-publish","4":"format-standard","5":"has-post-thumbnail","7":"category-nice","8":"tag-actu","9":"tag-actualites","10":"tag-eu","11":"tag-europe","12":"tag-extrait","13":"tag-extrait-journal-de-20-heures","14":"tag-extrait-journal-de-20-heures-tf1","15":"tag-extrait-tf1","16":"tag-fr","17":"tag-france","18":"tag-journal-de-20-heures","19":"tag-journal-de-20-heures-extrait","20":"tag-journal-de-20-heures-extrait-tf1","21":"tag-journal-de-20-heures-streaming","22":"tag-journal-de-20-heures-streaming-gratuit","23":"tag-journal-de-20-heures-tf1","24":"tag-journal-de-20-heures-tf1-streaming","25":"tag-journal-de-20-heures-tf1-streaming-gratuit","26":"tag-journal-de-20-heures-tf1-video","27":"tag-journal-de-20-heures-video","28":"tag-news","29":"tag-nice","30":"tag-provence-alpes-cote-dazur","31":"tag-republique-francaise","32":"tag-streaming-gratuit-journal-de-20-heures","33":"tag-streaming-gratuit-journal-de-20-heures-tf1","34":"tag-streaming-journal-de-20-heures","35":"tag-streaming-journal-de-20-heures-tf1","36":"tag-video-journal-de-20-heures","37":"tag-video-journal-de-20-heures-tf1"},"share_on_mastodon":{"url":"","error":"Validation failed: Text character limit of 500 exceeded"},"_links":{"self":[{"href":"https:\/\/www.europesays.com\/fr\/wp-json\/wp\/v2\/posts\/381264","targetHints":{"allow":["GET"]}}],"collection":[{"href":"https:\/\/www.europesays.com\/fr\/wp-json\/wp\/v2\/posts"}],"about":[{"href":"https:\/\/www.europesays.com\/fr\/wp-json\/wp\/v2\/types\/post"}],"author":[{"embeddable":true,"href":"https:\/\/www.europesays.com\/fr\/wp-json\/wp\/v2\/users\/2"}],"replies":[{"embeddable":true,"href":"https:\/\/www.europesays.com\/fr\/wp-json\/wp\/v2\/comments?post=381264"}],"version-history":[{"count":0,"href":"https:\/\/www.europesays.com\/fr\/wp-json\/wp\/v2\/posts\/381264\/revisions"}],"wp:featuredmedia":[{"embeddable":true,"href":"https:\/\/www.europesays.com\/fr\/wp-json\/wp\/v2\/media\/381265"}],"wp:attachment":[{"href":"https:\/\/www.europesays.com\/fr\/wp-json\/wp\/v2\/media?parent=381264"}],"wp:term":[{"taxonomy":"category","embeddable":true,"href":"https:\/\/www.europesays.com\/fr\/wp-json\/wp\/v2\/categories?post=381264"},{"taxonomy":"post_tag","embeddable":true,"href":"https:\/\/www.europesays.com\/fr\/wp-json\/wp\/v2\/tags?post=381264"}],"curies":[{"name":"wp","href":"https:\/\/api.w.org\/{rel}","templated":true}]}}