{"id":381266,"date":"2025-09-10T22:10:27","date_gmt":"2025-09-10T22:10:27","guid":{"rendered":"https:\/\/www.europesays.com\/fr\/381266\/"},"modified":"2025-09-10T22:10:27","modified_gmt":"2025-09-10T22:10:27","slug":"henri-salvador-a-lhonneur-de-lacademie-du-jazz-de-louest-a-nantes","status":"publish","type":"post","link":"https:\/\/www.europesays.com\/fr\/381266\/","title":{"rendered":"Henri Salvador \u00e0 l\u2019honneur de l\u2019acad\u00e9mie du jazz de l\u2019Ouest \u00e0 Nantes"},"content":{"rendered":"<p>Presse Oc\u00e9an\u00a0: le public conna\u00eet surtout Henri Salvador pour ses chansons l\u00e9g\u00e8res et ses ballades romantiques. Pourtant, son premier amour musical est le jazz. Comment cette passion est-elle n\u00e9e\u00a0?<\/p>\n<p><strong>Jean-Philippe Vidal<\/strong>\u00a0: \u00ab\u00a0Il est vrai qu\u2019on associe souvent Salvador \u00e0 l\u2019humour ou \u00e0 la vari\u00e9t\u00e9, mais au d\u00e9part c\u2019est un musicien de jazz. Il a grandi en Guyane et, d\u00e8s son arriv\u00e9e \u00e0 Paris, il d\u00e9couvre cette musique venue d\u2019Am\u00e9rique. Il \u00e9coute Louis Armstrong, Duke Ellington, Count Basie\u2026 Cette \u00e9nergie, cette libert\u00e9, c\u2019\u00e9tait un v\u00e9ritable choc pour lui\u00a0!\u00a0\u00bb.<\/p>\n<p>Il croise tr\u00e8s t\u00f4t de grands noms du jazz\u2026 On cite souvent Django Reinhardt\u2026<\/p>\n<p>\u00ab\u00a0Oui, Django, c\u2019est un ma\u00eetre pour lui, et pas que pour lui\u00a0! Il a la chance de jouer \u00e0 ses c\u00f4t\u00e9s dans les ann\u00e9es 40. Django lui montre ce qu\u2019est l\u2019improvisation. Salvador \u00e9crit d\u2019ailleurs\u00a0: \u2019\u2019Avec Django, rien n\u2019\u00e9tait fig\u00e9\u00a0: chaque concert \u00e9tait unique. Cette \u00e9cole m\u2019a marqu\u00e9 pour toujours, m\u00eame quand plus tard j\u2019ai choisi d\u2019aller vers la chanson populaire\u2019\u2019. \u00bb<\/p>\n<p>Pourtant, le public retient surtout les refrains humoristiques\u2026 Le jazz est-il rest\u00e9 en arri\u00e8re-plan\u00a0?<\/p>\n<p>\u00ab\u00a0Jamais. Le jazz a accompagn\u00e9 Salvador durant toute sa carri\u00e8re\u2026 M\u00eame quand il fait rire, le swing est l\u00e0, pr\u00e9sent. Pr\u00e9sent dans son phras\u00e9, dans les accords subtils de sa guitare, dans le rythme chaloup\u00e9 de ses m\u00e9lodies. En France, dans les ann\u00e9es 1950, les artistes qui r\u00e9ussissaient \u00e0 concilier jazz et grande popularit\u00e9 n\u2019\u00e9taient pas si nombreux. Henri Salvador en fait partie.3<\/p>\n<p>On dit qu\u2019il a aussi contribu\u00e9 \u00e0 faire d\u00e9couvrir la bossa nova\u2026<\/p>\n<p>\u00ab\u00a0C\u2019est une assez longue histoire\u2026 Mais oui, on peut affirmer que dans les ann\u00e9es 60\u00a0Salvador a \u00e9t\u00e9 un des premiers \u00e0 chanter en fran\u00e7ais sur ce rythme br\u00e9silien et \u00e0 en populariser les harmonies raffin\u00e9es. A la fin de sa carri\u00e8re d\u2019ailleurs, avec Jardin d\u2019hiver, il a retrouv\u00e9 cette couleur, ce c\u00f4t\u00e9 feutr\u00e9. C\u2019\u00e9tait comme refermer la boucle.\u00a0\u00bb<\/p>\n<p>Finalement, Salvador ne s\u2019est jamais d\u00e9tach\u00e9 du jazz\u2026<\/p>\n<p>\u00ab\u00a0Exactement. Le jazz, pour Salvador, n\u2019\u00e9tait pas seulement une musique g\u00e9niale, c\u2019\u00e9tait aussi une attitude\u00a0: l\u2019art d\u2019inventer, de surprendre, de rester libre. Et on peut dire qu\u2019il a mis cette libert\u00e9 partout, dans ses chansons comiques sign\u00e9es Boris Vian comme dans ses ballades. Ne disait-il pas\u2019\u2019Le jazz, c\u2019est le sourire de la musique, et moi, j\u2019ai toujours voulu faire sourire les gens\u2019\u2019 ? \u00bb<\/p>\n<p>Mercredi 10\u00a0septembre \u00e0 19h Salons Mauduit, 10 rue Ars\u00e8ne Leloup \u00e0 Nantes.\u00a0La soir\u00e9e est pr\u00e9sent\u00e9e par Jean-Philippe Vidal. Les illustrations musicales sont confi\u00e9es au chanteur Antoine Orain, \u00e0 Veronika Rodriguez et au C\u00f4te Ouest Jazz Quartet.<\/p>\n<p>Informations et r\u00e9servations\u00a0: 02\u00a051\u00a072\u00a001\u00a001 \u2013 http:\/\/academiedujazzdelouest.com Prochaine rencontre de l\u2019AJO\u00a0: Pannonica, la baronne du jazz le mercredi 15\u00a0octobre<\/p>\n<p>\u00a0<\/p>\n","protected":false},"excerpt":{"rendered":"Presse Oc\u00e9an\u00a0: le public conna\u00eet surtout Henri Salvador pour ses chansons l\u00e9g\u00e8res et ses ballades romantiques. Pourtant, son&hellip;\n","protected":false},"author":2,"featured_media":381267,"comment_status":"","ping_status":"","sticky":false,"template":"","format":"standard","meta":{"footnotes":""},"categories":[2818],"tags":[26122,1111,11,1777,674,1011,27,6553,14472,6910,766,12,9144,2636,25,2941],"class_list":{"0":"post-381266","1":"post","2":"type-post","3":"status-publish","4":"format-standard","5":"has-post-thumbnail","7":"category-nantes","8":"tag-academie","9":"tag-actu","10":"tag-actualites","11":"tag-eu","12":"tag-europe","13":"tag-fr","14":"tag-france","15":"tag-henri","16":"tag-honneur","17":"tag-jazz","18":"tag-nantes","19":"tag-news","20":"tag-ouest","21":"tag-pays-de-la-loire","22":"tag-republique-francaise","23":"tag-salvador"},"share_on_mastodon":{"url":"https:\/\/pubeurope.com\/@fr\/115182293847741888","error":""},"_links":{"self":[{"href":"https:\/\/www.europesays.com\/fr\/wp-json\/wp\/v2\/posts\/381266","targetHints":{"allow":["GET"]}}],"collection":[{"href":"https:\/\/www.europesays.com\/fr\/wp-json\/wp\/v2\/posts"}],"about":[{"href":"https:\/\/www.europesays.com\/fr\/wp-json\/wp\/v2\/types\/post"}],"author":[{"embeddable":true,"href":"https:\/\/www.europesays.com\/fr\/wp-json\/wp\/v2\/users\/2"}],"replies":[{"embeddable":true,"href":"https:\/\/www.europesays.com\/fr\/wp-json\/wp\/v2\/comments?post=381266"}],"version-history":[{"count":0,"href":"https:\/\/www.europesays.com\/fr\/wp-json\/wp\/v2\/posts\/381266\/revisions"}],"wp:featuredmedia":[{"embeddable":true,"href":"https:\/\/www.europesays.com\/fr\/wp-json\/wp\/v2\/media\/381267"}],"wp:attachment":[{"href":"https:\/\/www.europesays.com\/fr\/wp-json\/wp\/v2\/media?parent=381266"}],"wp:term":[{"taxonomy":"category","embeddable":true,"href":"https:\/\/www.europesays.com\/fr\/wp-json\/wp\/v2\/categories?post=381266"},{"taxonomy":"post_tag","embeddable":true,"href":"https:\/\/www.europesays.com\/fr\/wp-json\/wp\/v2\/tags?post=381266"}],"curies":[{"name":"wp","href":"https:\/\/api.w.org\/{rel}","templated":true}]}}