{"id":381268,"date":"2025-09-10T22:11:16","date_gmt":"2025-09-10T22:11:16","guid":{"rendered":"https:\/\/www.europesays.com\/fr\/381268\/"},"modified":"2025-09-10T22:11:16","modified_gmt":"2025-09-10T22:11:16","slug":"le-proces-dun-rapt-en-plein-jour-a-nantes-un-seul-accuse-dix-ans-ferme","status":"publish","type":"post","link":"https:\/\/www.europesays.com\/fr\/381268\/","title":{"rendered":"Le proc\u00e8s d\u2019un rapt en plein jour \u00e0 Nantes\u00a0: un seul accus\u00e9, dix ans ferme"},"content":{"rendered":"<tr wp_automatic_readability=\"6.8581081081081\">\n<td valign=\"middle\" align=\"center\" class=\"col-logo\" wp_automatic_readability=\"5\">\n    <img decoding=\"async\" src=\"https:\/\/maville.com\/design\/images\/logo-of-monetise.svg?version=20130627\" alt=\"logo Ouest-France\" height=\"66\"\/><\/p>\n<p>Contenu r\u00e9serv\u00e9 aux abonn\u00e9s<\/p>\n<\/td>\n<td class=\"col-titre\">\n\t\t\tMercredi 10 septembre 2025 22:14<br \/>\n\t\t\t<a class=\"icon-bulle sizeL count\" href=\"#ancreAvis\"><br \/>\n\t&#8230;<br \/>\n<\/a><\/td>\n<\/tr>\n<p>\t\t<a class=\"mavillebox2 elmt-photo\" href=\"https:\/\/maville.com\/photosmvi\/2025\/09\/10\/P35454676D6969682G.jpg\" title=\" L\u2019enl\u00e8vement a eu lieu rue de Cornulier, jeudi 8\u00a0septembre 2022, en plein jour. Un homme avait \u00e9t\u00e9 interpell\u00e9 le vendredi soir, \u00e0 Nantes.  \u00a9  Archives Ouest-France  &lt;!--TAG-BLC credit--&gt;\" rel=\"galerie_actu noopener\" target=\"_blank\"><br \/>\n\t<img decoding=\"async\" src=\"https:\/\/www.europesays.com\/fr\/wp-content\/uploads\/2025\/09\/P35454676D6969682G_crop_640-330_.jpg\" alt=\"photo  l\u2019enl\u00e8vement a eu lieu rue de cornulier, jeudi 8\u00a0septembre 2022, en plein jour. un homme avait \u00e9t\u00e9 interpell\u00e9 le vendredi soir, \u00e0 nantes.  \u00a9  archives ouest-france \"\/><br \/>\n\t1<br \/>\n<\/a><\/p>\n<p class=\"elmt-legende\"> L\u2019enl\u00e8vement a eu lieu rue de Cornulier, jeudi 8\u00a0septembre 2022, en plein jour. Un homme avait \u00e9t\u00e9 interpell\u00e9 le vendredi soir, \u00e0 Nantes.  \u00a9  Archives Ouest-France  <\/p>\n<p>\t\tIls auraient d\u00fb \u00eatre cinq dans le box, il est le seul \u00e0 avoir \u00e9t\u00e9 arr\u00eat\u00e9 et mis en examen en septembre\u00a02022 pour l\u2019enl\u00e8vement d\u2019un homme en plein jour, dans le secteur de la gare sud de Nantes. Jug\u00e9 devant la cour criminelle de Loire-Atlantique, mardi\u00a09 et mercredi 10\u00a0septembre 2025, un accus\u00e9 de 31\u00a0ans a \u00e9t\u00e9 condamn\u00e9 \u00e0 dix ans de r\u00e9clusion criminelle.<\/p>\n<p><b>Cet article est r\u00e9serv\u00e9 aux abonn\u00e9s<\/b><\/p>\n<p>Pour un acc\u00e8s imm\u00e9diat, abonnez-vous<\/p>\n<p><b>1\u00e8re semaine offerte<\/b><\/p>\n<p>\t\t Nathalie HAMON. \u00a0\u00a0<br \/>\n\t\tOuest-France<\/p>\n<p>Retrouvez d&rsquo;autres actus sur la commune de :<\/p>\n<p>\t\t&#13;<\/p>\n","protected":false},"excerpt":{"rendered":"Contenu r\u00e9serv\u00e9 aux abonn\u00e9s Mercredi 10 septembre 2025 22:14 &#8230; 1 L\u2019enl\u00e8vement a eu lieu rue de Cornulier,&hellip;\n","protected":false},"author":2,"featured_media":381269,"comment_status":"","ping_status":"","sticky":false,"template":"","format":"standard","meta":{"footnotes":""},"categories":[2818],"tags":[10983,1111,11,1764,1777,674,9095,1011,27,4432,766,12,2636,2694,14467,25,6689,8288,9693],"class_list":{"0":"post-381268","1":"post","2":"type-post","3":"status-publish","4":"format-standard","5":"has-post-thumbnail","7":"category-nantes","8":"tag-accuse","9":"tag-actu","10":"tag-actualites","11":"tag-ans","12":"tag-eu","13":"tag-europe","14":"tag-ferme","15":"tag-fr","16":"tag-france","17":"tag-jour","18":"tag-nantes","19":"tag-news","20":"tag-pays-de-la-loire","21":"tag-proces","22":"tag-rapt","23":"tag-republique-francaise","24":"tag-roche","25":"tag-seul","26":"tag-yon"},"share_on_mastodon":{"url":"https:\/\/pubeurope.com\/@fr\/115182297825188644","error":""},"_links":{"self":[{"href":"https:\/\/www.europesays.com\/fr\/wp-json\/wp\/v2\/posts\/381268","targetHints":{"allow":["GET"]}}],"collection":[{"href":"https:\/\/www.europesays.com\/fr\/wp-json\/wp\/v2\/posts"}],"about":[{"href":"https:\/\/www.europesays.com\/fr\/wp-json\/wp\/v2\/types\/post"}],"author":[{"embeddable":true,"href":"https:\/\/www.europesays.com\/fr\/wp-json\/wp\/v2\/users\/2"}],"replies":[{"embeddable":true,"href":"https:\/\/www.europesays.com\/fr\/wp-json\/wp\/v2\/comments?post=381268"}],"version-history":[{"count":0,"href":"https:\/\/www.europesays.com\/fr\/wp-json\/wp\/v2\/posts\/381268\/revisions"}],"wp:featuredmedia":[{"embeddable":true,"href":"https:\/\/www.europesays.com\/fr\/wp-json\/wp\/v2\/media\/381269"}],"wp:attachment":[{"href":"https:\/\/www.europesays.com\/fr\/wp-json\/wp\/v2\/media?parent=381268"}],"wp:term":[{"taxonomy":"category","embeddable":true,"href":"https:\/\/www.europesays.com\/fr\/wp-json\/wp\/v2\/categories?post=381268"},{"taxonomy":"post_tag","embeddable":true,"href":"https:\/\/www.europesays.com\/fr\/wp-json\/wp\/v2\/tags?post=381268"}],"curies":[{"name":"wp","href":"https:\/\/api.w.org\/{rel}","templated":true}]}}