{"id":38127,"date":"2025-04-20T05:43:31","date_gmt":"2025-04-20T05:43:31","guid":{"rendered":"https:\/\/www.europesays.com\/fr\/38127\/"},"modified":"2025-04-20T05:43:31","modified_gmt":"2025-04-20T05:43:31","slug":"cette-rue-tres-frequentee-de-nancy-va-se-transformer-voici-comment","status":"publish","type":"post","link":"https:\/\/www.europesays.com\/fr\/38127\/","title":{"rendered":"Cette rue tr\u00e8s fr\u00e9quent\u00e9e de Nancy va se transformer : voici\u00a0comment"},"content":{"rendered":"<p>            Par<br \/>\n        <strong><br \/>\n            <a href=\"https:\/\/actu.fr\/auteur\/pierre-emile-bouchy-actu-fr\" title=\"Consulter tous les articles de Paul-Emile Bouchy\" rel=\"nofollow noopener\" target=\"_blank\">Paul-Emile Bouchy<\/a><br \/>\n        <\/strong><\/p>\n<p>        Publi\u00e9 le<\/p>\n<p>            4 f\u00e9vr. 2025 \u00e0 16h17        <\/p>\n<p>Est-ce enfin la fin du feuilleton concernant l\u2019am\u00e9nagement de la <strong>rue de Verdun<\/strong> \u00e0 <a href=\"https:\/\/actu.fr\/grand-est\/nancy_54395\" rel=\"nofollow noopener\" target=\"_blank\">Nancy<\/a> (Meurthe-et-Moselle)\u2009?<\/p>\n<p class=\" wall-content\">Pr\u00e9sent\u00e9 en 2023, le projet initial s\u2019\u00e9tait heurt\u00e9 \u00e0 la r\u00e9ticence des habitants en raison de la suppression de nombreuses places de <a href=\"https:\/\/actu.fr\/tag\/stationnement\" rel=\"nofollow noopener\" target=\"_blank\">stationnement<\/a>. Prenant en compte les remarques des riverains, une mise \u00e0 jour de l\u2019\u00e9tude a \u00e9t\u00e9 <a href=\"https:\/\/actu.fr\/grand-est\/nancy_54395\/nancy-pistes-cyclables-circulation-a-sens-unique-cette-rue-tres-frequentee-va-se-transformer_61899515.html\" rel=\"nofollow noopener\" target=\"_blank\">d\u00e9voil\u00e9e en novembre\u00a02024<\/a>.<\/p>\n<p class=\" wall-content\">Un point restait pourtant \u00e0 d\u00e9finir quant \u00e0 <strong>la circulation en bas de la rue, au carrefour des rues Isabey et Jacquinot<\/strong>. Appel\u00e9s \u00e0 voter entre plusieurs options, les habitants ont tranch\u00e9.<\/p>\n<p>La circulation maintenue \u00e0 double sens en bas de la rue<\/p>\n<p class=\" wall-content\">Quatre options \u00e9taient soumises au vote des habitants. Finalement, c\u2019est l\u2019<strong>option 3 bis<\/strong>\u00a0qui a recueilli le plus de suffrages.<\/p>\n<p class=\" wall-content\">Cette solution <strong>maintient la partie basse de la rue de Verdun \u00e0 double sens de circulation<\/strong>, entre la rue Isabey et le quai Claude le Lorrain. Des pistes cyclables s\u00e9curis\u00e9es seront am\u00e9nag\u00e9es, comme sur le haut de la rue de Verdun.<\/p>\n<p>Vid\u00e9os : en ce moment sur Actu<\/p>\n<p class=\" wall-content\">Ainsi, la circulation sera uniquement modifi\u00e9e sur la partie haute de la rue de Verdun, entre la rue Isabey et le boulevard Albert 1\u1d49\u02b3. Elle sera \u00e0 <strong>sens unique pour les voitures dans le sens de la mont\u00e9e<\/strong>.<\/p>\n<p>      <img   decoding=\"async\" loading=\"lazy\" src=\"https:\/\/www.europesays.com\/fr\/wp-content\/uploads\/2025\/04\/travaux-rue-de-verdun-nancy-960x640.jpg\" alt=\"La rue de Verdun sera bient\u00f4t \u00e0 sens unique avec deux pistes cyclables et une bande de stationnement.\" width=\"960\" height=\"640\"\/><br \/>\n    Si le bas de la rue est \u00e0 double sens de circulation, la partie haute de la rue de Verdun sera \u00e0 sens unique avec deux pistes cyclables et une bande de stationnement. (\u00a9M\u00e9tropole du Grand Nancy)Pas de nouveau square<\/p>\n<p class=\" wall-content\">L\u2019option choisie a l\u2019avantage de garantir un acc\u00e8s vers et depuis la Vieille Ville gr\u00e2ce au maintien du double sens de circulation, m\u00eame si cela risque d\u2019augmenter le trafic dans les rues Isabey et Jacquinot.<\/p>\n<p>      <img   decoding=\"async\" loading=\"lazy\" src=\"https:\/\/www.europesays.com\/fr\/wp-content\/uploads\/2025\/04\/intersection-rue-de-verdun-option-3-bis-nancy-960x630.png\" alt=\"Voici les futurs sens de circulation sur la partie basse de la rue de Verdun, jusqu'au quai Claude le Lorrain.\" width=\"960\" height=\"630\"\/><br \/>\n    Voici les futurs sens de circulation sur la partie basse de la rue de Verdun, jusqu\u2019au quai Claude-le-Lorrain. (\u00a9M\u00e9tropole du Grand Nancy)<\/p>\n<p class=\" wall-content\">En revanche, <strong>exit\u00a0le projet du nouveau square<\/strong> qui pouvait \u00eatre cr\u00e9\u00e9 au carrefour de ces rues. Le passage des v\u00e9hicules ne peut pas permettre de lib\u00e9rer la place n\u00e9cessaire \u00e0 cette v\u00e9g\u00e9talisation.<\/p>\n<p>Les d\u00e9tails du projet retenu seront pr\u00e9sent\u00e9s ce mardi 4\u00a0f\u00e9vrier \u00e0 18h30 \u00e0 la salle polyvalente du b\u00e2timent A de la r\u00e9sidence universitaire Boudonville (61 rue de Boudonville).<\/p>\n<p class=\" wall-content\">Suivez toute l\u2019actualit\u00e9 de vos villes et m\u00e9dias favoris en vous inscrivant \u00e0 <a href=\"https:\/\/moncompte.actu.fr\" title=\"D\u00e9couvez Mon Actu\" rel=\"nofollow noopener\" data-trk=\"{&quot;cta&quot;:{&quot;action&quot;:&quot;https:\\\/\\\/moncompte.actu.fr&quot;,&quot;category&quot;:&quot;mon compte&quot;,&quot;from&quot;:&quot;article footer&quot;,&quot;name&quot;:&quot;Mon actu&quot;,&quot;type&quot;:&quot;cta&quot;}}\" target=\"_blank\">Mon Actu<\/a>.<\/p>\n","protected":false},"excerpt":{"rendered":"Par Paul-Emile Bouchy Publi\u00e9 le 4 f\u00e9vr. 2025 \u00e0 16h17 Est-ce enfin la fin du feuilleton concernant l\u2019am\u00e9nagement&hellip;\n","protected":false},"author":2,"featured_media":38128,"comment_status":"","ping_status":"","sticky":false,"template":"","format":"standard","meta":{"footnotes":""},"categories":[9635],"tags":[1111,11,3542,1777,674,1011,27,775,1702,12,25,104,2086,1352],"class_list":{"0":"post-38127","1":"post","2":"type-post","3":"status-publish","4":"format-standard","5":"has-post-thumbnail","7":"category-nancy","8":"tag-actu","9":"tag-actualites","10":"tag-circulation","11":"tag-eu","12":"tag-europe","13":"tag-fr","14":"tag-france","15":"tag-grand-est","16":"tag-nancy","17":"tag-news","18":"tag-republique-francaise","19":"tag-societe","20":"tag-travaux","21":"tag-urbanisme"},"share_on_mastodon":{"url":"https:\/\/pubeurope.com\/@fr\/114368702300674737","error":""},"_links":{"self":[{"href":"https:\/\/www.europesays.com\/fr\/wp-json\/wp\/v2\/posts\/38127","targetHints":{"allow":["GET"]}}],"collection":[{"href":"https:\/\/www.europesays.com\/fr\/wp-json\/wp\/v2\/posts"}],"about":[{"href":"https:\/\/www.europesays.com\/fr\/wp-json\/wp\/v2\/types\/post"}],"author":[{"embeddable":true,"href":"https:\/\/www.europesays.com\/fr\/wp-json\/wp\/v2\/users\/2"}],"replies":[{"embeddable":true,"href":"https:\/\/www.europesays.com\/fr\/wp-json\/wp\/v2\/comments?post=38127"}],"version-history":[{"count":0,"href":"https:\/\/www.europesays.com\/fr\/wp-json\/wp\/v2\/posts\/38127\/revisions"}],"wp:featuredmedia":[{"embeddable":true,"href":"https:\/\/www.europesays.com\/fr\/wp-json\/wp\/v2\/media\/38128"}],"wp:attachment":[{"href":"https:\/\/www.europesays.com\/fr\/wp-json\/wp\/v2\/media?parent=38127"}],"wp:term":[{"taxonomy":"category","embeddable":true,"href":"https:\/\/www.europesays.com\/fr\/wp-json\/wp\/v2\/categories?post=38127"},{"taxonomy":"post_tag","embeddable":true,"href":"https:\/\/www.europesays.com\/fr\/wp-json\/wp\/v2\/tags?post=38127"}],"curies":[{"name":"wp","href":"https:\/\/api.w.org\/{rel}","templated":true}]}}