{"id":381270,"date":"2025-09-10T22:12:13","date_gmt":"2025-09-10T22:12:13","guid":{"rendered":"https:\/\/www.europesays.com\/fr\/381270\/"},"modified":"2025-09-10T22:12:13","modified_gmt":"2025-09-10T22:12:13","slug":"a-eysines-le-club-dentreprises-organise-des-olympiades","status":"publish","type":"post","link":"https:\/\/www.europesays.com\/fr\/381270\/","title":{"rendered":"\u00c0 Eysines, le club d\u2019entreprises organise des olympiades"},"content":{"rendered":"<p>\n\t\t\t\t\t\t\t\t\tChaque ann\u00e9e, le club d&rsquo;entreprises d&rsquo;Eysines reverse les profits de ses Olympiades \u00e0 une association du territoire. Cr\u00e9dits : Club d&rsquo;Eysines\n\t\t\t\t\t\t\t\t<\/p>\n<p>Le club d\u2019entreprises d\u2019Eysines propose, depuis quelques ann\u00e9es, une journ\u00e9e de partage entre adh\u00e9rents, mais aussi habitants du territoire. Autour d\u2019\u00e9preuves sportives, l\u2019objectif est de tisser des liens.<\/p>\n<p>Si le Club d\u2019entreprises d\u2019Eysines devait \u00e9crire sa devise, ce serait sans doute \u00ab seul, on va plus vite, ensemble, on va plus loin \u00bb. Car les liens humains sont chers au c\u0153ur de sa pr\u00e9sidente, Ana\u00efs Blanchard, qui \u0153uvre \u00e0 les tisser entre ses adh\u00e9rents. Forte de 20 ans d\u2019exp\u00e9rience, l&rsquo;association compte une cinquantaine de membres, \u00ab mais nous avons la pr\u00e9tention de revenir \u00e0 100 professionnels inscrits \u00bb, pr\u00e9cise d\u2019embl\u00e9e Ana\u00efs Blanchard. <\/p>\n<p>    Outre les traditionnels moments de convivialit\u00e9 que l\u2019on retrouve dans la plupart des r\u00e9seaux d\u2019affaires, le club d&rsquo;entreprises d\u2019Eysines lancera, le 25 septembre, un nouveau format \u00e0 la demande de ses adh\u00e9rents. Baptis\u00e9 \u00ab Eysi\u2019biz \u00bb, il s\u2019agira d\u2019un \u00ab club dans le club \u00bb, d\u00e9di\u00e9 \u00e0 la recommandation d\u2019affaires. \u00ab L\u2019id\u00e9e est de cr\u00e9er des liens solides, explique Ana\u00efs Blanchard. En parall\u00e8le, nous proposerons tous les 15 jours un moment d\u00e9di\u00e9 \u00e0 la formation, avec un intervenant ext\u00e9rieur, pour devenir des gens meilleurs tant sur le plan professionnel que personnel. \u00bb Une premi\u00e8re r\u00e9union d\u2019information sera propos\u00e9e par le club, avant un d\u00e9marrage concret du format. <\/p>\n<p>   Des olympiades pour cr\u00e9er du lien <\/p>\n<p>  Cr\u00e9er du lien, oui, mais pas seulement entre les adh\u00e9rents. Depuis quelques ann\u00e9es, le club d\u2019entreprises organise chaque ann\u00e9e ses olympiades. Ouverte \u00e0 tous, cette journ\u00e9e voit s\u2019affronter des \u00e9quipes de cinq \u00e0 huit personnes, qu\u2019ils soient membres de l\u2019association, salari\u00e9s d\u2019une entreprise, b\u00e9n\u00e9voles d\u2019une association et m\u00eame lyc\u00e9ens. \u00ab Une ann\u00e9e, nous avons organis\u00e9 l\u2019\u00e9v\u00e9nement dans un lyc\u00e9e ce qui a permis de d\u00e9dramatiser la vision que les jeunes ont des chefs d\u2019entreprise \u00bb, sourit la pr\u00e9sidente de la structure. Une partie des b\u00e9n\u00e9fices revient ensuite \u00e0 une association du territoire.     L\u2019\u00e9dition 2025 se tiendra le 7 octobre prochain, dans la galerie marchande du Super U d\u2019Eysines. \u00ab C\u2019est une fa\u00e7on de promouvoir nos adh\u00e9rents, glisse Ana\u00efs Blanchard. Si on arrive \u00e0 \u00eatre solidaires, cela rendre notre ville plus agr\u00e9able. \u00bb<\/p>\n","protected":false},"excerpt":{"rendered":"Chaque ann\u00e9e, le club d&rsquo;entreprises d&rsquo;Eysines reverse les profits de ses Olympiades \u00e0 une association du territoire. Cr\u00e9dits&hellip;\n","protected":false},"author":2,"featured_media":381271,"comment_status":"","ping_status":"","sticky":false,"template":"","format":"standard","meta":{"footnotes":""},"categories":[2817],"tags":[1111,11,1997,1777,674,1011,27,12,2219,5645,25],"class_list":{"0":"post-381270","1":"post","2":"type-post","3":"status-publish","4":"format-standard","5":"has-post-thumbnail","7":"category-bordeaux","8":"tag-actu","9":"tag-actualites","10":"tag-bordeaux","11":"tag-eu","12":"tag-europe","13":"tag-fr","14":"tag-france","15":"tag-news","16":"tag-nouvelle-aquitaine","17":"tag-placco-placeco","18":"tag-republique-francaise"},"share_on_mastodon":{"url":"https:\/\/pubeurope.com\/@fr\/115182301750130735","error":""},"_links":{"self":[{"href":"https:\/\/www.europesays.com\/fr\/wp-json\/wp\/v2\/posts\/381270","targetHints":{"allow":["GET"]}}],"collection":[{"href":"https:\/\/www.europesays.com\/fr\/wp-json\/wp\/v2\/posts"}],"about":[{"href":"https:\/\/www.europesays.com\/fr\/wp-json\/wp\/v2\/types\/post"}],"author":[{"embeddable":true,"href":"https:\/\/www.europesays.com\/fr\/wp-json\/wp\/v2\/users\/2"}],"replies":[{"embeddable":true,"href":"https:\/\/www.europesays.com\/fr\/wp-json\/wp\/v2\/comments?post=381270"}],"version-history":[{"count":0,"href":"https:\/\/www.europesays.com\/fr\/wp-json\/wp\/v2\/posts\/381270\/revisions"}],"wp:featuredmedia":[{"embeddable":true,"href":"https:\/\/www.europesays.com\/fr\/wp-json\/wp\/v2\/media\/381271"}],"wp:attachment":[{"href":"https:\/\/www.europesays.com\/fr\/wp-json\/wp\/v2\/media?parent=381270"}],"wp:term":[{"taxonomy":"category","embeddable":true,"href":"https:\/\/www.europesays.com\/fr\/wp-json\/wp\/v2\/categories?post=381270"},{"taxonomy":"post_tag","embeddable":true,"href":"https:\/\/www.europesays.com\/fr\/wp-json\/wp\/v2\/tags?post=381270"}],"curies":[{"name":"wp","href":"https:\/\/api.w.org\/{rel}","templated":true}]}}