{"id":381272,"date":"2025-09-10T22:13:11","date_gmt":"2025-09-10T22:13:11","guid":{"rendered":"https:\/\/www.europesays.com\/fr\/381272\/"},"modified":"2025-09-10T22:13:11","modified_gmt":"2025-09-10T22:13:11","slug":"bloquons-tout-8-000-personnes-manifestent-a-bordeaux-ce-nest-que-le-debut","status":"publish","type":"post","link":"https:\/\/www.europesays.com\/fr\/381272\/","title":{"rendered":"Bloquons tout\u00a0\u00bb : 8.000 personnes manifestent \u00e0 Bordeaux, \u00ab\u00a0ce n&rsquo;est que le d\u00e9but\u00a0!"},"content":{"rendered":"<p>La manifestation \u00ab\u00a0Bloquons tout\u00a0\u00bb a rassembl\u00e9 ce mercredi environ 8.000 personnes \u00e0 Bordeaux. Elle s&rsquo;est d\u00e9roul\u00e9e dans le calme, au point m\u00eame de d\u00e9cevoir certains manifestants.<\/p>\n<p>Elles \u00e9taient 6.000 selon la pr\u00e9fecture, 12.000 selon les syndicats\u00a0: environ <strong>8.000 personnes<\/strong> se sont rassembl\u00e9es ce mercredi \u00e0 Bordeaux pour la manifestation \u00ab\u00a0Bloquons tout\u00a0\u00bb. Apr\u00e8s des\u00a0<a class=\"IciLink ici-link IciArticleLink g-ici-body-regular-1 underline brand svelte-lu7k6w\" href=\"https:\/\/www.francebleu.fr\/infos\/economie-social\/direct-bloquons-tout-suivez-la-mobilisation-en-gironde-6154221\" rel=\"nofollow noopener\" target=\"_blank\">blocages de ronds-points dans la matin\u00e9e<\/a>, le cort\u00e8ge est parti de la place des Quinconces \u00e0 midi et est arriv\u00e9 vers 14h devant le cimeti\u00e8re de la Chartreuse \u00e0 M\u00e9riadeck.<\/p>\n<p>Une mobilisation dans le calme dans l&rsquo;ensemble, avec <strong>6 interpellations<\/strong> et quelques violences dans l&rsquo;apr\u00e8s midi, apr\u00e8s la manifestation, quand des groupes d&rsquo;\u00e9tudiants se sont retrouv\u00e9s place de la Victoire.<\/p>\n<p>Manifestation calme et conviviale<\/p>\n<p>Un enfant dans chaque main. Julien est venu manifester <strong>avec ses deux fils<\/strong>\u00a0: \u00ab\u00a0\u00c7a me para\u00eet logique de venir avec eux. C&rsquo;est pour leur avenir aussi. La plan\u00e8te, les acquis sociaux, qu&rsquo;on est en train de perdre un par un, explique-t-il. Il est temps de se battre\u00a0!\u00a0\u00bb C&rsquo;est aussi le mot d&rsquo;ordre de Nelly. Handicap\u00e9e, elle a mis <strong>une pancarte \u00ab\u00a0Bloquons tout\u00a0\u00bb sur son d\u00e9ambulateur<\/strong>\u00a0: \u00ab\u00a0Je suis l\u00e0, heureuse, motiv\u00e9e, d\u00e9termin\u00e9e\u00a0\u00bb, sourit-elle.<\/p>\n<p><img loading=\"lazy\" decoding=\"async\" class=\"VisualPreview svelte-1rldrkz\" src=\"data:image\/jpeg;base64,\/9j\/2wBDACgcHiMeGSgjISMtKygwPGRBPDc3PHtYXUlkkYCZlo+AjIqgtObDoKrarYqMyP\/L2u71\/\/\/\/m8H\/\/\/\/6\/+b9\/\/j\/2wBDASstLTw1PHZBQXb4pYyl+Pj4+Pj4+Pj4+Pj4+Pj4+Pj4+Pj4+Pj4+Pj4+Pj4+Pj4+Pj4+Pj4+Pj4+Pj4+Pj4+Pj\/wAARCAAfACoDASIAAhEBAxEB\/8QAGAABAQEBAQAAAAAAAAAAAAAAAgEDAAT\/xAAYEAEBAQEBAAAAAAAAAAAAAAAAAQIREv\/EABYBAAMAAAAAAAAAAAAAAAAAAAABAv\/EABYRAQEBAAAAAAAAAAAAAAAAAAABEf\/aAAwDAQACEQMRAD8A8kPKcWQoda5ps8muVGJQKiVoxPKzJ8WRK0kJeOpgKB0eAP\/Z\" alt=\"L'intersyndicale s'est install\u00e9e en t\u00eate de cort\u00e8ge.\" width=\"600\" height=\"450\"\/>  L&rsquo;intersyndicale s&rsquo;est install\u00e9e en t\u00eate de cort\u00e8ge. \u00a9 Radio France &#8211; Alice Marot<\/p>\n<p>Le mouvement ne part pas des syndicats, mais comme dans une manifestation classique, <strong>l&rsquo;intersyndicale s&rsquo;installe en t\u00eate du cort\u00e8ge<\/strong>. \u00ab\u00a0Ce n&rsquo;est pas une mobilisation syndicale, on est d&rsquo;accord, admet Julien, qui repr\u00e9sente les postiers girondins. Mais c&rsquo;est la mobilisation des pauvres contre les riches. On en fait partie, puisqu&rsquo;on repr\u00e9sente les travailleurs pauvres.\u00a0\u00bb<\/p>\n<p>Dans la foule, <strong>quelques Gilets Jaunes<\/strong>, comme Joseph, venu de Bazas\u00a0: \u00ab\u00a0On a l&rsquo;impression d&rsquo;\u00eatre oubli\u00e9s. Le gouvernement, on l&rsquo;a fait saut\u00e9, maintenant, il faut que Macron d\u00e9missionne.\u00a0\u00bb Et c&rsquo;est justement le visage d&rsquo;Emmanuel Macron qu&rsquo;on retrouve sur le masque que porte K\u00e9vin\u00a0: \u00ab\u00a0L&rsquo;humour, c&rsquo;est la derni\u00e8re arme\u00a0\u00bb, l\u00e2che-t-il.<\/p>\n<p><img loading=\"lazy\" decoding=\"async\" class=\"VisualPreview svelte-1rldrkz\" src=\"data:image\/jpeg;base64,\/9j\/2wBDACgcHiMeGSgjISMtKygwPGRBPDc3PHtYXUlkkYCZlo+AjIqgtObDoKrarYqMyP\/L2u71\/\/\/\/m8H\/\/\/\/6\/+b9\/\/j\/2wBDASstLTw1PHZBQXb4pYyl+Pj4+Pj4+Pj4+Pj4+Pj4+Pj4+Pj4+Pj4+Pj4+Pj4+Pj4+Pj4+Pj4+Pj4+Pj4+Pj4+Pj\/wAARCAAfACoDASIAAhEBAxEB\/8QAFgABAQEAAAAAAAAAAAAAAAAAAgEA\/8QAFhABAQEAAAAAAAAAAAAAAAAAAAER\/8QAFgEBAQEAAAAAAAAAAAAAAAAAAAEC\/8QAFREBAQAAAAAAAAAAAAAAAAAAABH\/2gAMAwEAAhEDEQA\/AIowozGlRWqoFEqgLCFtRS1h1QZMJsKR\/9k=\" alt=\"Le &quot;Photomacron&quot; sur la place des Quinconces.\" width=\"600\" height=\"450\"\/>  Le \u00ab\u00a0Photomacron\u00a0\u00bb sur la place des Quinconces. \u00a9 Radio France &#8211; Alice Marot<img loading=\"lazy\" decoding=\"async\" class=\"VisualPreview svelte-1rldrkz\" src=\"data:image\/jpeg;base64,\/9j\/2wBDACgcHiMeGSgjISMtKygwPGRBPDc3PHtYXUlkkYCZlo+AjIqgtObDoKrarYqMyP\/L2u71\/\/\/\/m8H\/\/\/\/6\/+b9\/\/j\/2wBDASstLTw1PHZBQXb4pYyl+Pj4+Pj4+Pj4+Pj4+Pj4+Pj4+Pj4+Pj4+Pj4+Pj4+Pj4+Pj4+Pj4+Pj4+Pj4+Pj4+Pj\/wAARCAAfACoDASIAAhEBAxEB\/8QAFwABAQEBAAAAAAAAAAAAAAAAAgABA\/\/EABgQAQEBAQEAAAAAAAAAAAAAAAARAQIS\/8QAFQEBAQAAAAAAAAAAAAAAAAAAAAH\/xAAUEQEAAAAAAAAAAAAAAAAAAAAA\/9oADAMBAAIRAxEAPwDtvQ70zdGiF6bQQp1lYgShRRAI3MKNgrMxQsQP\/9k=\" alt=\"H\u00e9l\u00e8ne a voulu repr\u00e9senter &quot;la mort de la d\u00e9mocratie et de notre mod\u00e8le social&quot;.\" width=\"600\" height=\"450\"\/>  H\u00e9l\u00e8ne a voulu repr\u00e9senter \u00ab\u00a0la mort de la d\u00e9mocratie et de notre mod\u00e8le social\u00a0\u00bb. \u00a9 Radio France &#8211; Alice MarotD\u00e9ception pour certain, espoir pour d&rsquo;autre<\/p>\n<p>Le cort\u00e8ge termine son parcours devant le cimeti\u00e8re de la Chartreuse, \u00e0 M\u00e9riadeck, avec la CGT qui fait passer de grands cercueils cor\u00e9s, <strong>symboles de la mort du capitalisme<\/strong>. \u00ab\u00a0C&rsquo;est tr\u00e8s d\u00e9cevant tout \u00e7a, regrette un militant. La symbolique du cimeti\u00e8re, elle est mignonne, mais le mot d&rsquo;ordre c&rsquo;est bloquons tout. Bloquer un cimeti\u00e8re, c&rsquo;est pas int\u00e9ressant.\u00a0\u00bb<\/p>\n<p><img loading=\"lazy\" decoding=\"async\" class=\"VisualPreview svelte-1rldrkz\" src=\"data:image\/jpeg;base64,\/9j\/2wBDACgcHiMeGSgjISMtKygwPGRBPDc3PHtYXUlkkYCZlo+AjIqgtObDoKrarYqMyP\/L2u71\/\/\/\/m8H\/\/\/\/6\/+b9\/\/j\/2wBDASstLTw1PHZBQXb4pYyl+Pj4+Pj4+Pj4+Pj4+Pj4+Pj4+Pj4+Pj4+Pj4+Pj4+Pj4+Pj4+Pj4+Pj4+Pj4+Pj4+Pj\/wAARCAAfACoDASIAAhEBAxEB\/8QAFwABAQEBAAAAAAAAAAAAAAAAAQACA\/\/EABYQAQEBAAAAAAAAAAAAAAAAAAABEf\/EABYBAQEBAAAAAAAAAAAAAAAAAAECAP\/EABURAQEAAAAAAAAAAAAAAAAAAAAB\/9oADAMBAAIRAxEAPwASSFIUs0Fmg0YpnTUxK1ooNCoBRxRrCH\/\/2Q==\" alt=\"Des cercueils dor\u00e9s pour repr\u00e9senter la mort du capitalisme.\" width=\"600\" height=\"450\"\/>  Des cercueils dor\u00e9s pour repr\u00e9senter la mort du capitalisme. \u00a9 Radio France &#8211; Alice Marot<\/p>\n<p>Il n&rsquo;est pas le seul d\u00e9\u00e7u. Beaucoup dans le cort\u00e8ge <strong>parlent d&rsquo;une manifestation \u00ab\u00a0plan-plan\u00a0\u00bb<\/strong>, liss\u00e9e par la pr\u00e9sence des syndicats et par un parcours peu acad\u00e9mique, qui a fait notamment l&rsquo;impasse sur la place de la Victoire, haut lieu des rassemblements de lutte sociale \u00e0 Bordeaux.<\/p>\n<p>\u00ab\u00a0C&rsquo;est un acte 1, c&rsquo;est que le d\u00e9but, on a vu des gens disparates r\u00e9ussir \u00e0 se r\u00e9unir pour avoir un moment festif o\u00f9 ils ont pu discuter sans heurts ni violence\u00a0\u00bb, temp\u00e8re J\u00e9r\u00f4me, un des porte-paroles du mouvement Indignons-Nous 33, \u00e0 l&rsquo;origine de la mobilisation. En attendant de savoir si des actions s&rsquo;organiseront dans les prochains jours, il donne <strong>d\u00e9j\u00e0 rendez-vous le 18 septembre<\/strong>, jour de gr\u00e8ve nationale \u00e0 l&rsquo;appel de intersyndicale.<\/p>\n<p>\u00c0 lire aussi   <img decoding=\"async\" src=\"https:\/\/www.europesays.com\/fr\/wp-content\/uploads\/2025\/09\/1757542391_532_200x200\" alt=\"Les manifestants se sont rassembl\u00e9s place des Quinconces.\" style=\"--_image-preview:url('data:image\/jpeg;base64,\/9j\/2wBDACgcHiMeGSgjISMtKygwPGRBPDc3PHtYXUlkkYCZlo+AjIqgtObDoKrarYqMyP\/L2u71\/\/\/\/m8H\/\/\/\/6\/+b9\/\/j\/2wBDASstLTw1PHZBQXb4pYyl+Pj4+Pj4+Pj4+Pj4+Pj4+Pj4+Pj4+Pj4+Pj4+Pj4+Pj4+Pj4+Pj4+Pj4+Pj4+Pj4+Pj\/wAARCAAqACoDASIAAhEBAxEB\/8QAGAAAAwEBAAAAAAAAAAAAAAAAAAECAwT\/xAAYEAEBAQEBAAAAAAAAAAAAAAAAARECEv\/EABYBAQEBAAAAAAAAAAAAAAAAAAABAv\/EABYRAQEBAAAAAAAAAAAAAAAAAAABEf\/aAAwDAQACEQMRAD8A6gWla0grPpVrO0oz6iMa1OMq39FekaNXRVqaWhAAwCDIxTANAAAH\/9k=');\" loading=\"lazy\" fetchpriority=\"low\" aria-hidden=\"true\" class=\"svelte-1pnmlwx rounded\" onload=\"this.__e=event\" onerror=\"this.__e=event\"\/><\/p>\n","protected":false},"excerpt":{"rendered":"La manifestation \u00ab\u00a0Bloquons tout\u00a0\u00bb a rassembl\u00e9 ce mercredi environ 8.000 personnes \u00e0 Bordeaux. Elle s&rsquo;est d\u00e9roul\u00e9e dans le&hellip;\n","protected":false},"author":2,"featured_media":381273,"comment_status":"","ping_status":"","sticky":false,"template":"","format":"standard","meta":{"footnotes":""},"categories":[2817],"tags":[1111,11,1997,1777,674,1011,27,12,2219,25],"class_list":{"0":"post-381272","1":"post","2":"type-post","3":"status-publish","4":"format-standard","5":"has-post-thumbnail","7":"category-bordeaux","8":"tag-actu","9":"tag-actualites","10":"tag-bordeaux","11":"tag-eu","12":"tag-europe","13":"tag-fr","14":"tag-france","15":"tag-news","16":"tag-nouvelle-aquitaine","17":"tag-republique-francaise"},"share_on_mastodon":{"url":"https:\/\/pubeurope.com\/@fr\/115182306021441182","error":""},"_links":{"self":[{"href":"https:\/\/www.europesays.com\/fr\/wp-json\/wp\/v2\/posts\/381272","targetHints":{"allow":["GET"]}}],"collection":[{"href":"https:\/\/www.europesays.com\/fr\/wp-json\/wp\/v2\/posts"}],"about":[{"href":"https:\/\/www.europesays.com\/fr\/wp-json\/wp\/v2\/types\/post"}],"author":[{"embeddable":true,"href":"https:\/\/www.europesays.com\/fr\/wp-json\/wp\/v2\/users\/2"}],"replies":[{"embeddable":true,"href":"https:\/\/www.europesays.com\/fr\/wp-json\/wp\/v2\/comments?post=381272"}],"version-history":[{"count":0,"href":"https:\/\/www.europesays.com\/fr\/wp-json\/wp\/v2\/posts\/381272\/revisions"}],"wp:featuredmedia":[{"embeddable":true,"href":"https:\/\/www.europesays.com\/fr\/wp-json\/wp\/v2\/media\/381273"}],"wp:attachment":[{"href":"https:\/\/www.europesays.com\/fr\/wp-json\/wp\/v2\/media?parent=381272"}],"wp:term":[{"taxonomy":"category","embeddable":true,"href":"https:\/\/www.europesays.com\/fr\/wp-json\/wp\/v2\/categories?post=381272"},{"taxonomy":"post_tag","embeddable":true,"href":"https:\/\/www.europesays.com\/fr\/wp-json\/wp\/v2\/tags?post=381272"}],"curies":[{"name":"wp","href":"https:\/\/api.w.org\/{rel}","templated":true}]}}