{"id":381274,"date":"2025-09-10T22:14:21","date_gmt":"2025-09-10T22:14:21","guid":{"rendered":"https:\/\/www.europesays.com\/fr\/381274\/"},"modified":"2025-09-10T22:14:21","modified_gmt":"2025-09-10T22:14:21","slug":"sortir-a-toulouse-festivals-concert-solidaire-10-idees-a-faire-absolument-ce-week-end","status":"publish","type":"post","link":"https:\/\/www.europesays.com\/fr\/381274\/","title":{"rendered":"Sortir \u00e0 Toulouse. Festivals, concert solidaire\u2026 10 id\u00e9es \u00e0 faire absolument, ce week-end"},"content":{"rendered":"<p>            Par<br \/>\n        <strong><br \/>\n            <a href=\"https:\/\/actu.fr\/auteur\/gabriel-kenedi\" title=\"Consulter tous les articles de Gabriel Kenedi\" target=\"_blank\" rel=\"noopener\">Gabriel Kenedi<\/a><br \/>\n        <\/strong><\/p>\n<p>        Publi\u00e9 le<\/p>\n<p>            10 sept. 2025 \u00e0 19h55        <\/p>\n<p>38 ! C\u2019est le chiffre cl\u00e9 de ce week-end. Pourquoi donc ? Parce que c\u2019est la <strong>38<\/strong><strong>e<\/strong><strong> \u00e9dition du festival de rue de Ramonville<\/strong>, un rendez-vous devenu incontournable au fil des ann\u00e9es et qui attire \u00e0 chaque \u00e9dition un public de plus en plus large. Mais au-del\u00e0 de cet \u00e9v\u00e9nement, il se passe plein de choses \u00e0 Toulouse, du vendredi 12 au dimanche 14 septembre 2025. Voici 10 id\u00e9es s\u00e9lectionn\u00e9es avec soin par<a href=\"https:\/\/actu.fr\/toulouse\/\" target=\"_blank\" rel=\"noopener\"> Actu Toulouse<\/a>, pour ce week-end. Suivez le guide !\u00a0<\/p>\n<p>#1. Le Festival de rue de Ramonville<br \/>\n    <img   decoding=\"async\" loading=\"lazy\" src=\"https:\/\/www.europesays.com\/fr\/wp-content\/uploads\/2025\/08\/festival-rue-ramonville-credit-mathieu-lacout-960x640.jpg\" alt=\"Le festival de rue de Ramonville est de retour pour une nouvelle \u00e9dition. \" width=\"960\" height=\"640\"\/><br \/>\n    Le festival de rue de Ramonville est de retour pour une nouvelle \u00e9dition. (\u00a9Mathieu Lacout \/ Arto \u2013 page facebook)<\/p>\n<p class=\" wall-content\">C\u2019est un rendez-vous incontournable de la rentr\u00e9e ! Du 12 au 14 septembre, le Festival de rue de Ramonville est de retour pour une 38e \u00e9dition ! Au programme, trois jours de spectacles riches et vari\u00e9s (souvent gratuits, parfois payants et toujours extraordinaires), une ambiance festive et familiale\u2026 Allez donc faire un tour du c\u00f4t\u00e9 de Ramonville, ce week-end !\u00a0<\/p>\n<p>Du 12 au 14 septembre, \u00e0 Ramonville Saint-Agne. Plus d\u2019infos sur <a href=\"https:\/\/festivalramonville-arto.fr\/\" target=\"_blank\" rel=\"noopener\">festivalramonville-arto.fr<\/a>#2. Mouss &amp; Hakim en concert pour la bonne cause\u00a0<br \/>\n    <img   decoding=\"async\" loading=\"lazy\" src=\"https:\/\/www.europesays.com\/fr\/wp-content\/uploads\/2025\/09\/d7a2285bad1861ca2285bad1800b22v-960x640.jpg\" alt=\"Mouss et Hakim, deux anciens de Zebda.\" width=\"960\" height=\"640\"\/><br \/>\n    Mouss et Hakim, deux anciens de Zebda, seront en concert \u00e0 la Cale de Radoub, dimanche. (\u00a9Christophe GANNE)<\/p>\n<p class=\" wall-content\">Les M\u00e9lodies du canal reviennent pour une 2\u1d49 \u00e9dition dans un cadre privil\u00e9gi\u00e9 : la cale de Radoub. Pour l\u2019occasion, les ex-Zebda Mouss &amp; Hakim, seront de la partie. Ils chanteront notamment les derniers textes de Claude Nougaro qu\u2019ils ont mis en musique et nous offrirons des nouvelles compositions. Les recettes de ce concert solidaire seront int\u00e9gralement revers\u00e9es au programme de replantation des arbres du canal.<\/p>\n<p>Votre r\u00e9gion, votre actu !<\/p>\n<p>Recevez chaque jour les infos qui comptent pour vous.<\/p>\n<p>\t<a href=\"https:\/\/actu.fr\/newsletter\" class=\"ac-btn ac-btn--corner ac-btn--medium ac-btn--blue800\" target=\"_blank\" rel=\"noopener\">S&rsquo;incrire<\/a><br \/>\nLe dimanche 14\/09, \u00e0 20h. Tarif : 31\u20ac. Infos sur <a href=\"http:\/\/www.replantonslecanaldumidi.fr\/\" target=\"_blank\" rel=\"noopener\">replantonslecanaldumidi.fr<\/a>#3. Le Shelter Disco\u00a0<\/p>\n<p class=\" wall-content\">Envie d\u2019une ambiance club, house et disco ? Alors foncez au Rex, la salle du centre-ville de Toulouse ! The Shelter Disco revient pour une \u00e9dition 100% toulousaine, avec en t\u00eate d\u2019affiche, les DJ Baccus Social Club et Jakarta et d\u2019autres invit\u00e9s\u2026 L\u2019occasion de danser jusqu\u2019au bout de la nuit.\u00a0<\/p>\n<p>Vendredi 13 septembre, de 23h50 \u00e0 5h30, au Rex. Tarif : 13\u20ac en pr\u00e9vente. Plus d\u2019infos : <a href=\"http:\/\/lerextoulouse.com\" target=\"_blank\" rel=\"noopener\">lerextoulouse.com<\/a>#4. Comedy Club Express<br \/>\n    <img   decoding=\"async\" loading=\"lazy\" src=\"https:\/\/www.europesays.com\/fr\/wp-content\/uploads\/2025\/09\/madenian-960x640.jpg\" alt=\"Mathieu Madenian pr\u00e9sentera son show intitul\u00e9 \u00ab Un spectacle familial \u00bb \u00e0 l'espace Julien-Green, vendredi 25 septembre.\" width=\"960\" height=\"640\"\/><br \/>\n    Mathieu Madenian pr\u00e9sente un show unique, qui sera tourn\u00e9 \u00e0 Altigone, la salle de spectacles de Saint-Orens. (\u00a9DR)<\/p>\n<p class=\" wall-content\">Assistez au tournage d\u2019une emission de stand-up exceptionnelle pour France 2 ! Plus d\u2019une heure de rire en compagnie de 10 humoristes sur sc\u00e8ne, reunis pour un show unique. Comedy Club Express, present\u00e9 par Mathieu Madenian, met \u00e0 l\u2019honneur les meilleurs talents du stand-up en r\u00e9gion.\u00a0<\/p>\n<p>Samedi 13 septembre \u00e0 21h, \u00e0 Altigone (Saint-Orens). Tarifs : d\u00e8s 15\u20ac. Infos sur <a href=\"https:\/\/www.altigone.fr\" target=\"_blank\" rel=\"noopener\">altigone.fr<\/a>#5. Ang\u00e9lique Panch\u00e9ri \u00e0 la Com\u00e9die de Toulouse\u00a0<\/p>\n<p class=\" wall-content\">C\u2019est une habitu\u00e9e de la Com\u00e9die de Toulouse. Angelique Panch\u00e9ri pr\u00e9sente son one woman show, \u00ab\u00a0Very Speed Dating\u00a0\u00bb, mis en sc\u00e8ne par Eric Carri\u00e8re (moiti\u00e9 des Chevaliers du Fiel). La com\u00e9dienne et humoriste, \u00ab\u00a0d\u00e9goupill\u00e9e comme une grenade, survolt\u00e9e, cherche l\u2019homme de sa vie et va le trouver ce soir dans la salle et c\u2019est peut \u00eatre vous !\u00a0\u00bb<\/p>\n<p>Samedi 13 septembre, \u00e0 20h30. Infos et tarifs sur <a href=\"https:\/\/www.lacomediedetoulouse.com\/\" target=\"_blank\" rel=\"noopener\">lacomediedetoulouse.com<\/a>#6. Soir\u00e9e techno au Bikini (jusqu\u2019au bout de la nuit !)<br \/>\n    <img   decoding=\"async\" loading=\"lazy\" src=\"https:\/\/www.europesays.com\/fr\/wp-content\/uploads\/2025\/09\/broke-c-missjena-960x640.jpeg\" alt=\"Une soir\u00e9e de techno au Bikini. \" width=\"960\" height=\"640\"\/><br \/>\n    Une soir\u00e9e de techno au Bikini. (\u00a9Miss Jena)<\/p>\n<p class=\" wall-content\">Avis aux noctambules ! Heretik investit le Bikini, vendredi 12 septembre, pour une nuit d\u00e9di\u00e9e \u00e0 la hard techno. Collectif embl\u00e9matique de la sc\u00e8ne free party et techno underground en France,Heretik s\u2019est notamment fait remarquer pour avoir \u00e9t\u00e9 les premiers \u00e0 organiser lors de leur soir\u00e9e des sc\u00e9nographies d\u00e9mesur\u00e9es qui ont r\u00e9uni un conglom\u00e9rat d\u2019artistes issu du monde du spectacle pour un show hors du commun. Au Bikini, plusieurs DJ\u2019s se succ\u00e9dront : Popov, Broke, Boubou et Tombuld\u2019r.\u00a0<\/p>\n<p>Ouverture des portes \u00e0 23h55, vendredi 12 septembre. Tarifs : 15 \u00e0 20 euros.\u00a0<\/p>\n<p>#7. Piano aux Jacobins\u00a0<br \/>\n    <img   decoding=\"async\" loading=\"lazy\" src=\"https:\/\/www.europesays.com\/fr\/wp-content\/uploads\/2025\/09\/bbe70956edb86bfe70956edb893f70v-960x640.jpg\" alt=\"Vanessa Wagner est programm\u00e9e le vendredi 12\u00a0septembre, dans le cadre de Piano aux Jacobins.\" width=\"960\" height=\"640\"\/><br \/>\n    Vanessa Wagner est programm\u00e9e le vendredi 12\u00a0septembre, dans le cadre de Piano aux Jacobins. (\u00a9CAROLINE_DOUTRE)<\/p>\n<p class=\" wall-content\">Jusqu\u2019au 30 septembre, le Festival<strong> Piano aux Jacobins<\/strong> bat son plein ! Ce week-end, des concerts de l\u2019embl\u00e9matique pianiste fran\u00e7aise Vanessa Wagner (vendredi 12 septembre), et le prodige du jazz Micah Thomas (samedi 13 septembre), qui n\u2019est autre que \u00ab\u00a0l\u2019un des musiciens les plus excitants de sa g\u00e9n\u00e9ration\u00a0\u00bb selon ses pairs ! Il offrira un solo piano sous forme de carte blanche.\u00a0<\/p>\n<p>Plus d\u2019infos sur <a href=\"https:\/\/www.pianojacobins.com\/\" target=\"_blank\" rel=\"noopener\">Piano aux Jacobins<\/a>#8. Le cirque Zavatta \u00e0 Saint-Orens\u00a0<\/p>\n<p class=\" wall-content\">\u00c0 partir du 13 septembre et jusqu\u2019au 21 septembre, le <strong>cirque Zavatta<\/strong> s\u2019installe \u00e0 Saint-Orens, face au Leclerc. Ce week-end, deux spectacles sont pr\u00e9vus : samedi, \u00e0 18 heures, et dimanche 14 septembre, \u00e0 16 heures.\u00a0<\/p>\n<p>10 euros pour les enfants, 15 euros par adulte.\u00a0<\/p>\n<p>#9. Festival Autariba\u00a0<\/p>\n<p class=\" wall-content\">Le <strong>festival Autariba<\/strong> revient \u00e0 Auterive pour une deuxi\u00e8me \u00e9dition, cette ann\u00e9e avec une programmation riche et \u00e9clectique : de l\u2019afrobeat avec Patrick Ruffino en passant par l\u2019\u00e9lectro-pop avec le duo Jane For Tea et du gospel avec Kathy Boy\u00e9 et Vocal Colors.<\/p>\n<p class=\" wall-content\">Sur place, vous trouverez des animations, des food trucks, des jeux pour les enfants, et un march\u00e9 de cr\u00e9ateurs, le tout pour passer un week-end de partage et de transmission en famille ou entre amis.<\/p>\n<p>Les 13 et 14 septembre, \u00e0 Auterive. Infos sur <a href=\"https:\/\/festival-autariba.fr\/\" target=\"_blank\" rel=\"noopener\">festival-autariba.fr<\/a>#10. Dans l\u2019Shed, au Bijou !\u00a0<\/p>\n<p class=\" wall-content\">Dans l\u2019Shed r\u00e9unit les Gasp\u00e9siens \u00c9ric Dion et Andr\u00e9 Lavergne autour d\u2019un arsenal de guitares, dobro, banjo et lap-steel qu\u2019ils manient avec une complicit\u00e9 forg\u00e9e depuis plus de vingt ans. Leur signature : un folk-americana francophone o\u00f9 se t\u00e9lescopent country, blues et bluegrass, ponctu\u00e9 de grooves endiabl\u00e9s et de sections improvis\u00e9es hautes en couleur.<\/p>\n<p>A 21h, vendredi 12 septembre 2025. Tarifs : 9 \u00e0 14 euros.\u00a0<\/p>\n<p class=\" wall-content\">Personnalisez votre actualit\u00e9 en ajoutant vos villes et m\u00e9dias en favori avec <a href=\"https:\/\/moncompte.actu.fr\" title=\"D\u00e9couvez Mon Actu\" rel=\"nofollow noopener\" data-trk=\"{&quot;cta&quot;:{&quot;action&quot;:&quot;https:\\\/\\\/moncompte.actu.fr&quot;,&quot;category&quot;:&quot;mon compte&quot;,&quot;from&quot;:&quot;article footer&quot;,&quot;name&quot;:&quot;Mon actu&quot;,&quot;type&quot;:&quot;cta&quot;}}\" target=\"_blank\">Mon Actu<\/a>.<\/p>\n","protected":false},"excerpt":{"rendered":"Par Gabriel Kenedi Publi\u00e9 le 10 sept. 2025 \u00e0 19h55 38 ! C\u2019est le chiffre cl\u00e9 de ce&hellip;\n","protected":false},"author":2,"featured_media":381275,"comment_status":"","ping_status":"","sticky":false,"template":"","format":"standard","meta":{"footnotes":""},"categories":[2816],"tags":[1111,11,1777,674,1011,27,12,2680,25,104,1341,2312],"class_list":{"0":"post-381274","1":"post","2":"type-post","3":"status-publish","4":"format-standard","5":"has-post-thumbnail","7":"category-toulouse","8":"tag-actu","9":"tag-actualites","10":"tag-eu","11":"tag-europe","12":"tag-fr","13":"tag-france","14":"tag-news","15":"tag-occitanie","16":"tag-republique-francaise","17":"tag-societe","18":"tag-sortir-a-toulouse","19":"tag-toulouse"},"share_on_mastodon":{"url":"https:\/\/pubeurope.com\/@fr\/115182310103432307","error":""},"_links":{"self":[{"href":"https:\/\/www.europesays.com\/fr\/wp-json\/wp\/v2\/posts\/381274","targetHints":{"allow":["GET"]}}],"collection":[{"href":"https:\/\/www.europesays.com\/fr\/wp-json\/wp\/v2\/posts"}],"about":[{"href":"https:\/\/www.europesays.com\/fr\/wp-json\/wp\/v2\/types\/post"}],"author":[{"embeddable":true,"href":"https:\/\/www.europesays.com\/fr\/wp-json\/wp\/v2\/users\/2"}],"replies":[{"embeddable":true,"href":"https:\/\/www.europesays.com\/fr\/wp-json\/wp\/v2\/comments?post=381274"}],"version-history":[{"count":0,"href":"https:\/\/www.europesays.com\/fr\/wp-json\/wp\/v2\/posts\/381274\/revisions"}],"wp:featuredmedia":[{"embeddable":true,"href":"https:\/\/www.europesays.com\/fr\/wp-json\/wp\/v2\/media\/381275"}],"wp:attachment":[{"href":"https:\/\/www.europesays.com\/fr\/wp-json\/wp\/v2\/media?parent=381274"}],"wp:term":[{"taxonomy":"category","embeddable":true,"href":"https:\/\/www.europesays.com\/fr\/wp-json\/wp\/v2\/categories?post=381274"},{"taxonomy":"post_tag","embeddable":true,"href":"https:\/\/www.europesays.com\/fr\/wp-json\/wp\/v2\/tags?post=381274"}],"curies":[{"name":"wp","href":"https:\/\/api.w.org\/{rel}","templated":true}]}}