{"id":381276,"date":"2025-09-10T22:15:27","date_gmt":"2025-09-10T22:15:27","guid":{"rendered":"https:\/\/www.europesays.com\/fr\/381276\/"},"modified":"2025-09-10T22:15:27","modified_gmt":"2025-09-10T22:15:27","slug":"baptiste-rodriguez-prolonge-au-to-jusquen-2027","status":"publish","type":"post","link":"https:\/\/www.europesays.com\/fr\/381276\/","title":{"rendered":"BAPTISTE RODRIGUEZ PROLONG\u00c9 AU TO JUSQU\u2019EN 2027 !"},"content":{"rendered":"<p><strong>Le Toulouse Olympique est heureux d\u2019annoncer la prolongation de son jeune talonneur form\u00e9 au club, Baptiste Rodriguez, jusqu\u2019\u00e0 fin 2027.<\/strong><\/p>\n<p><strong>\u00a0<\/strong><\/p>\n<p><strong><img fetchpriority=\"high\" decoding=\"async\" class=\"aligncenter size-full wp-image-109723\" src=\"https:\/\/www.europesays.com\/fr\/wp-content\/uploads\/2025\/09\/Baptiste-Rodriguez-prolonge-2-saisons-supplementaires-c-Fabrice-RODRIGUEZ.jpg\" alt=\"\" width=\"664\" height=\"373\"  \/><br \/>Baptiste Rodriguez prolonge 2 saisons suppl\u00e9mentaires (c) Fabrice RODRIGUEZ<\/strong><\/p>\n<p><strong>\u00a0<\/strong>Voil\u00e0 une belle ascension que celle de Baptiste Rodriguez. Partenaire d\u2019entrainement en 2024 et confirm\u00e9 dans l\u2019effectif au cours de la m\u00eame saison. En 2025, il fait partie des plans du staff Olympien et r\u00e9cup\u00e8re le num\u00e9ro 14 dans le dos. A ce jour, Baptiste a jou\u00e9 18 matchs et inscrit un essai lors du choc face \u00e0 Bradford en mars dernier.<\/p>\n<p>Cette saison, il confirme les espoirs plac\u00e9s en lui en 2024 et compte bien poursuivre la r\u00e9gularit\u00e9 dont il a fait preuve en 2025.<\/p>\n<p><strong>\u00a0<\/strong><strong>Baptiste RODRIGUEZ : \u00ab\u00a0Je suis tr\u00e8s heureux et fier de continuer \u00e0 d\u00e9fendre les couleurs du TO jusqu\u2019en 2027 avec l\u2019ambition de monter\u00a0en\u00a0Super\u00a0League.\u00bb<\/strong><\/p>\n<p><strong>\u00a0<\/strong><strong>Sylvain HOULES : \u00ab\u00a0Apr\u00e8s une saison pleine, nous avons pu voir la tr\u00e8s bonne progression de Baptiste aux entra\u00eenements, dans les matchs et en dehors. C\u2019est quelqu\u2019un de tr\u00e8s s\u00e9rieux, qui travaille dur et qui veut r\u00e9ussir dans la vie. Nous sommes donc ravis qu\u2019il continue son aventure au sein du TO et de voir jusqu\u2019o\u00f9 elle\u00a0va\u00a0le\u00a0mener.\u00a0\u00bb<\/strong><\/p>\n<p><strong>\u00a0<\/strong><\/p>\n<p><strong>Fiche technique\u00a0:<\/strong><\/p>\n<p><strong>NOM\u00a0: RODRIGUEZ \u2013 Pr\u00e9nom\u00a0: Baptiste \u2013 Poste\u00a0: Talonneur \u2013 Taille\u00a0: 1m84 \u2013 Poids\u00a0: 83 Kg \u2013 Date de naissance\u00a0: 20\/12\/2003 \u2013 Clubs pr\u00e9c\u00e9dents\u00a0: Ayguesvives XIII, TO<\/strong><\/p>\n<p><strong>\u00a0<\/strong><strong>\u00a0<\/strong><\/p>\n","protected":false},"excerpt":{"rendered":"Le Toulouse Olympique est heureux d\u2019annoncer la prolongation de son jeune talonneur form\u00e9 au club, Baptiste Rodriguez, jusqu\u2019\u00e0&hellip;\n","protected":false},"author":2,"featured_media":381277,"comment_status":"","ping_status":"","sticky":false,"template":"","format":"standard","meta":{"footnotes":""},"categories":[2816],"tags":[1111,11,1777,674,1011,27,12,2680,25,2312],"class_list":{"0":"post-381276","1":"post","2":"type-post","3":"status-publish","4":"format-standard","5":"has-post-thumbnail","7":"category-toulouse","8":"tag-actu","9":"tag-actualites","10":"tag-eu","11":"tag-europe","12":"tag-fr","13":"tag-france","14":"tag-news","15":"tag-occitanie","16":"tag-republique-francaise","17":"tag-toulouse"},"share_on_mastodon":{"url":"https:\/\/pubeurope.com\/@fr\/115182313430243051","error":""},"_links":{"self":[{"href":"https:\/\/www.europesays.com\/fr\/wp-json\/wp\/v2\/posts\/381276","targetHints":{"allow":["GET"]}}],"collection":[{"href":"https:\/\/www.europesays.com\/fr\/wp-json\/wp\/v2\/posts"}],"about":[{"href":"https:\/\/www.europesays.com\/fr\/wp-json\/wp\/v2\/types\/post"}],"author":[{"embeddable":true,"href":"https:\/\/www.europesays.com\/fr\/wp-json\/wp\/v2\/users\/2"}],"replies":[{"embeddable":true,"href":"https:\/\/www.europesays.com\/fr\/wp-json\/wp\/v2\/comments?post=381276"}],"version-history":[{"count":0,"href":"https:\/\/www.europesays.com\/fr\/wp-json\/wp\/v2\/posts\/381276\/revisions"}],"wp:featuredmedia":[{"embeddable":true,"href":"https:\/\/www.europesays.com\/fr\/wp-json\/wp\/v2\/media\/381277"}],"wp:attachment":[{"href":"https:\/\/www.europesays.com\/fr\/wp-json\/wp\/v2\/media?parent=381276"}],"wp:term":[{"taxonomy":"category","embeddable":true,"href":"https:\/\/www.europesays.com\/fr\/wp-json\/wp\/v2\/categories?post=381276"},{"taxonomy":"post_tag","embeddable":true,"href":"https:\/\/www.europesays.com\/fr\/wp-json\/wp\/v2\/tags?post=381276"}],"curies":[{"name":"wp","href":"https:\/\/api.w.org\/{rel}","templated":true}]}}