{"id":381281,"date":"2025-09-10T22:19:22","date_gmt":"2025-09-10T22:19:22","guid":{"rendered":"https:\/\/www.europesays.com\/fr\/381281\/"},"modified":"2025-09-10T22:19:22","modified_gmt":"2025-09-10T22:19:22","slug":"le-29-septembre-2025-une-journee-pour-trouver-un-job-au-salon-euromedtier-marseille-dates-horaires-tarifs-exposants","status":"publish","type":"post","link":"https:\/\/www.europesays.com\/fr\/381281\/","title":{"rendered":"Le 29 septembre 2025, une journ\u00e9e pour trouver un job au salon Euromed\u2019tier Marseille : dates, horaires, tarifs, exposants"},"content":{"rendered":"<p class=\"fw-bold font-size-16 my-1\"> Le 29\/09\/2025<\/p>\n<p class=\"fw-bold font-size-16 my-1\"> World Trade Center Marseille Provence, 2  rue Henri Barbusse | <a href=\"https:\/\/www.jds.fr\/marseille\/\" rel=\"nofollow noopener\" target=\"_blank\">Marseille<\/a><\/p>\n<p class=\"fw-bold font-size-16 my-1\"> Gratuit <\/p>\n<p>Comme chaque ann\u00e9e depuis pr\u00e8s de 20 ans, Eurom\u00e9diterran\u00e9e et La Cit\u00e9 des Entrepreneurs d\u2019Eurom\u00e9diterran\u00e9e proposent \u00e0 la rentr\u00e9e une journ\u00e9e de job dating au World Trade Center Marseille Provence pour tenter de r\u00e9pondre aux attentes des demandeurs d\u2019emplois comme aux besoins des entreprises locales. Cette ann\u00e9e, l\u2019\u00e9v\u00e8nement se tiendra le lundi 29 septembre, de 9h30 \u00e0 16h00. Tous les niveaux de qualification, types de contrats et secteurs d\u2019activit\u00e9s seront repr\u00e9sent\u00e9s avec plusieurs centaines d\u2019offres d\u2019emplois \u00e0 saisir.<\/p>\n<p><a data-lightbox=\"article\" data-title=\"Le 29 septembre 2025, une journ\u00e9e pour trouver un job au salon Euromed\u2019tier \u00a9 CO2 Communication\" class=\"image detail   position-relative d-block\" href=\"https:\/\/www.jds.fr\/medias\/image\/0-55923200-1757519384-714895-920-0-F.webp\" title=\"Le 29 septembre 2025, une journ\u00e9e pour trouver un job au salon Euromed\u2019tier \u00a9 CO2 Communication\" rel=\"nofollow noopener\" target=\"_blank\"><br \/>\n<img decoding=\"async\" loading=\"lazy\" src=\"https:\/\/www.europesays.com\/fr\/wp-content\/uploads\/2025\/09\/0-55923200-1757519384-714895-1200-0.webp.webp\"   width=\"685\" alt=\"Le 29 septembre 2025, une journ\u00e9e pour trouver un job au salon Euromed\u2019tier\" class=\"border\"\/><br \/>\n\u00a9 CO2 Communication<br \/>\nLe 29 septembre 2025, une journ\u00e9e pour trouver un job au salon Euromed\u2019tier<br \/>\n<\/a><\/p>\n<p>Des organismes de formation seront \u00e9galement pr\u00e9sents, afin de permettre aux demandeurs d\u2019emploi qui rep\u00e8rent un m\u00e9tier qui les int\u00e9resse de trouver la formation, l\u2019alternance ou l\u2019apprentissage qui leur permettra d\u2019y acc\u00e9der. Pour permettre aux candidats de booster leur d\u00e9marche de recherche d\u2019emploi et mettre toutes les chances de leur c\u00f4t\u00e9, une dizaine d\u2019ateliers gratuits et ouverts \u00e0 tous seront propos\u00e9s\u00a0: coaching, fabrique \u00e0 CV, outils de valorisation de l\u2019image&#8230;<\/p>\n<p>Un salon dynamique, \u00e0 l\u2019image d\u2019Eurom\u00e9diterran\u00e9e qui f\u00eate cette ann\u00e9e ses 30 ans d\u2019actions pour b\u00e2tir la Ville Durable M\u00e9diterran\u00e9enne de demain. D\u00e8s le lancement de l\u2019EPAEM en 1995, les objectifs \u00e9taient ambitieux\u00a0: stimuler le d\u00e9veloppement \u00e9conomique de Marseille, am\u00e9nager les friches portuaires, recr\u00e9er des espaces publics de qualit\u00e9 et r\u00e9introduire la nature en ville, tout en \u00e9tant une op\u00e9ration innovante et exemplaire sur le plan environnemental. Un pari r\u00e9ussi pour ce territoire qui comprend sur son p\u00e9rim\u00e8tre 6 126 entreprises, 58 100 emplois et 40 000 habitants et qui est devenu le 3e quartier d\u2019affaires de France et le 1er p\u00f4le tertiaire de la r\u00e9gion.\u00a0<\/p>\n<p>Le salon Euromed\u2019tier a quant \u00e0 lui connu l\u2019an pass\u00e9 une affluence record, avec 1 900 demandeurs d\u2019emplois qui \u00e9taient venus \u00e0 la rencontre de la cinquantaine d\u2019entreprises pr\u00e9sentes pour les 400 postes qu\u2019elles proposaient.<\/p>\n<p>Retrouvez toutes les informations sur le site <a href=\"http:\/\/www.euromedtier.com\" target=\"_blank\" rel=\"nofollow noopener\">http:\/\/www.euromedtier.com<\/a><\/p>\n<p>            Renseignements<\/p>\n<p><strong class=\"font-size-18\">O\u00f9\u00a0:<\/strong><br \/> World Trade Center Marseille Provence, 2  rue Henri Barbusse<a class=\"mt-1 d-block ps-4\" href=\"https:\/\/www.jds.fr\/marseille\/\" rel=\"nofollow noopener\" target=\"_blank\"> 13001 Marseille<\/a><\/p>\n<p>Dates et horaires\u00a0: <\/p>\n<ul class=\"liste-dates list-unstyled\" id=\"liste-dates-68c1f5eac8970\">\n<li>Lundi 29 Septembre 2025 de 9h30 \u00e0 16h<\/li>\n<\/ul>\n<p>Tarifs\u00a0:  <\/p>\n<p>Dans la m\u00eame rubrique<\/p>\n<ul class=\"mt-3 list-unstyled list-articles-v2\">\n<li class=\"col-12 pt-4\" data-view-id-type=\"1\" data-view-id=\"766445\" data-view-bc=\"0\"><a class=\"d-block titre text-black mb-1 mb-md-2\" href=\"https:\/\/www.jds.fr\/marseille\/foires-et-salons\/marches\/salon-cse-766445_A\" rel=\"nofollow noopener\" target=\"_blank\">Salon CSE<\/a>Du 11\/09\/2025 au 12\/09\/2025 Marseille<br \/>\nLes rendez-vous des acteurs des CSE pr\u00e9sentent, sur une journ\u00e9e, l\u2019offre CSE locale et un cycle de conf\u00e9rences pour ma\u00eetriser les basiques d\u2019un mandat.<br \/>\n.<br \/>\nLes salons des [\u2026]<a class=\"image\" href=\"https:\/\/www.jds.fr\/marseille\/foires-et-salons\/marches\/salon-cse-766445_A\" rel=\"nofollow noopener\" target=\"_blank\"><img decoding=\"async\" loading=\"lazy\" src=\"https:\/\/www.europesays.com\/fr\/wp-content\/uploads\/2025\/09\/salon-cse-499056-180-180.webp.webp\" width=\"180\" height=\"180\" alt=\"Salon CSE\" class=\"border\"\/><\/a><\/li>\n<li class=\"col-12 pt-4\" data-view-id-type=\"1\" data-view-id=\"1099050\" data-view-bc=\"0\"><a class=\"d-block titre text-black mb-1 mb-md-2\" href=\"https:\/\/www.jds.fr\/marseille\/foires-et-salons\/marches\/autonomic-mediterranee-1099050_A\" rel=\"nofollow noopener\" target=\"_blank\">Autonomic M\u00e9diterran\u00e9e<\/a>Jusqu&rsquo;au 20\/11\/2025 MarseilleLa 11e \u00e9dition du salon Autonomic M\u00e9diterran\u00e9e rassemble toutes les solutions pour mieux vivre face \u00e0 la perte d&rsquo;autonomie, \u00e0 tous les \u00e2ges\u00a0: mat\u00e9riels, services et [\u2026]<a class=\"image\" href=\"https:\/\/www.jds.fr\/marseille\/foires-et-salons\/marches\/autonomic-mediterranee-1099050_A\" rel=\"nofollow noopener\" target=\"_blank\"><img decoding=\"async\" loading=\"lazy\" src=\"https:\/\/www.europesays.com\/fr\/wp-content\/uploads\/2025\/09\/autonomic-mediterranee-678905-180-180.webp.webp\" width=\"180\" height=\"180\" alt=\"Autonomic M\u00e9diterran\u00e9e\" class=\"border\"\/><\/a><\/li>\n<li class=\"li_gp_div\">\n<\/li>\n<li class=\"col-12 pt-4\" data-view-id-type=\"1\" data-view-id=\"1099046\" data-view-bc=\"0\"><a class=\"d-block titre text-black mb-1 mb-md-2\" href=\"https:\/\/www.jds.fr\/marseille\/foires-et-salons\/marches\/salon-petit-1-age-3-1099046_A\" rel=\"nofollow noopener\" target=\"_blank\">Salon Petit 1 \u2013 Age\u00a03<\/a>Jusqu&rsquo;au 06\/11\/2025 MarseilleVous \u00eates un professionnel ou un institutionnel du secteur de la petite enfance\u00a0? Venez participer au salon Petit 1\u00a0! .  Des conf\u00e9rences pr\u00e9sent\u00e9es et anim\u00e9es par [\u2026]<a class=\"image\" href=\"https:\/\/www.jds.fr\/marseille\/foires-et-salons\/marches\/salon-petit-1-age-3-1099046_A\" rel=\"nofollow noopener\" target=\"_blank\"><img decoding=\"async\" loading=\"lazy\" src=\"https:\/\/www.europesays.com\/fr\/wp-content\/uploads\/2025\/09\/salon-petit-1-age-3-678901-180-180.webp.webp\" width=\"180\" height=\"180\" alt=\"Salon Petit 1 \u2013 Age 3\" class=\"border\"\/><\/a><\/li>\n<li class=\"col-12 pt-4\" data-view-id-type=\"1\" data-view-id=\"1060938\" data-view-bc=\"0\"><a class=\"d-block titre text-black mb-1 mb-md-2\" href=\"https:\/\/www.jds.fr\/marseille\/foires-et-salons\/marches\/marche-estival-2025-1060938_A\" rel=\"nofollow noopener\" target=\"_blank\">March\u00e9 estival 2025<\/a>Jusqu&rsquo;au 14\/09\/2025 MarseilleLa 6e \u00e9dition de \u00ab\u00a0L&rsquo;\u00c9t\u00e9 Marseillais\u00a0\u00bb propos\u00e9e par la Ville de Marseille est encore plus riche en \u00e9v\u00e9nements et rendez-vous phares, ouverts \u00e0 toutes et \u00e0 tous, et [\u2026]<a class=\"image\" href=\"https:\/\/www.jds.fr\/marseille\/foires-et-salons\/marches\/marche-estival-2025-1060938_A\" rel=\"nofollow noopener\" target=\"_blank\"><img decoding=\"async\" loading=\"lazy\" src=\"https:\/\/www.europesays.com\/fr\/wp-content\/uploads\/2025\/09\/marche-estival-2025-659857-180-180.webp.webp\" width=\"180\" height=\"180\" alt=\"March\u00e9 estival 2025\" class=\"border\"\/><\/a><\/li>\n<li class=\"col-12 pt-4\" data-view-id-type=\"1\" data-view-id=\"1116755\" data-view-bc=\"0\"><a class=\"d-block titre text-black mb-1 mb-md-2\" href=\"https:\/\/www.jds.fr\/marseille\/foires-et-salons\/marches\/marche-de-saint-victor-1116755_A\" rel=\"nofollow noopener\" target=\"_blank\">March\u00e9 de Saint Victor<\/a>Jusqu&rsquo;au 31\/12\/2025 Marseille<br \/>\nOrchestr\u00e9 par l\u2019association\u00a0\u00ab Les amis du march\u00e9 Saint-Victor\u00a0\u00bb, le march\u00e9 sera ouvert de 9h \u00e0 13h le dernier dimanche de chaque mois (sauf juillet et ao\u00fbt) [\u2026]<a class=\"image\" href=\"https:\/\/www.jds.fr\/marseille\/foires-et-salons\/marches\/marche-de-saint-victor-1116755_A\" rel=\"nofollow noopener\" target=\"_blank\"><img decoding=\"async\" loading=\"lazy\" src=\"https:\/\/www.europesays.com\/fr\/wp-content\/uploads\/2025\/09\/marche-de-saint-victor-688707-180-180.webp.webp\" width=\"180\" height=\"180\" alt=\"March\u00e9 de Saint Victor\" class=\"border\"\/><\/a><\/li>\n<li class=\"li_gp_div li_gp_div_infeed\"\/>\n<li class=\"col-12 pt-4\" data-view-id-type=\"1\" data-view-id=\"345432\" data-view-bc=\"0\"><a class=\"image\" href=\"https:\/\/www.jds.fr\/marseille\/foires-et-salons\/foires\/salon-bien-etre-et-medecines-douces-345432_A\" rel=\"nofollow noopener\" target=\"_blank\"><img decoding=\"async\" loading=\"lazy\" src=\"https:\/\/www.europesays.com\/fr\/wp-content\/uploads\/2025\/09\/0-20563300-1753791414-685005-180-180.webp.webp\" width=\"180\" height=\"180\" alt=\"Salon Bien-\u00eatre et m\u00e9decines douces\" class=\"border\"\/><\/a><\/li>\n<li class=\"col-12 pt-4\" data-view-id-type=\"1\" data-view-id=\"345648\" data-view-bc=\"0\"><a class=\"image\" href=\"https:\/\/www.jds.fr\/marseille\/foires-et-salons\/foires\/salon-arts-divinatoires-spiritualite-et-mineraux-345648_A\" rel=\"nofollow noopener\" target=\"_blank\"><img decoding=\"async\" loading=\"lazy\" src=\"https:\/\/www.europesays.com\/fr\/wp-content\/uploads\/2025\/09\/0-14108600-1754060214-687247-180-180.webp.webp\" width=\"180\" height=\"180\" alt=\"Salon Arts Divinatoires, Spiritualit\u00e9 et Min\u00e9raux\" class=\"border\"\/><\/a><\/li>\n<li class=\"col-12 pt-4\" data-view-id-type=\"1\" data-view-id=\"1138391\" data-view-bc=\"0\"><a class=\"d-block titre text-black mb-1 mb-md-2\" href=\"https:\/\/www.jds.fr\/marseille\/foires-et-salons\/foires\/20e-salon-zen-bien-etre-voyance-1138391_A\" rel=\"nofollow noopener\" target=\"_blank\">20e Salon zen, bien-\u00eatre, voyance<\/a>Du 13\/09\/2025 au 14\/09\/2025 Aubagne<br \/>\nDurant la prochaine \u00e9dition de ce salon aubagnais organis\u00e9 par l&rsquo;association Le Secret des Runes, de nombreux stands vous accueilleront\u00a0:<\/p>\n<p>    th\u00e9rapeutes<br \/>\n    m\u00e9diums<br \/>\n    [\u2026]<a class=\"image\" href=\"https:\/\/www.jds.fr\/marseille\/foires-et-salons\/foires\/20e-salon-zen-bien-etre-voyance-1138391_A\" rel=\"nofollow noopener\" target=\"_blank\"><img decoding=\"async\" loading=\"lazy\" src=\"https:\/\/www.europesays.com\/fr\/wp-content\/uploads\/2025\/09\/20e-salon-zen-bien-etre-voyance-700679-180-180.webp.webp\" width=\"180\" height=\"180\" alt=\"20e Salon zen, bien-\u00eatre, voyance\" class=\"border\"\/><\/a><\/li>\n<li class=\"col-12 pt-4\" data-view-id-type=\"1\" data-view-id=\"170866\" data-view-bc=\"0\"><a class=\"d-block titre text-black mb-1 mb-md-2\" href=\"https:\/\/www.jds.fr\/marseille\/foires-et-salons\/foires\/foire-internationale-marseille-170866_A\" rel=\"nofollow noopener\" target=\"_blank\">Foire de Marseille 2025<\/a>Du 26\/09\/2025 au 06\/10\/2025<a href=\"https:\/\/www.jds.fr\/marseille\/parc-expo\/parc-chanot-marseille-14857_L\" class=\"lieu font-size-14 text-gray-700 d-block lh-sm my-1\" rel=\"nofollow noopener\" target=\"_blank\"> Parc Chanot &#8211; Marseille<\/a>Rendez-vous incontournable de la rentr\u00e9e, la Foire de Marseille fait son grand retour au Parc Chanot du 26 septembre au 6 octobre 2025. Avec pr\u00e8s de 1000 exposants et [\u2026]<a class=\"image\" href=\"https:\/\/www.jds.fr\/marseille\/foires-et-salons\/foires\/foire-internationale-marseille-170866_A\" rel=\"nofollow noopener\" target=\"_blank\"><img decoding=\"async\" loading=\"lazy\" src=\"https:\/\/www.europesays.com\/fr\/wp-content\/uploads\/2025\/09\/foire-internationale-de-marseille-6-243339-180-180.webp.webp\" width=\"180\" height=\"180\" alt=\"Foire de Marseille 2025\" class=\"border\"\/><\/a><\/li>\n<li class=\"li_gp_div li_gp_div_infeed\"\/>\n<li class=\"col-12 pt-4\" data-view-id-type=\"1\" data-view-id=\"1084516\" data-view-bc=\"0\"><a class=\"d-block titre text-black mb-1 mb-md-2\" href=\"https:\/\/www.jds.fr\/marseille\/foires-et-salons\/foires\/1er-show-du-paranormal-1084516_A\" rel=\"nofollow noopener\" target=\"_blank\">1er Show du Paranormal<\/a>Le 27\/09\/2025<a href=\"https:\/\/www.jds.fr\/marseille\/martigues\/salles-spectacle\/halle-martigues-14839_L\" class=\"lieu font-size-14 text-gray-700 d-block lh-sm my-1\" rel=\"nofollow noopener\" target=\"_blank\"> La Halle de Martigues<\/a>1er Show du Paranormal, un \u00e9v\u00e9nement \u00e0 voir \u00e0 Marseille (La Halle de Martigues Martigues), le 27 septembre 2025. Toutes les informations pratiques (tarifs, billetterie, plan de [\u2026]<a class=\"image\" href=\"https:\/\/www.jds.fr\/marseille\/foires-et-salons\/foires\/1er-show-du-paranormal-1084516_A\" rel=\"nofollow noopener\" target=\"_blank\"><img decoding=\"async\" loading=\"lazy\" src=\"https:\/\/www.europesays.com\/fr\/wp-content\/uploads\/2025\/09\/1757542757_282_\" width=\"180\" height=\"180\" alt=\"1er Show du Paranormal\"\/><\/a><\/li>\n<li class=\"col-12 pt-4\" data-view-id-type=\"1\" data-view-id=\"1161181\" data-view-bc=\"0\"><a class=\"image\" href=\"https:\/\/www.jds.fr\/marseille\/foires-et-salons\/foires\/le-salon-artemisia-dedie-au-bio-et-au-bien-etre-revient-a-marseille-1161181_A\" rel=\"nofollow noopener\" target=\"_blank\"><img decoding=\"async\" loading=\"lazy\" src=\"https:\/\/www.europesays.com\/fr\/wp-content\/uploads\/2025\/09\/0-59657200-1757430126-713872-180-180.webp.webp\" width=\"180\" height=\"180\" alt=\"Le salon Artemisia d\u00e9di\u00e9 au bio et au bien-\u00eatre revient \u00e0 Marseille\" class=\"border\"\/><\/a><\/li>\n<li class=\"col-12 pt-4\" data-view-id-type=\"1\" data-view-id=\"170820\" data-view-bc=\"0\"><a class=\"d-block titre text-black mb-1 mb-md-2\" href=\"https:\/\/www.jds.fr\/marseille\/foires-et-salons\/foires\/herofestival-marseille-170820_A\" rel=\"nofollow noopener\" target=\"_blank\">HeroFestival Marseille 2025<\/a>Du 08\/11\/2025 au 09\/11\/2025<a href=\"https:\/\/www.jds.fr\/marseille\/parc-expo\/parc-chanot-marseille-14857_L\" class=\"lieu font-size-14 text-gray-700 d-block lh-sm my-1\" rel=\"nofollow noopener\" target=\"_blank\"> Parc Chanot &#8211; Marseille<\/a>Le HeroFestival Marseille est de retour les 8 et 9 novembre 2025 &#8211; apr\u00e8s son \u00e9dition anniversaire qui a attir\u00e9 plus de 40 000 visiteurs. Cette ann\u00e9e [\u2026]<a class=\"image\" href=\"https:\/\/www.jds.fr\/marseille\/foires-et-salons\/foires\/herofestival-marseille-170820_A\" rel=\"nofollow noopener\" target=\"_blank\"><img decoding=\"async\" loading=\"lazy\" src=\"https:\/\/www.europesays.com\/fr\/wp-content\/uploads\/2025\/09\/herofestival-marseille-146933-180-180.webp.webp\" width=\"180\" height=\"180\" alt=\"HeroFestival Marseille 2025\" class=\"border\"\/><\/a><\/li>\n<li class=\"col-12 pt-4\" data-view-id-type=\"1\" data-view-id=\"374258\" data-view-bc=\"0\"><a class=\"image\" href=\"https:\/\/www.jds.fr\/marseille\/foires-et-salons\/foires\/salon-bien-etre-medecines-douces-arts-divinatoires-a-aubagne-374258_A\" rel=\"nofollow noopener\" target=\"_blank\"><img decoding=\"async\" loading=\"lazy\" src=\"https:\/\/www.europesays.com\/fr\/wp-content\/uploads\/2025\/09\/0-86368000-1753792095-685011-180-180.webp.webp\" width=\"180\" height=\"180\" alt=\"Salon Bien-\u00eatre, M\u00e9decines Douces, Arts Divinatoires \u00e0 Aubagne\" class=\"border\"\/><\/a><\/li>\n<li class=\"li_gp_div li_gp_div_infeed\"\/>\n<li class=\"col-12 pt-4\" data-view-id-type=\"1\" data-view-id=\"170815\" data-view-bc=\"0\"><a class=\"image\" href=\"https:\/\/www.jds.fr\/marseille\/foires-et-salons\/foires\/savim-marseille-170815_A\" rel=\"nofollow noopener\" target=\"_blank\"><img decoding=\"async\" loading=\"lazy\" src=\"https:\/\/www.europesays.com\/fr\/wp-content\/uploads\/2025\/09\/salon-des-vignerons-et-de-la-gastronomie-savim-a-m-5-289759-180-180.webp.webp\" width=\"180\" height=\"180\" alt=\"SAVIM Marseille 2025 : salon des vignerons et de la gastronomie\" class=\"border\"\/><\/a><\/li>\n<li class=\"col-12 pt-4\" data-view-id-type=\"1\" data-view-id=\"620290\" data-view-bc=\"0\"><a class=\"d-block titre text-black mb-1 mb-md-2\" href=\"https:\/\/www.jds.fr\/marseille\/foires-et-salons\/foires\/art3f-marseille-620290_A\" rel=\"nofollow noopener\" target=\"_blank\">art3f Marseille<\/a>Du 28\/11\/2025 au 30\/11\/2025<a href=\"https:\/\/www.jds.fr\/marseille\/parc-expo\/parc-chanot-marseille-14857_L\" class=\"lieu font-size-14 text-gray-700 d-block lh-sm my-1\" rel=\"nofollow noopener\" target=\"_blank\"> Parc Chanot &#8211; Marseille<\/a>Plongez dans trois jours d\u2019effervescence artistique o\u00f9 talents \u00e9mergents et confirm\u00e9s se rencontreront pour c\u00e9l\u00e9brer l\u2019art sous [\u2026]<a class=\"image\" href=\"https:\/\/www.jds.fr\/marseille\/foires-et-salons\/foires\/art3f-marseille-620290_A\" rel=\"nofollow noopener\" target=\"_blank\"><img decoding=\"async\" loading=\"lazy\" src=\"https:\/\/www.europesays.com\/fr\/wp-content\/uploads\/2025\/09\/0-65423900-1724158171-507296-180-180.webp.webp\" width=\"180\" height=\"180\" alt=\"art3f Marseille\" class=\"border\"\/><\/a><\/li>\n<li class=\"col-12 pt-4\" data-view-id-type=\"1\" data-view-id=\"170837\" data-view-bc=\"0\"><a class=\"image\" href=\"https:\/\/www.jds.fr\/marseille\/foires-et-salons\/foires\/japan-expo-sud-marseille-170837_A\" rel=\"nofollow noopener\" target=\"_blank\"><img decoding=\"async\" loading=\"lazy\" src=\"https:\/\/www.europesays.com\/fr\/wp-content\/uploads\/2025\/09\/japan-expo-sud-a-marseille-1-146961-180-180.webp.webp\" width=\"180\" height=\"180\" alt=\"Japan Expo \u00e0 Marseille 2026\" class=\"border\"\/><\/a><\/li>\n<li class=\"col-12 pt-4\" data-view-id-type=\"1\" data-view-id=\"170872\" data-view-bc=\"0\"><a class=\"image\" href=\"https:\/\/www.jds.fr\/marseille\/foires-et-salons\/foires\/salon-moto-marseille-170872_A\" rel=\"nofollow noopener\" target=\"_blank\"><img decoding=\"async\" loading=\"lazy\" src=\"https:\/\/www.europesays.com\/fr\/wp-content\/uploads\/2025\/09\/salon-de-la-moto-du-scooter-et-du-quad-a-marseille-2-222757-180-180.webp.webp\" width=\"180\" height=\"180\" alt=\"Salon de la moto \u00e0 Marseille 2026\" class=\"border\"\/><\/a><\/li>\n<li class=\"li_gp_div li_gp_div_infeed\"\/>\n<li class=\"col-12 pt-4\" data-view-id-type=\"1\" data-view-id=\"170862\" data-view-bc=\"0\"><a class=\"d-block titre text-black mb-1 mb-md-2\" href=\"https:\/\/www.jds.fr\/marseille\/foires-et-salons\/foires\/siac-marseille-170862_A\" rel=\"nofollow noopener\" target=\"_blank\">SIAC Marseille 2026<\/a>Du 20\/03\/2026 au 23\/03\/2026<a href=\"https:\/\/www.jds.fr\/marseille\/parc-expo\/parc-chanot-marseille-14857_L\" class=\"lieu font-size-14 text-gray-700 d-block lh-sm my-1\" rel=\"nofollow noopener\" target=\"_blank\"> Parc Chanot &#8211; Marseille<\/a>Le Salon International d&rsquo;Art Contemporain &#8211; SIAC Marseille est devenu l&rsquo;\u00e9v\u00e8nement artistique incontournable du printemps dans la cit\u00e9 phoc\u00e9enne. Sa [\u2026]<a class=\"image\" href=\"https:\/\/www.jds.fr\/marseille\/foires-et-salons\/foires\/siac-marseille-170862_A\" rel=\"nofollow noopener\" target=\"_blank\"><img decoding=\"async\" loading=\"lazy\" src=\"https:\/\/www.europesays.com\/fr\/wp-content\/uploads\/2025\/09\/siac-marseille-4-280384-180-180.webp.webp\" width=\"180\" height=\"180\" alt=\"SIAC Marseille 2026\" class=\"border\"\/><\/a><\/li>\n<\/ul>\n<p class=\"font-size-30 fw-bold lh-1 mt-0 mb-4\">Je trouve les meilleures sorties dans ma ville<\/p>\n<p>Les actualit\u00e9s \u00e0  Marseille<\/p>\n<ul class=\"mt-3 list-unstyled list-articles-v2\">\n<li class=\"col-12 pt-4\" data-view-id-type=\"1\" data-view-id=\"1162483\" data-view-bc=\"0\"><a class=\"image\" href=\"https:\/\/www.jds.fr\/marseille\/magazine\/sorties-du-week-end\/marseille-7-idees-sorties-sympa-pour-ce-week-end-12-au-14-septembre-1162483_A\" rel=\"nofollow noopener\" target=\"_blank\"><img decoding=\"async\" loading=\"lazy\" src=\"https:\/\/www.europesays.com\/fr\/wp-content\/uploads\/2025\/09\/ete-marseillais-photo-illustration-canva-714474-180-180.webp.webp\" width=\"180\" height=\"180\" alt=\"Marseille : 7 id\u00e9es sorties sympa pour ce week-end (12 au 14 septembre)\" class=\"border\"\/><\/a><\/li>\n<li class=\"col-12 pt-4\" data-view-id-type=\"1\" data-view-id=\"1132761\" data-view-bc=\"0\"><a class=\"image\" href=\"https:\/\/www.jds.fr\/marseille\/magazine\/actu-magazine\/5-expositions-marseillaises-qui-vont-enchanter-votre-rentree-2025-1132761_A\" rel=\"nofollow noopener\" target=\"_blank\"><img decoding=\"async\" loading=\"lazy\" src=\"https:\/\/www.europesays.com\/fr\/wp-content\/uploads\/2025\/09\/5-expositions-marseillaises-qui-vont-enchanter-vot-698096-180-180.webp.webp\" width=\"180\" height=\"180\" alt=\"5 expositions marseillaises qui vont enchanter votre rentr\u00e9e 2025\" class=\"border\"\/><\/a><\/li>\n<\/ul>\n<p><a href=\"https:\/\/www.jds.fr\/marseille\/magazine\/\" class=\"btn btn-outline-primary py-2 px-4\" rel=\"nofollow noopener\" target=\"_blank\">Voir toutes les actualit\u00e9s \u00e0  Marseille<\/a><\/p>\n<p class=\"mt-0 mb-3 h2\">Newsletter JDS Marseille<\/p>\n<p class=\"font-size-18 fw-normal lh-sm\">Pr\u00eat pour un week-end de folie\u00a0? Chaque jeudi tous les bons plans sorties<\/p>\n","protected":false},"excerpt":{"rendered":"Le 29\/09\/2025 World Trade Center Marseille Provence, 2 rue Henri Barbusse | Marseille Gratuit Comme chaque ann\u00e9e depuis&hellip;\n","protected":false},"author":2,"featured_media":381282,"comment_status":"","ping_status":"","sticky":false,"template":"","format":"standard","meta":{"footnotes":""},"categories":[2814],"tags":[1111,11,1777,674,1011,27,884,12,882,25],"class_list":{"0":"post-381281","1":"post","2":"type-post","3":"status-publish","4":"format-standard","5":"has-post-thumbnail","7":"category-marseille","8":"tag-actu","9":"tag-actualites","10":"tag-eu","11":"tag-europe","12":"tag-fr","13":"tag-france","14":"tag-marseille","15":"tag-news","16":"tag-provence-alpes-cote-dazur","17":"tag-republique-francaise"},"share_on_mastodon":{"url":"https:\/\/pubeurope.com\/@fr\/115182330495262196","error":""},"_links":{"self":[{"href":"https:\/\/www.europesays.com\/fr\/wp-json\/wp\/v2\/posts\/381281","targetHints":{"allow":["GET"]}}],"collection":[{"href":"https:\/\/www.europesays.com\/fr\/wp-json\/wp\/v2\/posts"}],"about":[{"href":"https:\/\/www.europesays.com\/fr\/wp-json\/wp\/v2\/types\/post"}],"author":[{"embeddable":true,"href":"https:\/\/www.europesays.com\/fr\/wp-json\/wp\/v2\/users\/2"}],"replies":[{"embeddable":true,"href":"https:\/\/www.europesays.com\/fr\/wp-json\/wp\/v2\/comments?post=381281"}],"version-history":[{"count":0,"href":"https:\/\/www.europesays.com\/fr\/wp-json\/wp\/v2\/posts\/381281\/revisions"}],"wp:featuredmedia":[{"embeddable":true,"href":"https:\/\/www.europesays.com\/fr\/wp-json\/wp\/v2\/media\/381282"}],"wp:attachment":[{"href":"https:\/\/www.europesays.com\/fr\/wp-json\/wp\/v2\/media?parent=381281"}],"wp:term":[{"taxonomy":"category","embeddable":true,"href":"https:\/\/www.europesays.com\/fr\/wp-json\/wp\/v2\/categories?post=381281"},{"taxonomy":"post_tag","embeddable":true,"href":"https:\/\/www.europesays.com\/fr\/wp-json\/wp\/v2\/tags?post=381281"}],"curies":[{"name":"wp","href":"https:\/\/api.w.org\/{rel}","templated":true}]}}