{"id":381283,"date":"2025-09-10T22:20:29","date_gmt":"2025-09-10T22:20:29","guid":{"rendered":"https:\/\/www.europesays.com\/fr\/381283\/"},"modified":"2025-09-10T22:20:29","modified_gmt":"2025-09-10T22:20:29","slug":"eurolinks-les-reformes-le-cortege-retour-sur-une-premiere-journee-de-mobilisation-a-marseille-et-dans-la-region","status":"publish","type":"post","link":"https:\/\/www.europesays.com\/fr\/381283\/","title":{"rendered":"Eurolinks, les R\u00e9form\u00e9s, le cort\u00e8ge &#8230;retour sur une premi\u00e8re journ\u00e9e de mobilisation \u00e0 Marseille et dans la r\u00e9gion"},"content":{"rendered":"<p class=\"article__intro\">Les premiers rassemblements \u00ab\u00a0de la col\u00e8re\u00a0\u00bb, \u00ab\u00a0Indignons nous\u00a0\u00bb ont d\u00e9marr\u00e9 vers 7 heures ce mercredi \u00e0 Marseille. Des petits groupes plut\u00f4t mobiles qui ont rejoint un point de d\u00e9part de manifestation aux R\u00e9form\u00e9s. 8000 personnes ont manifest\u00e9 jusqu&rsquo;au Vieux port, 80 000 selon la CGT, 30 000 selon un membre de l&rsquo;organisation.<\/p>\n<p>            Ce qu&rsquo;il faut savoir<\/p>\n<p>Ce mercredi 10 septembre, aura \u00e9t\u00e9 marqu\u00e9 par une journ\u00e9e de forte mobilisation \u00e0 Marseille et \u00e0 Savines-le-Lac dans les Hautes-Alpes. Si\u00a0les cort\u00e8ges ont fini par se disperser, des poubelles ont \u00e9t\u00e9 incendi\u00e9es, des tentatives d&rsquo;envahissement du Centre-Bousre ainsi que de la gare ont tourn\u00e9 court \u00e0 Marseille.\u00a0<\/p>\n<p>\u00c0 Arles il y a eu deux interpellations, alors qu&rsquo;\u00e0 Marseille, les forces de l&rsquo;ordre ont proc\u00e9d\u00e9 \u00e0 huit interpellations.\u00a0<\/p>\n<p>              Tout lire<\/p>\n","protected":false},"excerpt":{"rendered":"Les premiers rassemblements \u00ab\u00a0de la col\u00e8re\u00a0\u00bb, \u00ab\u00a0Indignons nous\u00a0\u00bb ont d\u00e9marr\u00e9 vers 7 heures ce mercredi \u00e0 Marseille. Des&hellip;\n","protected":false},"author":2,"featured_media":381284,"comment_status":"","ping_status":"","sticky":false,"template":"","format":"standard","meta":{"footnotes":""},"categories":[2814],"tags":[1111,11,1777,674,1011,27,884,12,882,25],"class_list":{"0":"post-381283","1":"post","2":"type-post","3":"status-publish","4":"format-standard","5":"has-post-thumbnail","7":"category-marseille","8":"tag-actu","9":"tag-actualites","10":"tag-eu","11":"tag-europe","12":"tag-fr","13":"tag-france","14":"tag-marseille","15":"tag-news","16":"tag-provence-alpes-cote-dazur","17":"tag-republique-francaise"},"share_on_mastodon":{"url":"https:\/\/pubeurope.com\/@fr\/115182333341171475","error":""},"_links":{"self":[{"href":"https:\/\/www.europesays.com\/fr\/wp-json\/wp\/v2\/posts\/381283","targetHints":{"allow":["GET"]}}],"collection":[{"href":"https:\/\/www.europesays.com\/fr\/wp-json\/wp\/v2\/posts"}],"about":[{"href":"https:\/\/www.europesays.com\/fr\/wp-json\/wp\/v2\/types\/post"}],"author":[{"embeddable":true,"href":"https:\/\/www.europesays.com\/fr\/wp-json\/wp\/v2\/users\/2"}],"replies":[{"embeddable":true,"href":"https:\/\/www.europesays.com\/fr\/wp-json\/wp\/v2\/comments?post=381283"}],"version-history":[{"count":0,"href":"https:\/\/www.europesays.com\/fr\/wp-json\/wp\/v2\/posts\/381283\/revisions"}],"wp:featuredmedia":[{"embeddable":true,"href":"https:\/\/www.europesays.com\/fr\/wp-json\/wp\/v2\/media\/381284"}],"wp:attachment":[{"href":"https:\/\/www.europesays.com\/fr\/wp-json\/wp\/v2\/media?parent=381283"}],"wp:term":[{"taxonomy":"category","embeddable":true,"href":"https:\/\/www.europesays.com\/fr\/wp-json\/wp\/v2\/categories?post=381283"},{"taxonomy":"post_tag","embeddable":true,"href":"https:\/\/www.europesays.com\/fr\/wp-json\/wp\/v2\/tags?post=381283"}],"curies":[{"name":"wp","href":"https:\/\/api.w.org\/{rel}","templated":true}]}}