{"id":381285,"date":"2025-09-10T22:21:16","date_gmt":"2025-09-10T22:21:16","guid":{"rendered":"https:\/\/www.europesays.com\/fr\/381285\/"},"modified":"2025-09-10T22:21:16","modified_gmt":"2025-09-10T22:21:16","slug":"lyon-un-jeune-homme-blesse-par-balles-en-pleine-journee-intervention-durgence-en-ville","status":"publish","type":"post","link":"https:\/\/www.europesays.com\/fr\/381285\/","title":{"rendered":"Lyon. Un jeune homme bless\u00e9 par balles en pleine journ\u00e9e, intervention d&rsquo;urgence en ville"},"content":{"rendered":"<p>            Par<br \/>\n        <strong><br \/>\n            <a href=\"https:\/\/actu.fr\/auteur\/anthony-soudani\" title=\"Consulter tous les articles de Anthony Soudani\" rel=\"nofollow noopener\" target=\"_blank\">Anthony Soudani<\/a><br \/>\n        <\/strong><\/p>\n<p>        Publi\u00e9 le<\/p>\n<p>            10 sept. 2025 \u00e0 18h43<br \/>\n        ; mis \u00e0 jour le 10 sept. 2025 \u00e0 19h05    <\/p>\n<p>Un <strong>homme \u00e2g\u00e9 d\u2019une vingtaine d\u2019ann\u00e9es<\/strong> a \u00e9t\u00e9 gri\u00e8vement bless\u00e9 par balles ce mercredi 10 septembre, \u00e0 <a href=\"https:\/\/actu.fr\/lyon\/\" rel=\"nofollow noopener\" target=\"_blank\">Lyon<\/a>. Il a \u00e9t\u00e9 pris en charge d\u2019urgence par les sapeurs-pompiers et le Samu en fin d\u2019apr\u00e8s-midi, \u00e0 17h50, rue Duguesclin.<\/p>\n<p>L\u2019auteur en fuite<\/p>\n<p class=\" wall-content\">Une tentative de r\u00e9animation aurait \u00e9t\u00e9 effectu\u00e9e par les secours sur place. Il a \u00e9t\u00e9 transport\u00e9 <strong>en urgence absolue<\/strong> \u00e0 l\u2019h\u00f4pital Edouard-Herriot.\u00a0<\/p>\n<p class=\" wall-content\">Selon nos informations exclusives, <strong>la victime aurait \u00e9t\u00e9 touch\u00e9e par cinq balles<\/strong> d\u2019arme \u00e0 feu et serait dans un \u00e9tat grave.<\/p>\n<p>    <a href=\"https:\/\/www.google.com\/maps\/embed?pb=!1m18!1m12!1m3!1d2783.37956622055!2d4.8457491766193455!3d45.76358291341288!2m3!1f0!2f0!3f0!3m2!1i1024!2i768!4f13.1!3m3!1m2!1s0x47f4ea5f81abaa77%3A0xde61e701136e5cd8!2sRue%20Duguesclin%2C%20Lyon!5e0!3m2!1sfr!2sfr!4v1757522038022!5m2!1sfr!2sfr\" title=\"Ouvrie le lien\" rel=\"nofollow noopener\" target=\"_blank\">Cliquez ici pour visualiser le contenu<\/a><\/p>\n<p class=\" wall-content\">L\u2019auteur, en fuite, est recherch\u00e9. Cette affaire ne serait pas li\u00e9e aux <a href=\"https:\/\/actu.fr\/auvergne-rhone-alpes\/lyon_69123\/direct-bloquons-tout-le-10-septembre-blocages-manifestations-suivez-la-journee-a-lyon_63136003.html\" rel=\"nofollow noopener\" target=\"_blank\">manifestations sauvages<\/a> de ce mercredi lors du mouvement <a href=\"https:\/\/actu.fr\/auvergne-rhone-alpes\/lyon_69123\/photos-bloquons-tout-a-lyon-la-manifestation-vire-en-violences-la-presqu-ile-ciblee_63143355.html\" rel=\"nofollow noopener\" target=\"_blank\">\u00ab\u00a0Bloquons tout\u00a0\u00bb<\/a>.\u00a0<\/p>\n<p class=\" wall-content\"><strong>Plus d\u2019informations \u00e0 suivre\u2026<\/strong><\/p>\n<p class=\" wall-content\">Personnalisez votre actualit\u00e9 en ajoutant vos villes et m\u00e9dias en favori avec <a href=\"https:\/\/moncompte.actu.fr\" title=\"D\u00e9couvez Mon Actu\" rel=\"nofollow noopener\" data-trk=\"{&quot;cta&quot;:{&quot;action&quot;:&quot;https:\\\/\\\/moncompte.actu.fr&quot;,&quot;category&quot;:&quot;mon compte&quot;,&quot;from&quot;:&quot;article footer&quot;,&quot;name&quot;:&quot;Mon actu&quot;,&quot;type&quot;:&quot;cta&quot;}}\" target=\"_blank\">Mon Actu<\/a>.<\/p>\n","protected":false},"excerpt":{"rendered":"Par Anthony Soudani Publi\u00e9 le 10 sept. 2025 \u00e0 18h43 ; mis \u00e0 jour le 10 sept. 2025&hellip;\n","protected":false},"author":2,"featured_media":381286,"comment_status":"","ping_status":"","sticky":false,"template":"","format":"standard","meta":{"footnotes":""},"categories":[1889],"tags":[1111,11,2430,1777,674,118,1011,27,2428,12,1072,1311,25],"class_list":{"0":"post-381285","1":"post","2":"type-post","3":"status-publish","4":"format-standard","5":"has-post-thumbnail","7":"category-lyon","8":"tag-actu","9":"tag-actualites","10":"tag-auvergne-rhone-alpes","11":"tag-eu","12":"tag-europe","13":"tag-faits-divers","14":"tag-fr","15":"tag-france","16":"tag-lyon","17":"tag-news","18":"tag-police","19":"tag-pompiers","20":"tag-republique-francaise"},"share_on_mastodon":{"url":"https:\/\/pubeurope.com\/@fr\/115182337050410157","error":""},"_links":{"self":[{"href":"https:\/\/www.europesays.com\/fr\/wp-json\/wp\/v2\/posts\/381285","targetHints":{"allow":["GET"]}}],"collection":[{"href":"https:\/\/www.europesays.com\/fr\/wp-json\/wp\/v2\/posts"}],"about":[{"href":"https:\/\/www.europesays.com\/fr\/wp-json\/wp\/v2\/types\/post"}],"author":[{"embeddable":true,"href":"https:\/\/www.europesays.com\/fr\/wp-json\/wp\/v2\/users\/2"}],"replies":[{"embeddable":true,"href":"https:\/\/www.europesays.com\/fr\/wp-json\/wp\/v2\/comments?post=381285"}],"version-history":[{"count":0,"href":"https:\/\/www.europesays.com\/fr\/wp-json\/wp\/v2\/posts\/381285\/revisions"}],"wp:featuredmedia":[{"embeddable":true,"href":"https:\/\/www.europesays.com\/fr\/wp-json\/wp\/v2\/media\/381286"}],"wp:attachment":[{"href":"https:\/\/www.europesays.com\/fr\/wp-json\/wp\/v2\/media?parent=381285"}],"wp:term":[{"taxonomy":"category","embeddable":true,"href":"https:\/\/www.europesays.com\/fr\/wp-json\/wp\/v2\/categories?post=381285"},{"taxonomy":"post_tag","embeddable":true,"href":"https:\/\/www.europesays.com\/fr\/wp-json\/wp\/v2\/tags?post=381285"}],"curies":[{"name":"wp","href":"https:\/\/api.w.org\/{rel}","templated":true}]}}