{"id":381287,"date":"2025-09-10T22:22:38","date_gmt":"2025-09-10T22:22:38","guid":{"rendered":"https:\/\/www.europesays.com\/fr\/381287\/"},"modified":"2025-09-10T22:22:38","modified_gmt":"2025-09-10T22:22:38","slug":"un-jeune-homme-grievement-blesse-par-balles-lauteur-des-tirs-recherche","status":"publish","type":"post","link":"https:\/\/www.europesays.com\/fr\/381287\/","title":{"rendered":"un jeune homme gri\u00e8vement bless\u00e9 par balles, l\u2019auteur des tirs recherch\u00e9"},"content":{"rendered":"<p>La victime a \u00e9t\u00e9 prise en charge en arr\u00eat cardio-respiratoire et transf\u00e9r\u00e9e \u00e0 l\u2019h\u00f4pital.<\/p>\n<p class=\"fig-paragraph\">Un homme de 22 ans se trouve dans un \u00e9tat critique mercredi soir apr\u00e8s avoir \u00e9t\u00e9 bless\u00e9,\u00a0<a href=\"http:\/\/www.lefigaro.fr\/lyon\/lyon-les-premieres-voitures-radar-privees-sur-les-routes-des-le-15-septembre-20250908\" data-fig-type=\"NewsFlash\" data-gtm-custom-categorie=\"navigation\" data-gtm-custom-action=\"crossclick\" data-gtm-custom-label=\"Contextuel\" data-gtm-event=\"customEventSPE\" data-fig-domain=\"LEFIGARO\" target=\"_blank\" rel=\"noopener\">\u00e0 Lyon<\/a>, par des tirs d\u2019armes \u00e0 feu dont le ou les auteurs restent en fuite, a indiqu\u00e9 le parquet.<\/p>\n<p class=\"fig-paragraph\">Aucun lien n\u2019est \u00e9tabli \u00e0 ce stade avec les manifestations du mouvement \u00abBloquons tout\u00bb, qui ont rassembl\u00e9 8000 personnes dans la ville et ont \u00e9t\u00e9 \u00e9maill\u00e9es d\u2019affrontements sporadiques avec les forces de l\u2019ordre et de d\u00e9gradations, a indiqu\u00e9 la pr\u00e9fecture.<\/p>\n<p>                                    <a class=\"fig-a11y-skip a11y-hidden\" href=\"#fig-a11y-skip-main-inarticle\"><br \/>\n        Passer la publicit\u00e9<br \/>\n    <\/a><\/p>\n<p>Enqu\u00eate ouverte<\/p>\n<p class=\"fig-paragraph\">La victime a \u00e9t\u00e9 prise en charge peu avant 18H00 en arr\u00eat cardio-respiratoire et transf\u00e9r\u00e9e \u00e0 l\u2019h\u00f4pital dans un \u00e9tat d\u2019urgence absolue, ont pr\u00e9cis\u00e9 les pompiers.<\/p>\n<p class=\"fig-paragraph\">Une enqu\u00eate pour tentative de meurtre a imm\u00e9diatement \u00e9t\u00e9 ouverte et, selon les premiers \u00e9l\u00e9ments recueillis, les tirs \u00abseraient survenus \u00e0 la suite d\u2019une rixe\u00bb, a pr\u00e9cis\u00e9 le parquet dans un communiqu\u00e9. Les investigations se poursuivent pour d\u00e9terminer les circonstances, les mobiles des faits, et en identifier les auteurs, a-t-il ajout\u00e9.<\/p>\n","protected":false},"excerpt":{"rendered":"La victime a \u00e9t\u00e9 prise en charge en arr\u00eat cardio-respiratoire et transf\u00e9r\u00e9e \u00e0 l\u2019h\u00f4pital. Un homme de 22&hellip;\n","protected":false},"author":2,"featured_media":381288,"comment_status":"","ping_status":"","sticky":false,"template":"","format":"standard","meta":{"footnotes":""},"categories":[1889],"tags":[1111,11,5141,2430,1777,674,1011,27,2428,12,25],"class_list":{"0":"post-381287","1":"post","2":"type-post","3":"status-publish","4":"format-standard","5":"has-post-thumbnail","7":"category-lyon","8":"tag-actu","9":"tag-actualites","10":"tag-arme-a-feu","11":"tag-auvergne-rhone-alpes","12":"tag-eu","13":"tag-europe","14":"tag-fr","15":"tag-france","16":"tag-lyon","17":"tag-news","18":"tag-republique-francaise"},"share_on_mastodon":{"url":"https:\/\/pubeurope.com\/@fr\/115182341110060407","error":""},"_links":{"self":[{"href":"https:\/\/www.europesays.com\/fr\/wp-json\/wp\/v2\/posts\/381287","targetHints":{"allow":["GET"]}}],"collection":[{"href":"https:\/\/www.europesays.com\/fr\/wp-json\/wp\/v2\/posts"}],"about":[{"href":"https:\/\/www.europesays.com\/fr\/wp-json\/wp\/v2\/types\/post"}],"author":[{"embeddable":true,"href":"https:\/\/www.europesays.com\/fr\/wp-json\/wp\/v2\/users\/2"}],"replies":[{"embeddable":true,"href":"https:\/\/www.europesays.com\/fr\/wp-json\/wp\/v2\/comments?post=381287"}],"version-history":[{"count":0,"href":"https:\/\/www.europesays.com\/fr\/wp-json\/wp\/v2\/posts\/381287\/revisions"}],"wp:featuredmedia":[{"embeddable":true,"href":"https:\/\/www.europesays.com\/fr\/wp-json\/wp\/v2\/media\/381288"}],"wp:attachment":[{"href":"https:\/\/www.europesays.com\/fr\/wp-json\/wp\/v2\/media?parent=381287"}],"wp:term":[{"taxonomy":"category","embeddable":true,"href":"https:\/\/www.europesays.com\/fr\/wp-json\/wp\/v2\/categories?post=381287"},{"taxonomy":"post_tag","embeddable":true,"href":"https:\/\/www.europesays.com\/fr\/wp-json\/wp\/v2\/tags?post=381287"}],"curies":[{"name":"wp","href":"https:\/\/api.w.org\/{rel}","templated":true}]}}