{"id":381289,"date":"2025-09-10T22:23:12","date_gmt":"2025-09-10T22:23:12","guid":{"rendered":"https:\/\/www.europesays.com\/fr\/381289\/"},"modified":"2025-09-10T22:23:12","modified_gmt":"2025-09-10T22:23:12","slug":"ile-de-france-plusieurs-dispositifs-pour-lutter-contre-les-suicides","status":"publish","type":"post","link":"https:\/\/www.europesays.com\/fr\/381289\/","title":{"rendered":"\u00cele-de-France\u00a0: plusieurs dispositifs pour lutter contre les suicides"},"content":{"rendered":"<p><img decoding=\"async\" class=\"\" style=\"width:100%\" src=\"https:\/\/www.europesays.com\/fr\/wp-content\/uploads\/2025\/09\/3114_prevention_suicide_imagelarge1698672412400.jpg\" alt=\"Num\u00e9ro de pr\u00e9vention du suicide\"\/><\/p>\n<p>Num\u00e9ro de pr\u00e9vention du suicide<\/p>\n<p>Cr\u00e9dit : Droits r\u00e9serv\u00e9s<\/p>\n<p lang=\"fr-FR\" style=\"margin-bottom: 0cm;\">Alors que le taux de suicide recule depuis vingt ans, la France reste l\u2019un des pays les plus touch\u00e9s en Europe. Dans la r\u00e9gion francilienne, 4 % des adultes d\u00e9clarent avoir d\u00e9j\u00e0 envisag\u00e9 le suicide et 6 % \u00eatre pass\u00e9s \u00e0 l\u2019acte, avec une surrepr\u00e9sentation des femmes ou des jeunes par exemple. Le Projet r\u00e9gional de sant\u00e9 (2023-2028) fait de la pr\u00e9vention un axe prioritaire. Deux dispositifs phares sont d\u00e9ploy\u00e9s : le 3114 (num\u00e9ro national accessible 24h\/24), qui a d\u00e9j\u00e0 pris en charge plus de 200.000 appels en \u00cele-de-France. L&rsquo;autre est VigilanS, un programme de suivi des personnes apr\u00e8s une tentative de suicide. Ce dernier a accompagn\u00e9 plus de 10.000 patients dans la r\u00e9gion.<\/p>\n<p lang=\"fr-FR\" style=\"margin-bottom: 0cm;\">\u00a0<\/p>\n<p style=\"margin-bottom: 0cm;\">Nicolas Chacun<\/p>\n<p>!function(f,b,e,v,n,t,s){if(f.fbq)return;n=f.fbq=function(){n.callMethod?<br \/>\nn.callMethod.apply(n,arguments):n.queue.push(arguments)};if(!f._fbq)f._fbq=n;<br \/>\nn.push=n;n.loaded=!0;n.version=&rsquo;2.0&prime;;n.queue=[];t=b.createElement(e);t.async=!0;<br \/>\nt.src=v;s=b.getElementsByTagName(e)[0];s.parentNode.insertBefore(t,s)}(window,<br \/>\ndocument,&rsquo;script&rsquo;,&rsquo;https:\/\/connect.facebook.net\/en_US\/fbevents.js&rsquo;);<br \/>\nfbq(&lsquo;init&rsquo;, &lsquo;278974969201861&rsquo;); \/\/ Insert your pixel ID here.<br \/>\nfbq(&lsquo;track&rsquo;, &lsquo;PageView&rsquo;);<\/p>\n","protected":false},"excerpt":{"rendered":"Num\u00e9ro de pr\u00e9vention du suicide Cr\u00e9dit : Droits r\u00e9serv\u00e9s Alors que le taux de suicide recule depuis vingt&hellip;\n","protected":false},"author":2,"featured_media":381290,"comment_status":"","ping_status":"","sticky":false,"template":"","format":"standard","meta":{"footnotes":""},"categories":[1592],"tags":[1111,11,1933,1936,1777,1939,674,1011,27,662,1934,12,1940,626,1935,25,1937,1941,1938],"class_list":{"0":"post-381289","1":"post","2":"type-post","3":"status-publish","4":"format-standard","5":"has-post-thumbnail","7":"category-ile-de-france","8":"tag-actu","9":"tag-actualites","10":"tag-actualites-locales","11":"tag-essonne","12":"tag-eu","13":"tag-eure-et-loir","14":"tag-europe","15":"tag-fr","16":"tag-france","17":"tag-ile-de-france","18":"tag-infos-locales","19":"tag-news","20":"tag-oise","21":"tag-paris","22":"tag-pres-de-chez-vous","23":"tag-republique-francaise","24":"tag-seine-et-marne","25":"tag-somme","26":"tag-yvelines"},"share_on_mastodon":{"url":"https:\/\/pubeurope.com\/@fr\/115182344991066059","error":""},"_links":{"self":[{"href":"https:\/\/www.europesays.com\/fr\/wp-json\/wp\/v2\/posts\/381289","targetHints":{"allow":["GET"]}}],"collection":[{"href":"https:\/\/www.europesays.com\/fr\/wp-json\/wp\/v2\/posts"}],"about":[{"href":"https:\/\/www.europesays.com\/fr\/wp-json\/wp\/v2\/types\/post"}],"author":[{"embeddable":true,"href":"https:\/\/www.europesays.com\/fr\/wp-json\/wp\/v2\/users\/2"}],"replies":[{"embeddable":true,"href":"https:\/\/www.europesays.com\/fr\/wp-json\/wp\/v2\/comments?post=381289"}],"version-history":[{"count":0,"href":"https:\/\/www.europesays.com\/fr\/wp-json\/wp\/v2\/posts\/381289\/revisions"}],"wp:featuredmedia":[{"embeddable":true,"href":"https:\/\/www.europesays.com\/fr\/wp-json\/wp\/v2\/media\/381290"}],"wp:attachment":[{"href":"https:\/\/www.europesays.com\/fr\/wp-json\/wp\/v2\/media?parent=381289"}],"wp:term":[{"taxonomy":"category","embeddable":true,"href":"https:\/\/www.europesays.com\/fr\/wp-json\/wp\/v2\/categories?post=381289"},{"taxonomy":"post_tag","embeddable":true,"href":"https:\/\/www.europesays.com\/fr\/wp-json\/wp\/v2\/tags?post=381289"}],"curies":[{"name":"wp","href":"https:\/\/api.w.org\/{rel}","templated":true}]}}